{"id":601496,"date":"2025-12-15T20:10:29","date_gmt":"2025-12-15T20:10:29","guid":{"rendered":"https:\/\/www.europesays.com\/fr\/601496\/"},"modified":"2025-12-15T20:10:29","modified_gmt":"2025-12-15T20:10:29","slug":"de-rennes-a-new-york-le-documentaire-mamie-marathon-suit-le-parcours-danne-marie","status":"publish","type":"post","link":"https:\/\/www.europesays.com\/fr\/601496\/","title":{"rendered":"De Rennes \u00e0 New York, le documentaire \u00ab\u00a0Mamie Marathon\u00a0\u00bb suit le parcours d\u2019Anne-Marie"},"content":{"rendered":"<p>Ce lundi 22\u00a0d\u00e9cembre 2025, le documentaire Mamie Marathon sera projet\u00e9 au cin\u00e9ma Le Foyer \u00e0 Acign\u00e9 et mis en ligne sur le site de Ouest-France.<\/p>\n<p>R\u00e9alis\u00e9 par Nicolas Midavaine, ce film de vingt-quatre\u00a0minutes retrace le parcours d\u2019<a href=\"https:\/\/rennes.maville.com\/sport\/detail_-a-84-ans-elle-fera-l-urban-trail-de-rennes-chaque-monument-me-rappelle-les-etapes-de-ma-vie-_7-6779902_actu.Htm\" target=\"_blank\" rel=\"noopener\">Anne-Marie Girard<\/a>. Du haut de ses 84\u00a0ans, <a href=\"https:\/\/rennes.maville.com\/sport\/detail_-cette-rennaise-de-84-ans-va-participer-au-marathon-de-new-york-ce-sera-mon-dernier-_7-7013875_actu.Htm\" target=\"_blank\" rel=\"noopener\">cette coureuse rennaise a pris le d\u00e9part du marathon de New York le 2\u00a0novembre 2025<\/a>. \u00c0 l\u2019occasion, le r\u00e9alisateur a pu la suivre dans sa pr\u00e9paration pour son 34e marathon.<\/p>\n<p>\t<img decoding=\"async\" src=\"https:\/\/www.europesays.com\/fr\/wp-content\/uploads\/2025\/12\/P35641618D7110655G_px_640_.jpg\" alt=\"photo habitu\u00e9e \u00e0 courir dans le parc du thabor \u00e0 rennes (ille-et-vilaine), anne-marie girard, du haut de ses 84\u00a0ans, a fait l\u2019objet d\u2019un documentaire retra\u00e7ant sa pr\u00e9paration pour le marathon de new-york, le 2\u00a0novembre 2025.  \u00a9  thomas br\u00e9gardis \/ ouest-france\" width=\"640\" title=\" Habitu\u00e9e \u00e0 courir dans le parc du Thabor \u00e0 Rennes (Ille-et-Vilaine), Anne-Marie Girard, du haut de ses 84\u00a0ans, a fait l\u2019objet d\u2019un documentaire retra\u00e7ant sa pr\u00e9paration pour le marathon de New-York, le 2\u00a0novembre 2025.   Thomas Br\u00e9gardis \/ Ouest-France \"\/><\/p>\n<p class=\"elmt-legende\"> Habitu\u00e9e \u00e0 courir dans le parc du Thabor \u00e0 Rennes (Ille-et-Vilaine), Anne-Marie Girard, du haut de ses 84\u00a0ans, a fait l\u2019objet d\u2019un documentaire retra\u00e7ant sa pr\u00e9paration pour le marathon de New-York, le 2\u00a0novembre 2025.   Thomas Br\u00e9gardis \/ Ouest-France <\/p>\n<p>\u00ab\u00a0Une bonne th\u00e9rapie\u00a0\u00bb<\/p>\n<p>En participant \u00e0 cette course mythique avec son petit-fils, cette Rennaise\u00a0transmet une \u00e9nergie contagieuse, un message o\u00f9 se m\u00ealent volont\u00e9 et optimisme, comme elle l\u2019explique d\u00e8s les premi\u00e8res minutes du film\u00a0: \u00a0Vos probl\u00e8mes\u00a0? Vous partez puis vous revenez et vous ne les voyez plus pareil. C\u2019est une bonne th\u00e9rapie\u00a0!\u00a0<\/p>\n<p><strong>Lundi 22\u00a0d\u00e9cembre 2025<\/strong>, \u00e0 18\u00a0h\u00a015 au cin\u00e9ma Le Foyer, \u00e0 Acign\u00e9. Tentez de gagner vos places sur <a href=\"https:\/\/laplace.ouest-france.fr\/blog\/2025\/12\/05\/profitez-de-lavant-premiere-de-mamie-marathon-au-cinema-dacigne\/\" target=\"_blank\" rel=\"noopener\">le site de Ouest-France<\/a> ou r\u00e9servez sur <a href=\"https:\/\/acignelefoyer.cine.boutique\/media\/1527?showId=5565&amp;title=MAMIE+MARATHON\" target=\"_blank\" rel=\"noopener\">le site web du cin\u00e9ma<\/a>. Tarif\u00a0: 3,70\u00a0\u20ac<\/p>\n<p>\u00a0<\/p>\n","protected":false},"excerpt":{"rendered":"Ce lundi 22\u00a0d\u00e9cembre 2025, le documentaire Mamie Marathon sera projet\u00e9 au cin\u00e9ma Le Foyer \u00e0 Acign\u00e9 et mis&hellip;\n","protected":false},"author":2,"featured_media":601497,"comment_status":"","ping_status":"","sticky":false,"template":"","format":"standard","meta":{"footnotes":""},"categories":[2821],"tags":[1111,11,3809,1465,829,1777,674,63,1011,27,1792,1922,12,584,25,479,3728,517,1470],"class_list":{"0":"post-601496","1":"post","2":"type-post","3":"status-publish","4":"format-standard","5":"has-post-thumbnail","7":"category-rennes","8":"tag-actu","9":"tag-actualites","10":"tag-ball","11":"tag-basket","12":"tag-bretagne","13":"tag-eu","14":"tag-europe","15":"tag-football","16":"tag-fr","17":"tag-france","18":"tag-handball","19":"tag-info","20":"tag-news","21":"tag-rennes","22":"tag-republique-francaise","23":"tag-rugby","24":"tag-saint-malo","25":"tag-sport","26":"tag-volley"},"share_on_mastodon":{"url":"https:\/\/pubeurope.com\/@fr\/115725404034983039","error":""},"_links":{"self":[{"href":"https:\/\/www.europesays.com\/fr\/wp-json\/wp\/v2\/posts\/601496","targetHints":{"allow":["GET"]}}],"collection":[{"href":"https:\/\/www.europesays.com\/fr\/wp-json\/wp\/v2\/posts"}],"about":[{"href":"https:\/\/www.europesays.com\/fr\/wp-json\/wp\/v2\/types\/post"}],"author":[{"embeddable":true,"href":"https:\/\/www.europesays.com\/fr\/wp-json\/wp\/v2\/users\/2"}],"replies":[{"embeddable":true,"href":"https:\/\/www.europesays.com\/fr\/wp-json\/wp\/v2\/comments?post=601496"}],"version-history":[{"count":0,"href":"https:\/\/www.europesays.com\/fr\/wp-json\/wp\/v2\/posts\/601496\/revisions"}],"wp:featuredmedia":[{"embeddable":true,"href":"https:\/\/www.europesays.com\/fr\/wp-json\/wp\/v2\/media\/601497"}],"wp:attachment":[{"href":"https:\/\/www.europesays.com\/fr\/wp-json\/wp\/v2\/media?parent=601496"}],"wp:term":[{"taxonomy":"category","embeddable":true,"href":"https:\/\/www.europesays.com\/fr\/wp-json\/wp\/v2\/categories?post=601496"},{"taxonomy":"post_tag","embeddable":true,"href":"https:\/\/www.europesays.com\/fr\/wp-json\/wp\/v2\/tags?post=601496"}],"curies":[{"name":"wp","href":"https:\/\/api.w.org\/{rel}","templated":true}]}}