{"id":601498,"date":"2025-12-15T20:11:15","date_gmt":"2025-12-15T20:11:15","guid":{"rendered":"https:\/\/www.europesays.com\/fr\/601498\/"},"modified":"2025-12-15T20:11:15","modified_gmt":"2025-12-15T20:11:15","slug":"reichstett-une-equipe-soudee-pour-redonner-vie-a-un-verger","status":"publish","type":"post","link":"https:\/\/www.europesays.com\/fr\/601498\/","title":{"rendered":"Reichstett. Une \u00e9quipe soud\u00e9e pour redonner vie \u00e0 un verger"},"content":{"rendered":"<p>Des arboriculteurs, des apiculteurs, le maire Georges Schuler, les \u00e9lus, les repr\u00e9sentants de la CEA, l\u2019\u00e9quipe technique de la Ville, ainsi que des habitants, venus en voisins\u00a0: tous ont r\u00e9pondu pr\u00e9sent pour redonner vie \u00e0 un verger.<\/p>\n<p>Les \u00e9lus expliquent\u00a0: \u00ab\u00a0Ce terrain de 17 ares, un verger traditionnel de nos villages paysans avec sa grange et son s\u00e9choir \u00e0 tabac, a \u00e9t\u00e9 c\u00e9d\u00e9 \u00e0 la mairie par Charles Hirth. Un terrain tout en long qui va du&#8230;<\/p>\n","protected":false},"excerpt":{"rendered":"Des arboriculteurs, des apiculteurs, le maire Georges Schuler, les \u00e9lus, les repr\u00e9sentants de la CEA, l\u2019\u00e9quipe technique de&hellip;\n","protected":false},"author":2,"featured_media":601499,"comment_status":"","ping_status":"","sticky":false,"template":"","format":"standard","meta":{"footnotes":""},"categories":[2820],"tags":[1111,11,2880,436,1777,674,1011,27,775,12,7092,25,640,3265],"class_list":{"0":"post-601498","1":"post","2":"type-post","3":"status-publish","4":"format-standard","5":"has-post-thumbnail","7":"category-strasbourg","8":"tag-actu","9":"tag-actualites","10":"tag-edition-strasbourg","11":"tag-environnement","12":"tag-eu","13":"tag-europe","14":"tag-fr","15":"tag-france","16":"tag-grand-est","17":"tag-news","18":"tag-reichstett","19":"tag-republique-francaise","20":"tag-strasbourg","21":"tag-strasbourg-nord"},"share_on_mastodon":{"url":"https:\/\/pubeurope.com\/@fr\/115725407697422165","error":""},"_links":{"self":[{"href":"https:\/\/www.europesays.com\/fr\/wp-json\/wp\/v2\/posts\/601498","targetHints":{"allow":["GET"]}}],"collection":[{"href":"https:\/\/www.europesays.com\/fr\/wp-json\/wp\/v2\/posts"}],"about":[{"href":"https:\/\/www.europesays.com\/fr\/wp-json\/wp\/v2\/types\/post"}],"author":[{"embeddable":true,"href":"https:\/\/www.europesays.com\/fr\/wp-json\/wp\/v2\/users\/2"}],"replies":[{"embeddable":true,"href":"https:\/\/www.europesays.com\/fr\/wp-json\/wp\/v2\/comments?post=601498"}],"version-history":[{"count":0,"href":"https:\/\/www.europesays.com\/fr\/wp-json\/wp\/v2\/posts\/601498\/revisions"}],"wp:featuredmedia":[{"embeddable":true,"href":"https:\/\/www.europesays.com\/fr\/wp-json\/wp\/v2\/media\/601499"}],"wp:attachment":[{"href":"https:\/\/www.europesays.com\/fr\/wp-json\/wp\/v2\/media?parent=601498"}],"wp:term":[{"taxonomy":"category","embeddable":true,"href":"https:\/\/www.europesays.com\/fr\/wp-json\/wp\/v2\/categories?post=601498"},{"taxonomy":"post_tag","embeddable":true,"href":"https:\/\/www.europesays.com\/fr\/wp-json\/wp\/v2\/tags?post=601498"}],"curies":[{"name":"wp","href":"https:\/\/api.w.org\/{rel}","templated":true}]}}