{"id":601506,"date":"2025-12-15T20:15:30","date_gmt":"2025-12-15T20:15:30","guid":{"rendered":"https:\/\/www.europesays.com\/fr\/601506\/"},"modified":"2025-12-15T20:15:30","modified_gmt":"2025-12-15T20:15:30","slug":"apres-la-tempete-la-formation-des-profs-de-danse-et-de-musique-se-reorganise-dans-louest","status":"publish","type":"post","link":"https:\/\/www.europesays.com\/fr\/601506\/","title":{"rendered":"Apr\u00e8s la temp\u00eate, la formation des profs de danse et de musique se r\u00e9organise dans l\u2019Ouest"},"content":{"rendered":"<p>Le Pont sup\u00e9rieur forme sur ses deux sites de Rennes (Ille-et-Vilaine) et Nantes (Pays de la Loire) des musiciens et danseurs qui enseigneront dans les conservatoires, \u00e9coles de musique et de danse. Mais \u00e0 la rentr\u00e9e de septembre\u00a02025, le recrutement de nouveaux \u00e9tudiants n\u2019a pas eu lieu.<\/p>\n<p>En cause,<a href=\"https:\/\/rennes.maville.com\/actu\/actudet_-en-bretagne-la-formation-des-profs-de-danse-et-de-musique-victime-du-retrait-des-pays-de-la-loire-_52674-6769753_actu.Htm\" target=\"_self\" rel=\"noopener\"> l\u2019annonce du d\u00e9sengagement de la r\u00e9gion des Pays de la Loire<\/a>, qui finan\u00e7ait comme la r\u00e9gion Bretagne \u00e0 hauteur de 300\u00a0000\u00a0\u20ac. \u00a0Un choc, se souvient Ga\u00eblle Le Stradic, vice-pr\u00e9sidente de la r\u00e9gion Bretagne en charge de la culture. Mais quand on se mobilise collectivement, la culture tient bon.\u00a0 Le navire a tangu\u00e9 \u00e0 une p\u00e9riode, o\u00f9 ni l\u2019\u00c9tat qui finance \u00e0 hauteur de 1,1\u00a0million d\u2019euros, ni la r\u00e9gion Bretagne n\u2019\u00e9taient en capacit\u00e9 d\u2019augmenter leur soutien financier.<\/p>\n<p>\u00a0Il a fallu trouver des \u00e9conomies, explique Quentin Jagorel, le directeur r\u00e9gional des affaires culturelles en Bretagne. En pr\u00e9servant une \u00e9quit\u00e9 territoriale dans un Grand ouest o\u00f9 il n\u2019y a pas \u00e9norm\u00e9ment d\u2019\u00e9tablissements publics d\u2019enseignement sup\u00e9rieur.\u00a0 La ville de Rennes continue de mettre des locaux gracieusement \u00e0 disposition au conservatoire du Blosne, la Ville de Nantes assure aussi de son soutien.<\/p>\n<p>\t<img decoding=\"async\" src=\"https:\/\/www.europesays.com\/fr\/wp-content\/uploads\/2025\/12\/P35641313D7110462G_px_640_.jpg\" alt=\"photo quentin jagorel, directeur r\u00e9gional des affaires culturelles en bretagne\u00a0; ga\u00eblle le stradic, vice-pr\u00e9sidente de la r\u00e9gion bretagne en charge de la culture\u00a0; fran\u00e7oise rubellin, pr\u00e9sidente du pont sup\u00e9rieur\u00a0; michel cocotier, conseiller municipal au d\u00e9veloppement des pratiques artistiques de la ville de nantes, et beno\u00eet careil, adjoint d\u00e9l\u00e9gu\u00e9 \u00e0 la culture de la ville de rennes.  \u00a9  ouest-france\" width=\"640\" title=\" Quentin Jagorel, directeur r\u00e9gional des affaires culturelles en Bretagne\u00a0; Ga\u00eblle Le Stradic, vice-pr\u00e9sidente de la r\u00e9gion Bretagne en charge de la culture\u00a0; Fran\u00e7oise Rubellin, pr\u00e9sidente du Pont sup\u00e9rieur\u00a0; Michel Cocotier, conseiller municipal au d\u00e9veloppement des pratiques artistiques de la ville de Nantes, et Beno\u00eet Careil, adjoint d\u00e9l\u00e9gu\u00e9 \u00e0 la culture de la ville de Rennes.   Ouest-France \"\/><\/p>\n<p class=\"elmt-legende\"> Quentin Jagorel, directeur r\u00e9gional des affaires culturelles en Bretagne\u00a0; Ga\u00eblle Le Stradic, vice-pr\u00e9sidente de la r\u00e9gion Bretagne en charge de la culture\u00a0; Fran\u00e7oise Rubellin, pr\u00e9sidente du Pont sup\u00e9rieur\u00a0; Michel Cocotier, conseiller municipal au d\u00e9veloppement des pratiques artistiques de la ville de Nantes, et Beno\u00eet Careil, adjoint d\u00e9l\u00e9gu\u00e9 \u00e0 la culture de la ville de Rennes.   Ouest-France <\/p>\n<p>Dans les semaines qui viennent les candidatures pour la rentr\u00e9e 2026 vont \u00eatre de nouveau ouvertes pour recruter une quarantaine d\u2019\u00e9tudiants et d\u00e9livrer en trois ans le dipl\u00f4me d\u2019\u00c9tat de professeur de musique et de danse.<\/p>\n<p>En revanche, le dipl\u00f4me national sup\u00e9rieur professionnel de musicien, qui forme au m\u00e9tier d\u2019interpr\u00e8te, n\u2019accueillera d\u00e9sormais une nouvelle cohorte que tous les trois ans, sur le mod\u00e8le de <a href=\"https:\/\/rennes.maville.com\/actu\/actudet_--a-l-ecole-de-comediens-du-theatre-national-de-bretagne-on-apprend-en-faisant-le-metier-_7-7084498_actu.Htm\" target=\"_self\" rel=\"noopener\">l\u2019\u00e9cole du Th\u00e9\u00e2tre national de Bretagne pour les com\u00e9diens<\/a>. \u00a0C\u2019est une formation individualis\u00e9e, plus co\u00fbteuse. Il s\u2019agit aussi de s\u2019adapter aux d\u00e9bouch\u00e9s dans le contexte actuel du spectacle vivant\u00a0\u00bb, explique Catherine Lefaix-Chauvel, directrice du Pont sup\u00e9rieur.<\/p>\n<p>Ga\u00eblle Le Stradic se f\u00e9licite du maintien \u00a0d\u2019une formation sup\u00e9rieure publique de proximit\u00e9. On voyait mal une autre r\u00e9gion s\u2019int\u00e9resser aux musiques traditionnelles bretonnes. Se reconfigurer permet de passer la temp\u00eate et perdurer\u00a0\u00bb.<\/p>\n<p>\u00a0<\/p>\n","protected":false},"excerpt":{"rendered":"Le Pont sup\u00e9rieur forme sur ses deux sites de Rennes (Ille-et-Vilaine) et Nantes (Pays de la Loire) des&hellip;\n","protected":false},"author":2,"featured_media":601507,"comment_status":"","ping_status":"","sticky":false,"template":"","format":"standard","meta":{"footnotes":""},"categories":[2818],"tags":[1111,11,5972,1777,674,1119,1011,27,873,766,12,9144,2636,26501,3086,71399,25,7747],"class_list":{"0":"post-601506","1":"post","2":"type-post","3":"status-publish","4":"format-standard","5":"has-post-thumbnail","7":"category-nantes","8":"tag-actu","9":"tag-actualites","10":"tag-danse","11":"tag-eu","12":"tag-europe","13":"tag-formation","14":"tag-fr","15":"tag-france","16":"tag-musique","17":"tag-nantes","18":"tag-news","19":"tag-ouest","20":"tag-pays-de-la-loire","21":"tag-profs","22":"tag-redon","23":"tag-reorganise","24":"tag-republique-francaise","25":"tag-tempete"},"share_on_mastodon":{"url":"https:\/\/pubeurope.com\/@fr\/115725424802717149","error":""},"_links":{"self":[{"href":"https:\/\/www.europesays.com\/fr\/wp-json\/wp\/v2\/posts\/601506","targetHints":{"allow":["GET"]}}],"collection":[{"href":"https:\/\/www.europesays.com\/fr\/wp-json\/wp\/v2\/posts"}],"about":[{"href":"https:\/\/www.europesays.com\/fr\/wp-json\/wp\/v2\/types\/post"}],"author":[{"embeddable":true,"href":"https:\/\/www.europesays.com\/fr\/wp-json\/wp\/v2\/users\/2"}],"replies":[{"embeddable":true,"href":"https:\/\/www.europesays.com\/fr\/wp-json\/wp\/v2\/comments?post=601506"}],"version-history":[{"count":0,"href":"https:\/\/www.europesays.com\/fr\/wp-json\/wp\/v2\/posts\/601506\/revisions"}],"wp:featuredmedia":[{"embeddable":true,"href":"https:\/\/www.europesays.com\/fr\/wp-json\/wp\/v2\/media\/601507"}],"wp:attachment":[{"href":"https:\/\/www.europesays.com\/fr\/wp-json\/wp\/v2\/media?parent=601506"}],"wp:term":[{"taxonomy":"category","embeddable":true,"href":"https:\/\/www.europesays.com\/fr\/wp-json\/wp\/v2\/categories?post=601506"},{"taxonomy":"post_tag","embeddable":true,"href":"https:\/\/www.europesays.com\/fr\/wp-json\/wp\/v2\/tags?post=601506"}],"curies":[{"name":"wp","href":"https:\/\/api.w.org\/{rel}","templated":true}]}}