{"id":601508,"date":"2025-12-15T20:18:14","date_gmt":"2025-12-15T20:18:14","guid":{"rendered":"https:\/\/www.europesays.com\/fr\/601508\/"},"modified":"2025-12-15T20:18:14","modified_gmt":"2025-12-15T20:18:14","slug":"je-ne-suis-pas-responsable-a-nantes-lanimateur-accuse-de-13-agressions-sexuelles-continue-a-nier","status":"publish","type":"post","link":"https:\/\/www.europesays.com\/fr\/601508\/","title":{"rendered":"\u00ab\u00a0Je ne suis pas responsable\u00a0\u00bb\u00a0: \u00e0 Nantes, l\u2019animateur accus\u00e9 de 13 agressions sexuelles continue \u00e0 nier"},"content":{"rendered":"<p class=\"\">\u00ab La souffrance, je l\u2019entends, mais je n\u2019en suis pas responsable. \u00bb Les deux mains pos\u00e9es sur le pupitre, Fr\u00e9d\u00e9ric S. s\u2019y accroche comme il s\u2019accroche \u00e0 sa version. Pendant ces quasi deux ann\u00e9es pass\u00e9es en tant qu\u2019<a href=\"https:\/\/www.leparisien.fr\/faits-divers\/guilis-sur-le-sexe-bisous-forces-menaces-un-animateur-juge-pour-agressions-sexuelles-sur-13-enfants-de-maternelle-14-12-2025-ETGVSJEASRCNPAXZ3MGIDLKNEY.php\" target=\"_self\" rel=\"noopener\">animateur p\u00e9riscolaire au sein de ces deux \u00e9coles de Rez\u00e9<\/a> (Loire-Atlantique), il n\u2019a touch\u00e9 aucun de ces enfants. La sexualit\u00e9, il n\u2019en a d\u2019ailleurs plus depuis plusieurs ann\u00e9es, assure-t-il. La pornographie ? Il tient \u00e7a \u00ab en horreur \u00bb. \u00ab Comment voulez-vous, Madame la pr\u00e9sidente, que moi, p\u00e8re de famille, mari\u00e9, j\u2019aille agresser des enfants comme \u00e7a ? \u00bb adresse-t-il \u00e0 C\u00e9cile-Charlotte Lepage, pr\u00e9sidente de la 15e chambre correctionnelle. Et pourtant, ce lundi, c\u2019est bien lui, Fr\u00e9d\u00e9ric S., \u00e0 deux jours de son 61e anniversaire qui compara\u00eet devant le tribunal judiciaire de Nantes pour des faits d\u2019agression sexuelle sur 12 enfants de maternelle et une jeune coll\u00e9gienne entre septembre 2017 et mars 2019.<\/p>\n","protected":false},"excerpt":{"rendered":"\u00ab La souffrance, je l\u2019entends, mais je n\u2019en suis pas responsable. \u00bb Les deux mains pos\u00e9es sur le&hellip;\n","protected":false},"author":2,"featured_media":601509,"comment_status":"","ping_status":"","sticky":false,"template":"","format":"standard","meta":{"footnotes":""},"categories":[2818],"tags":[1111,11,459,1777,674,118,1011,27,766,12,2636,25],"class_list":{"0":"post-601508","1":"post","2":"type-post","3":"status-publish","4":"format-standard","5":"has-post-thumbnail","7":"category-nantes","8":"tag-actu","9":"tag-actualites","10":"tag-departements-horsidfo","11":"tag-eu","12":"tag-europe","13":"tag-faits-divers","14":"tag-fr","15":"tag-france","16":"tag-nantes","17":"tag-news","18":"tag-pays-de-la-loire","19":"tag-republique-francaise"},"share_on_mastodon":{"url":"https:\/\/pubeurope.com\/@fr\/115725435082314482","error":""},"_links":{"self":[{"href":"https:\/\/www.europesays.com\/fr\/wp-json\/wp\/v2\/posts\/601508","targetHints":{"allow":["GET"]}}],"collection":[{"href":"https:\/\/www.europesays.com\/fr\/wp-json\/wp\/v2\/posts"}],"about":[{"href":"https:\/\/www.europesays.com\/fr\/wp-json\/wp\/v2\/types\/post"}],"author":[{"embeddable":true,"href":"https:\/\/www.europesays.com\/fr\/wp-json\/wp\/v2\/users\/2"}],"replies":[{"embeddable":true,"href":"https:\/\/www.europesays.com\/fr\/wp-json\/wp\/v2\/comments?post=601508"}],"version-history":[{"count":0,"href":"https:\/\/www.europesays.com\/fr\/wp-json\/wp\/v2\/posts\/601508\/revisions"}],"wp:featuredmedia":[{"embeddable":true,"href":"https:\/\/www.europesays.com\/fr\/wp-json\/wp\/v2\/media\/601509"}],"wp:attachment":[{"href":"https:\/\/www.europesays.com\/fr\/wp-json\/wp\/v2\/media?parent=601508"}],"wp:term":[{"taxonomy":"category","embeddable":true,"href":"https:\/\/www.europesays.com\/fr\/wp-json\/wp\/v2\/categories?post=601508"},{"taxonomy":"post_tag","embeddable":true,"href":"https:\/\/www.europesays.com\/fr\/wp-json\/wp\/v2\/tags?post=601508"}],"curies":[{"name":"wp","href":"https:\/\/api.w.org\/{rel}","templated":true}]}}