{"id":601514,"date":"2025-12-15T20:22:13","date_gmt":"2025-12-15T20:22:13","guid":{"rendered":"https:\/\/www.europesays.com\/fr\/601514\/"},"modified":"2025-12-15T20:22:13","modified_gmt":"2025-12-15T20:22:13","slug":"eric-latge-quitte-la-direction-de-lecole-dingenieurs-de-purpan","status":"publish","type":"post","link":"https:\/\/www.europesays.com\/fr\/601514\/","title":{"rendered":"\u00c9ric Latg\u00e9 quitte la direction de l\u2019\u00e9cole d\u2019ing\u00e9nieurs de Purpan"},"content":{"rendered":"<p>\n                                                                    l&rsquo;essentiel<br \/>\n                                                                Homme de communication, dipl\u00f4m\u00e9 de la c\u00e9l\u00e8bre \u00c9cole de Purpan qu\u2019il a dirig\u00e9 pendant neuf ans, Eric Latg\u00e9 passera la main \u00e0 la fin de l\u2019ann\u00e9e.\n                            <\/p>\n<p>Un nouveau campus, de nouveaux dipl\u00f4mes, la participation \u00e0 la cr\u00e9ation de l\u2019Universit\u00e9 de Toulouse, forte croissance des effectifs\u2026 \u00c9ric Latg\u00e9 peut partir avec le sentiment du devoir accompli \u00e0 la t\u00eate de l\u2019\u00e9cole d\u2019ing\u00e9nieurs de Purpan sp\u00e9cialis\u00e9e en sciences du vivant, agriculture et agroalimentaire.<\/p>\n<p>Le successeur fait d\u00e9j\u00e0 partie de l\u2019\u00e9cole<\/p>\n<p>Apr\u00e8s neuf ans pass\u00e9s \u00e0 la direction de l\u2019\u00e9cole dont il \u00e9tait lui-m\u00eame dipl\u00f4m\u00e9 en 1986, Eric Latg\u00e9 passera la main le 31\u00a0d\u00e9cembre. \u00ab\u00a0C\u2019est une transition qui se pr\u00e9pare depuis un an en \u00e9troite collaboration avec le conseil d\u2019administration\u00a0\u00bb\u00a0confie le Toulousain qui avait rajout\u00e9 \u00e0 ces casquettes celle de conseiller sp\u00e9cial pour la communication de la nouvelle Universit\u00e9 de Toulouse. \u00c0 62 ans, Eric Latg\u00e9 va s\u2019installer dans les Landes son d\u00e9partement de c\u0153ur pour \u00ab\u00a0prendre le temps de faire ce qu\u2019il n\u2019avait plus le temps de faire\u00a0\u00bb\u00a0! La transition se fera en douceur avec Micha\u00ebl Mourez, actuel directeur g\u00e9n\u00e9ral adjoint et directeur de l\u2019Enseignement qui lui succ\u00e9dera.<\/p>\n","protected":false},"excerpt":{"rendered":"l&rsquo;essentiel Homme de communication, dipl\u00f4m\u00e9 de la c\u00e9l\u00e8bre \u00c9cole de Purpan qu\u2019il a dirig\u00e9 pendant neuf ans, Eric&hellip;\n","protected":false},"author":2,"featured_media":601515,"comment_status":"","ping_status":"","sticky":false,"template":"","format":"standard","meta":{"footnotes":""},"categories":[2816],"tags":[1111,11,71400,1777,674,1011,27,329,2722,12,2680,25,2312,21762],"class_list":{"0":"post-601514","1":"post","2":"type-post","3":"status-publish","4":"format-standard","5":"has-post-thumbnail","7":"category-toulouse","8":"tag-actu","9":"tag-actualites","10":"tag-enseignement-supu00e9rieur-et-formation","11":"tag-eu","12":"tag-europe","13":"tag-fr","14":"tag-france","15":"tag-france-monde","16":"tag-haute-garonne","17":"tag-news","18":"tag-occitanie","19":"tag-republique-francaise","20":"tag-toulouse","21":"tag-u00c9ducation"},"share_on_mastodon":{"url":"https:\/\/pubeurope.com\/@fr\/115725451085076661","error":""},"_links":{"self":[{"href":"https:\/\/www.europesays.com\/fr\/wp-json\/wp\/v2\/posts\/601514","targetHints":{"allow":["GET"]}}],"collection":[{"href":"https:\/\/www.europesays.com\/fr\/wp-json\/wp\/v2\/posts"}],"about":[{"href":"https:\/\/www.europesays.com\/fr\/wp-json\/wp\/v2\/types\/post"}],"author":[{"embeddable":true,"href":"https:\/\/www.europesays.com\/fr\/wp-json\/wp\/v2\/users\/2"}],"replies":[{"embeddable":true,"href":"https:\/\/www.europesays.com\/fr\/wp-json\/wp\/v2\/comments?post=601514"}],"version-history":[{"count":0,"href":"https:\/\/www.europesays.com\/fr\/wp-json\/wp\/v2\/posts\/601514\/revisions"}],"wp:featuredmedia":[{"embeddable":true,"href":"https:\/\/www.europesays.com\/fr\/wp-json\/wp\/v2\/media\/601515"}],"wp:attachment":[{"href":"https:\/\/www.europesays.com\/fr\/wp-json\/wp\/v2\/media?parent=601514"}],"wp:term":[{"taxonomy":"category","embeddable":true,"href":"https:\/\/www.europesays.com\/fr\/wp-json\/wp\/v2\/categories?post=601514"},{"taxonomy":"post_tag","embeddable":true,"href":"https:\/\/www.europesays.com\/fr\/wp-json\/wp\/v2\/tags?post=601514"}],"curies":[{"name":"wp","href":"https:\/\/api.w.org\/{rel}","templated":true}]}}