{"id":601521,"date":"2025-12-15T20:26:11","date_gmt":"2025-12-15T20:26:11","guid":{"rendered":"https:\/\/www.europesays.com\/fr\/601521\/"},"modified":"2025-12-15T20:26:11","modified_gmt":"2025-12-15T20:26:11","slug":"replacer-le-port-de-marseille-au-coeur-du-projet-marseillais-et-europeen","status":"publish","type":"post","link":"https:\/\/www.europesays.com\/fr\/601521\/","title":{"rendered":"Replacer le port de Marseille au c\u0153ur du projet marseillais et europ\u00e9en"},"content":{"rendered":"<p>Renaud Muselier r\u00e9affirme son \u00ab\u00a0soutien total\u00a0\u00bb <a href=\"https:\/\/www.laprovence.com\/article\/economie\/61875952144318\/la-cgt-portuaire-de-marseille-fos-dresse-le-cap-un-port-public-industriel-et-social-au-service-de-l-interet-general\" target=\"_blank\" rel=\"noopener\">\u00e0 la strat\u00e9gie engag\u00e9e par la direction du port. <\/a>Une feuille de route qu\u2019il qualifie de conforme \u00ab\u00a0point par point\u00a0\u00bb aux orientations qu\u2019il d\u00e9fend de longue date et qui vise, selon lui, \u00e0 replacer le port au c\u0153ur du projet marseillais et europ\u00e9en.<\/p>\n<p>Au c\u0153ur de cette strat\u00e9gie figure le retour \u00e0 la digue du large, pr\u00e9sent\u00e9 comme un v\u00e9ritable projet politique. \u00ab\u00a0Il s\u2019agit de redonner le port aux Marseillais\u00a0\u00bb, insiste-t-il, saluant la mise en \u0153uvre rapide des d\u00e9cisions prises apr\u00e8s la reconduction du directeur du Grand port maritime de Marseille (GPMM). Premier financeur du port, la R\u00e9gion a d\u2019ailleurs valid\u00e9 un engagement financier de 34\u00a0millions d\u2019euros pour accompagner cette dynamique.<\/p>\n<p>Pr\u00e9sent au conseil d\u2019administration, Renaud Muselier rappelle un engagement ancien pour <a href=\"https:\/\/www.laprovence.com\/article\/economie\/894232533462714\/le-grand-port-maritime-de-marseille-affiche-une-belle-croissance\" target=\"_blank\" rel=\"noopener\">le port de Marseille<\/a>, entam\u00e9 d\u00e8s ses d\u00e9buts politiques, alors qu\u2019il \u00e9tait d\u00e9put\u00e9. \u00ab\u00a0Le port fait partie de l\u2019ADN de Marseille et de la R\u00e9gion\u00a0\u00bb, r\u00e9sume-t-il.<\/p>\n<p>Une ambition r\u00e9solument mondiale<\/p>\n<p>Pour <a href=\"https:\/\/www.laprovence.com\/article\/economie\/6453953565837714\/nous-sommes-3e-en-europe-en-attractivite-economique-linterview-de-renaud-muselier-president-de-la-region\" target=\"_blank\" rel=\"noopener\">le pr\u00e9sident de R\u00e9gion<\/a>, Marseille ne peut plus se penser \u00e0 l\u2019\u00e9chelle nationale. \u00ab\u00a0Le port doit avoir une vision mondiale\u00a0\u00bb, mart\u00e8le-t-il. Sa position g\u00e9ographique exceptionnelle, h\u00e9rit\u00e9e&#8230;<\/p>\n","protected":false},"excerpt":{"rendered":"Renaud Muselier r\u00e9affirme son \u00ab\u00a0soutien total\u00a0\u00bb \u00e0 la strat\u00e9gie engag\u00e9e par la direction du port. Une feuille de&hellip;\n","protected":false},"author":2,"featured_media":601522,"comment_status":"","ping_status":"","sticky":false,"template":"","format":"standard","meta":{"footnotes":""},"categories":[2814],"tags":[17,1111,11,6521,33,1777,674,1011,27,884,22548,12,5159,1095,882,1628,71401,25],"class_list":{"0":"post-601521","1":"post","2":"type-post","3":"status-publish","4":"format-standard","5":"has-post-thumbnail","7":"category-marseille","8":"tag-17","9":"tag-actu","10":"tag-actualites","11":"tag-coeur","12":"tag-economie","13":"tag-eu","14":"tag-europe","15":"tag-fr","16":"tag-france","17":"tag-marseille","18":"tag-muselier","19":"tag-news","20":"tag-port","21":"tag-projet","22":"tag-provence-alpes-cote-dazur","23":"tag-renaud","24":"tag-replacer","25":"tag-republique-francaise"},"share_on_mastodon":{"url":"https:\/\/pubeurope.com\/@fr\/115725466678369712","error":""},"_links":{"self":[{"href":"https:\/\/www.europesays.com\/fr\/wp-json\/wp\/v2\/posts\/601521","targetHints":{"allow":["GET"]}}],"collection":[{"href":"https:\/\/www.europesays.com\/fr\/wp-json\/wp\/v2\/posts"}],"about":[{"href":"https:\/\/www.europesays.com\/fr\/wp-json\/wp\/v2\/types\/post"}],"author":[{"embeddable":true,"href":"https:\/\/www.europesays.com\/fr\/wp-json\/wp\/v2\/users\/2"}],"replies":[{"embeddable":true,"href":"https:\/\/www.europesays.com\/fr\/wp-json\/wp\/v2\/comments?post=601521"}],"version-history":[{"count":0,"href":"https:\/\/www.europesays.com\/fr\/wp-json\/wp\/v2\/posts\/601521\/revisions"}],"wp:featuredmedia":[{"embeddable":true,"href":"https:\/\/www.europesays.com\/fr\/wp-json\/wp\/v2\/media\/601522"}],"wp:attachment":[{"href":"https:\/\/www.europesays.com\/fr\/wp-json\/wp\/v2\/media?parent=601521"}],"wp:term":[{"taxonomy":"category","embeddable":true,"href":"https:\/\/www.europesays.com\/fr\/wp-json\/wp\/v2\/categories?post=601521"},{"taxonomy":"post_tag","embeddable":true,"href":"https:\/\/www.europesays.com\/fr\/wp-json\/wp\/v2\/tags?post=601521"}],"curies":[{"name":"wp","href":"https:\/\/api.w.org\/{rel}","templated":true}]}}