{"id":601523,"date":"2025-12-15T20:27:12","date_gmt":"2025-12-15T20:27:12","guid":{"rendered":"https:\/\/www.europesays.com\/fr\/601523\/"},"modified":"2025-12-15T20:27:12","modified_gmt":"2025-12-15T20:27:12","slug":"a-belsunce-dans-le-centre-ville-de-marseille-la-quatrieme-vie-de-lilot-velten","status":"publish","type":"post","link":"https:\/\/www.europesays.com\/fr\/601523\/","title":{"rendered":"\u00c0 Belsunce, dans le centre-ville de Marseille, la quatri\u00e8me vie de l&rsquo;\u00eelot Velten"},"content":{"rendered":"<p>Au d\u00e9but du XIXe\u00a0si\u00e8cle, c\u2019est ici, le long de la rue Bernard-du-Bois (1er), qu\u2019un ouvrier-brasseur alsacien, Jacques Velten, s\u2019est install\u00e9. C\u2019est l\u00e0 aussi que son c\u00e9l\u00e8bre neveu, Geoffroy, fonde son propre \u00e9tablissement et lance les Brasseries de la M\u00e9diterran\u00e9e.<\/p>\n<p>Plus tard, les b\u00e2timents de 4 000 m\u00b2 situ\u00e9s entre la gare et la Porte d\u2019Aix ont abrit\u00e9 la direction des routes avant d\u2019\u00eatre un temps abandonn\u00e9s. En 2018, les associations Yes We Camp, le groupe SOS et Plateau urbain ont investi les lieux pour animer un tiers-lieu d\u2019exp\u00e9rimentation sociale. Durant cinq ans, Coco Velten a fait cohabiter une r\u00e9sidence d\u2019h\u00e9bergement social, <a href=\"https:\/\/www.laprovence.com\/article\/region\/49476187625113\/les-candidatures-sont-ouvertes-pour-creer-la-nouvelle-cantine-de-lilot-velten-a-marseille\" target=\"_blank\" rel=\"noopener\">un restaurant solidaire<\/a> et 42 ateliers-bureaux.<\/p>\n<p>Rachet\u00e9s en\u00a02023 par le bailleur social de la ville, Marseille Habitat, les locaux sont en cours de r\u00e9habilitation pour un budget total (accession et travaux) de 17\u00a0millions d\u2019euros. \u00ab\u00a0Ce nouveau projet plac\u00e9 sous la bienveillance de l\u2019\u00c9tat et de la Ville contribuera \u00e0 la requalification sociale et urbaine du centre-ville. Il s\u2019appuiera \u00e9galement sur les acquis de l\u2019exp\u00e9rience sociale men\u00e9e ici, avec la m\u00eame logique solidaire et sociale\u00a0\u00bb, <a href=\"https:\/\/www.laprovence.com\/article\/politique\/1748659888771414\/audrey-gatian-une-marseillaise-pour-chapeauter-l-universite-d-ete-du-ps\" target=\"_blank\" rel=\"noopener\">pr\u00e9cise Audrey Gatian (PM)<\/a>, adjointe au maire en charge de la politique de&#8230;<\/p>\n","protected":false},"excerpt":{"rendered":"Au d\u00e9but du XIXe\u00a0si\u00e8cle, c\u2019est ici, le long de la rue Bernard-du-Bois (1er), qu\u2019un ouvrier-brasseur alsacien, Jacques Velten,&hellip;\n","protected":false},"author":2,"featured_media":601524,"comment_status":"","ping_status":"","sticky":false,"template":"","format":"standard","meta":{"footnotes":""},"categories":[2814],"tags":[17,1111,11,17039,11898,1446,1777,674,1011,27,71402,884,12,882,15432,16,25,4717],"class_list":{"0":"post-601523","1":"post","2":"type-post","3":"status-publish","4":"format-standard","5":"has-post-thumbnail","7":"category-marseille","8":"tag-17","9":"tag-actu","10":"tag-actualites","11":"tag-belsunce","12":"tag-centre-ville","13":"tag-dans","14":"tag-eu","15":"tag-europe","16":"tag-fr","17":"tag-france","18":"tag-lilot","19":"tag-marseille","20":"tag-news","21":"tag-provence-alpes-cote-dazur","22":"tag-quatrieme","23":"tag-region","24":"tag-republique-francaise","25":"tag-vie"},"share_on_mastodon":{"url":"https:\/\/pubeurope.com\/@fr\/115725470908237974","error":""},"_links":{"self":[{"href":"https:\/\/www.europesays.com\/fr\/wp-json\/wp\/v2\/posts\/601523","targetHints":{"allow":["GET"]}}],"collection":[{"href":"https:\/\/www.europesays.com\/fr\/wp-json\/wp\/v2\/posts"}],"about":[{"href":"https:\/\/www.europesays.com\/fr\/wp-json\/wp\/v2\/types\/post"}],"author":[{"embeddable":true,"href":"https:\/\/www.europesays.com\/fr\/wp-json\/wp\/v2\/users\/2"}],"replies":[{"embeddable":true,"href":"https:\/\/www.europesays.com\/fr\/wp-json\/wp\/v2\/comments?post=601523"}],"version-history":[{"count":0,"href":"https:\/\/www.europesays.com\/fr\/wp-json\/wp\/v2\/posts\/601523\/revisions"}],"wp:featuredmedia":[{"embeddable":true,"href":"https:\/\/www.europesays.com\/fr\/wp-json\/wp\/v2\/media\/601524"}],"wp:attachment":[{"href":"https:\/\/www.europesays.com\/fr\/wp-json\/wp\/v2\/media?parent=601523"}],"wp:term":[{"taxonomy":"category","embeddable":true,"href":"https:\/\/www.europesays.com\/fr\/wp-json\/wp\/v2\/categories?post=601523"},{"taxonomy":"post_tag","embeddable":true,"href":"https:\/\/www.europesays.com\/fr\/wp-json\/wp\/v2\/tags?post=601523"}],"curies":[{"name":"wp","href":"https:\/\/api.w.org\/{rel}","templated":true}]}}