{"id":601527,"date":"2025-12-15T20:29:19","date_gmt":"2025-12-15T20:29:19","guid":{"rendered":"https:\/\/www.europesays.com\/fr\/601527\/"},"modified":"2025-12-15T20:29:19","modified_gmt":"2025-12-15T20:29:19","slug":"lyon-5e-arrondissement-exposition-de-photos-de-lyon-grand-format-sur-l-esplanade-de-la-basilique-de-fourviere","status":"publish","type":"post","link":"https:\/\/www.europesays.com\/fr\/601527\/","title":{"rendered":"Lyon 5e Arrondissement. Exposition de photos de Lyon grand format sur l esplanade de la\u00a0basilique de Fourvi\u00e8re"},"content":{"rendered":"<p>Philippe Boucher, documentariste chevronn\u00e9 et voyageur aguerri, est aussi photographe. Il a captur\u00e9 des milliers d\u2019images de Lyon, dont une s\u00e9lection a \u00e9t\u00e9 publi\u00e9e dans un ouvrage paru il y a un an. Ce travail est pr\u00e9sent\u00e9 lors d\u2019une exposition jusqu\u2019au 4\u00a0janvier, o\u00f9 18 photographies de la capitale des Gaules sont expos\u00e9es en grand format sur une arche d\u2019une trentaine de m\u00e8tres, install\u00e9e sur l\u2019esplanade de la basilique Notre-Dame-de-Fourvi\u00e8re.<\/p>\n","protected":false},"excerpt":{"rendered":"Philippe Boucher, documentariste chevronn\u00e9 et voyageur aguerri, est aussi photographe. Il a captur\u00e9 des milliers d\u2019images de Lyon,&hellip;\n","protected":false},"author":2,"featured_media":601528,"comment_status":"","ping_status":"","sticky":false,"template":"","format":"standard","meta":{"footnotes":""},"categories":[1889],"tags":[1111,11,2430,1687,2757,1777,674,1011,27,2428,15658,15657,12,2661,25],"class_list":{"0":"post-601527","1":"post","2":"type-post","3":"status-publish","4":"format-standard","5":"has-post-thumbnail","7":"category-lyon","8":"tag-actu","9":"tag-actualites","10":"tag-auvergne-rhone-alpes","11":"tag-culture-loisirs","12":"tag-edition-lyon-villeurbanne","13":"tag-eu","14":"tag-europe","15":"tag-fr","16":"tag-france","17":"tag-lyon","18":"tag-lyon-5e","19":"tag-lyon-5e-arrondissement","20":"tag-news","21":"tag-patrimoine-culturel","22":"tag-republique-francaise"},"share_on_mastodon":{"url":"https:\/\/pubeurope.com\/@fr\/115725478316331131","error":""},"_links":{"self":[{"href":"https:\/\/www.europesays.com\/fr\/wp-json\/wp\/v2\/posts\/601527","targetHints":{"allow":["GET"]}}],"collection":[{"href":"https:\/\/www.europesays.com\/fr\/wp-json\/wp\/v2\/posts"}],"about":[{"href":"https:\/\/www.europesays.com\/fr\/wp-json\/wp\/v2\/types\/post"}],"author":[{"embeddable":true,"href":"https:\/\/www.europesays.com\/fr\/wp-json\/wp\/v2\/users\/2"}],"replies":[{"embeddable":true,"href":"https:\/\/www.europesays.com\/fr\/wp-json\/wp\/v2\/comments?post=601527"}],"version-history":[{"count":0,"href":"https:\/\/www.europesays.com\/fr\/wp-json\/wp\/v2\/posts\/601527\/revisions"}],"wp:featuredmedia":[{"embeddable":true,"href":"https:\/\/www.europesays.com\/fr\/wp-json\/wp\/v2\/media\/601528"}],"wp:attachment":[{"href":"https:\/\/www.europesays.com\/fr\/wp-json\/wp\/v2\/media?parent=601527"}],"wp:term":[{"taxonomy":"category","embeddable":true,"href":"https:\/\/www.europesays.com\/fr\/wp-json\/wp\/v2\/categories?post=601527"},{"taxonomy":"post_tag","embeddable":true,"href":"https:\/\/www.europesays.com\/fr\/wp-json\/wp\/v2\/tags?post=601527"}],"curies":[{"name":"wp","href":"https:\/\/api.w.org\/{rel}","templated":true}]}}