{"id":601542,"date":"2025-12-15T20:38:18","date_gmt":"2025-12-15T20:38:18","guid":{"rendered":"https:\/\/www.europesays.com\/fr\/601542\/"},"modified":"2025-12-15T20:38:18","modified_gmt":"2025-12-15T20:38:18","slug":"alors-que-volodymyr-zelensky-annonce-des-progres-avec-les-etats-unis-lue-propose-une-force-multinationale","status":"publish","type":"post","link":"https:\/\/www.europesays.com\/fr\/601542\/","title":{"rendered":"Alors que Volodymyr Zelensky annonce des \u00ab\u00a0progr\u00e8s\u00a0\u00bb avec les Etats-Unis, l&rsquo;UE propose une force multinationale"},"content":{"rendered":"<p>Le pr\u00e9sident ukrainien s&rsquo;est f\u00e9licit\u00e9 lundi de \u00ab\u00a0progr\u00e8s\u00a0\u00bb sur les propositions de garanties de s\u00e9curit\u00e9 am\u00e9ricaines pour l&rsquo;Ukraine, apr\u00e8s des n\u00e9gociations avec les Etats-Unis \u00e0 Berlin. Mais il y a encore un diff\u00e9rend sur la question territoriale, a-t-il pr\u00e9cis\u00e9. Les Europ\u00e9ens, eux, proposent de diriger une \u00ab\u00a0force multinationale\u00a0\u00bb en Ukraine.<\/p>\n<p>Volodymyr Zelensky a parl\u00e9 de \u00ab\u00a0progr\u00e8s\u00a0\u00bb, le chancelier allemand Friedrich Merz a lui lou\u00e9 des propositions am\u00e9ricaines \u00ab\u00a0remarquables\u00a0\u00bb, tandis que les Etats-Unis ont dit offrir des garanties de s\u00e9curit\u00e9 \u00ab\u00a0tr\u00e8s fortes\u00a0\u00bb, mais n\u00e9anmoins acceptables, selon eux, pour la Russie.<\/p>\n<p>Dimanche et lundi, le pr\u00e9sident ukrainien a n\u00e9goci\u00e9 \u00e0 Berlin avec les \u00e9missaires am\u00e9ricains Steve Witkoff et Jared Kushner, gendre de Donald Trump, pour tenter d&rsquo;aboutir \u00e0 un compromis sur un plan pouvant mettre fin aux combats.<\/p>\n<p><strong class=\"inline-title\">&gt;&gt; Relire\u00a0: <\/strong><a href=\"https:\/\/www.rts.ch\/info\/monde\/2025\/article\/volodymyr-zelensky-est-arrive-a-berlin-pour-des-discussions-avec-les-europeens-et-les-americains-29090387.html\" data-item-id=\"richtext_link\" target=\"_blank\" rel=\"noopener\">Volodymyr Zelensky \u00e0 Berlin pour des discussions avec Europ\u00e9ens et Am\u00e9ricains<\/a><\/p>\n<p>En outre, les n\u00e9gociateurs am\u00e9ricains devaient participer lundi soir \u00e0 un d\u00eener de travail avec le pr\u00e9sident ukrainien, de nombreux dirigeants europ\u00e9ens, dont le Premier ministre britannique et le pr\u00e9sident fran\u00e7ais, ainsi que les principaux responsables de l&rsquo;UE et de l&rsquo;Otan. Selon des sources am\u00e9ricaines, le pr\u00e9sident Donald Trump doit les appeler.<\/p>\n<p>Divergences sur les territoires<\/p>\n<p>Un diff\u00e9rend de fond demeure cependant: la question des concessions territoriales de l&rsquo;Ukraine r\u00e9clam\u00e9es par la Russie. \u00ab\u00a0Il existe des questions complexes, en particulier celles concernant les territoires (&#8230;). Pour le dire franchement, nous avons encore des positions diff\u00e9rentes\u00a0\u00bb avec les Etats-Unis, a d\u00e9clar\u00e9 Volodymyr Zelensky.<\/p>\n<p>Moscou r\u00e9clame comme pr\u00e9alable \u00e0 l&rsquo;arr\u00eat des combats que l&rsquo;Ukraine lui c\u00e8de des terres non-occup\u00e9es du Donbass ukrainien, et la proposition am\u00e9ricaine initiale poussait en ce sens. Une ligne rouge pour Kiev.<\/p>\n<p>Le Kremlin a dit lundi attendre d&rsquo;\u00eatre inform\u00e9 par Washington des r\u00e9sultats des pourparlers de Berlin, tout en anticipant la veille de \u00ab\u00a0fortes objections\u00a0\u00bb. Il a aussi jug\u00e9 que la non-adh\u00e9sion de l&rsquo;Ukraine est une \u00ab\u00a0pierre angulaire\u00a0\u00bb des pourparlers.<\/p>\n<p>Avoirs russes<\/p>\n<p>En parall\u00e8le, l&rsquo;UE cherche \u00e0 enfin s&rsquo;entendre sur un recours aux dizaines de milliards d&rsquo;avoirs russes gel\u00e9s, essentiellement en Belgique, pour aider l&rsquo;arm\u00e9e ukrainienne et la reconstruction. Mais le blocage demeure, notamment car le gouvernement belge craint des repr\u00e9sailles.<\/p>\n<p>Friedrich Merz a press\u00e9 ses partenaires d&rsquo;agir, soulignant que l&rsquo;Ukraine \u00e9tait un rempart contre la menace russe. Faute d&rsquo;accord, \u00ab\u00a0la capacit\u00e9 d&rsquo;action de l&rsquo;Union europ\u00e9enne sera gravement compromise\u00a0\u00bb, a martel\u00e9 le chancelier qui craint que les Europ\u00e9ens se montrent \u00ab\u00a0incapables\u00a0\u00bb d&rsquo;agir \u00e0 un \u00ab\u00a0moment aussi crucial de (leur) histoire\u00a0\u00bb.<\/p>\n<p>Volodymyr Zelensky a appel\u00e9 \u00e0 ce que ces avoirs \u00ab\u00a0servent pleinement\u00a0\u00bb \u00e0 la d\u00e9fense de l&rsquo;Ukraine.<\/p>\n<p>Force multinationale<\/p>\n<p>Les dirigeants des principaux pays europ\u00e9ens et de l&rsquo;UE ont aussi propos\u00e9 lundi de diriger en Ukraine une \u00ab\u00a0force multinationale\u00a0\u00bb et de soutenir de mani\u00e8re \u00ab\u00a0durable\u00a0\u00bb l&rsquo;arm\u00e9e ukrainienne, limit\u00e9e \u00e0 800&rsquo;000 soldats en temps de paix, selon une d\u00e9claration transmise par le gouvernement allemand.<\/p>\n<p>Cette \u00ab\u00a0force multinationale pour l&rsquo;Ukraine\u00a0\u00bb serait \u00ab\u00a0compos\u00e9e de contributions de nations volontaires, et soutenue par les \u00c9tats-Unis\u00a0\u00bb.<\/p>\n<p>Le document \u00e9voque aussi \u00ab\u00a0un m\u00e9canisme de surveillance et de v\u00e9rification du cessez-le-feu dirig\u00e9 par les \u00c9tats-Unis\u00a0\u00bb et souligne qu&rsquo;il appartient \u00ab\u00a0d\u00e9sormais \u00e0 la Russie de montrer sa volont\u00e9 d&rsquo;\u0153uvrer en faveur d&rsquo;une paix durable en acceptant le plan de paix du pr\u00e9sident (Donald) Trump\u00a0\u00bb.<\/p>\n<p>Selon le m\u00eame texte, Moscou doit \u00ab\u00a0d\u00e9montrer son engagement \u00e0 mettre fin aux combats en acceptant un cessez-le-feu\u00a0\u00bb.<\/p>\n<p> &gt;&gt; Revoir le sujet du 19h30 avant les n\u00e9gociations\u00a0:   <img decoding=\"async\" class=\"embed-responsive-item\" loading=\"lazy\" src=\"https:\/\/www.europesays.com\/fr\/wp-content\/uploads\/2025\/12\/dhb0b6-29089962.image\" alt=\"De nouvelles n\u00e9gociations sur l'Ukraine se tiendront d\u00e8s dimanche en Allemagne\"\/>    De nouvelles n\u00e9gociations sur l&rsquo;Ukraine se tiendront d\u00e8s dimanche en Allemagne \/ 19h30 \/ 2 min. \/ samedi \u00e0 19:30 <\/p>\n<p class=\"sources\">lia avec afp<\/p>\n","protected":false},"excerpt":{"rendered":"Le pr\u00e9sident ukrainien s&rsquo;est f\u00e9licit\u00e9 lundi de \u00ab\u00a0progr\u00e8s\u00a0\u00bb sur les propositions de garanties de s\u00e9curit\u00e9 am\u00e9ricaines pour l&rsquo;Ukraine,&hellip;\n","protected":false},"author":2,"featured_media":601543,"comment_status":"","ping_status":"","sticky":false,"template":"","format":"standard","meta":{"footnotes":""},"categories":[1589],"tags":[11,2120,1292,312,75,73,1866,418,3577,74,33527,12,2403,316,7136,71403,2543,656,1778,220,1864,1865,1863,308,7137],"class_list":{"0":"post-601542","1":"post","2":"type-post","3":"status-publish","4":"format-standard","5":"has-post-thumbnail","7":"category-etats-unis","8":"tag-actualites","9":"tag-conflit","10":"tag-debat","11":"tag-diplomatie","12":"tag-donald-trump","13":"tag-etats-unis","14":"tag-etats-unis-damerique","15":"tag-gouvernement","16":"tag-guerre-et-paix","17":"tag-monde","18":"tag-negociation","19":"tag-news","20":"tag-paix","21":"tag-politique","22":"tag-president-de-lukraine","23":"tag-progres-q235173080","24":"tag-relations-internationales","25":"tag-securite","26":"tag-ue","27":"tag-ukraine","28":"tag-united-states","29":"tag-united-states-of-america","30":"tag-us","31":"tag-usa","32":"tag-volodymyr-zelenskyy"},"share_on_mastodon":{"url":"https:\/\/pubeurope.com\/@fr\/115725514862174332","error":""},"_links":{"self":[{"href":"https:\/\/www.europesays.com\/fr\/wp-json\/wp\/v2\/posts\/601542","targetHints":{"allow":["GET"]}}],"collection":[{"href":"https:\/\/www.europesays.com\/fr\/wp-json\/wp\/v2\/posts"}],"about":[{"href":"https:\/\/www.europesays.com\/fr\/wp-json\/wp\/v2\/types\/post"}],"author":[{"embeddable":true,"href":"https:\/\/www.europesays.com\/fr\/wp-json\/wp\/v2\/users\/2"}],"replies":[{"embeddable":true,"href":"https:\/\/www.europesays.com\/fr\/wp-json\/wp\/v2\/comments?post=601542"}],"version-history":[{"count":0,"href":"https:\/\/www.europesays.com\/fr\/wp-json\/wp\/v2\/posts\/601542\/revisions"}],"wp:featuredmedia":[{"embeddable":true,"href":"https:\/\/www.europesays.com\/fr\/wp-json\/wp\/v2\/media\/601543"}],"wp:attachment":[{"href":"https:\/\/www.europesays.com\/fr\/wp-json\/wp\/v2\/media?parent=601542"}],"wp:term":[{"taxonomy":"category","embeddable":true,"href":"https:\/\/www.europesays.com\/fr\/wp-json\/wp\/v2\/categories?post=601542"},{"taxonomy":"post_tag","embeddable":true,"href":"https:\/\/www.europesays.com\/fr\/wp-json\/wp\/v2\/tags?post=601542"}],"curies":[{"name":"wp","href":"https:\/\/api.w.org\/{rel}","templated":true}]}}