{"id":601560,"date":"2025-12-15T20:47:10","date_gmt":"2025-12-15T20:47:10","guid":{"rendered":"https:\/\/www.europesays.com\/fr\/601560\/"},"modified":"2025-12-15T20:47:10","modified_gmt":"2025-12-15T20:47:10","slug":"beach-volley-le-reunionnais-joadel-genevieve-gardoque-decroche-un-titre-mondial","status":"publish","type":"post","link":"https:\/\/www.europesays.com\/fr\/601560\/","title":{"rendered":"Beach-Volley\u00a0: le R\u00e9unionnais Joadel Genevi\u00e8ve Gardoque d\u00e9croche un titre mondial"},"content":{"rendered":"<p>R\u00e9unionnais sur le toit du monde. Le 7 d\u00e9cembre dernier Joadel Genevi\u00e8ve-Gardoque et son co\u00e9quipier Elouan Chouick-Barbez ont remport\u00e9 l\u2019\u00c9lite 16 d\u2019Itapema au Br\u00e9sil. Une victoire internationale qui s\u2019ajoute au palmar\u00e8s du jeune joueur r\u00e9unionnais.<\/p>\n<p style=\"text-align: justify;\">Apr\u00e8s son titre de champion d\u2019Europe en novembre, Joadel Genevi\u00e8ve s\u2019est offert un sacre mondial. Avec cette victoire, Joadel devient le premier R\u00e9unionnais \u00e0 d\u00e9crocher un titre de cette ampleur. Joadel Genevi\u00e8ve Gardoque et Elouan Chouikh-Barbez parach\u00e8vent ainsi leur superbe saison.<\/p>\n","protected":false},"excerpt":{"rendered":"R\u00e9unionnais sur le toit du monde. Le 7 d\u00e9cembre dernier Joadel Genevi\u00e8ve-Gardoque et son co\u00e9quipier Elouan Chouick-Barbez ont&hellip;\n","protected":false},"author":2,"featured_media":601561,"comment_status":"","ping_status":"","sticky":false,"template":"","format":"standard","meta":{"footnotes":""},"categories":[1417],"tags":[47,1011,27,6335,1922,6336,7224,104,60,1470,1469],"class_list":{"0":"post-601560","1":"post","2":"type-post","3":"status-publish","4":"format-standard","5":"has-post-thumbnail","7":"category-volley","8":"tag-actualite","9":"tag-fr","10":"tag-france","11":"tag-home-page","12":"tag-info","13":"tag-la-reunion","14":"tag-newsletter-soir","15":"tag-societe","16":"tag-sports","17":"tag-volley","18":"tag-volleyball"},"share_on_mastodon":{"url":"https:\/\/pubeurope.com\/@fr\/115725549256451908","error":""},"_links":{"self":[{"href":"https:\/\/www.europesays.com\/fr\/wp-json\/wp\/v2\/posts\/601560","targetHints":{"allow":["GET"]}}],"collection":[{"href":"https:\/\/www.europesays.com\/fr\/wp-json\/wp\/v2\/posts"}],"about":[{"href":"https:\/\/www.europesays.com\/fr\/wp-json\/wp\/v2\/types\/post"}],"author":[{"embeddable":true,"href":"https:\/\/www.europesays.com\/fr\/wp-json\/wp\/v2\/users\/2"}],"replies":[{"embeddable":true,"href":"https:\/\/www.europesays.com\/fr\/wp-json\/wp\/v2\/comments?post=601560"}],"version-history":[{"count":0,"href":"https:\/\/www.europesays.com\/fr\/wp-json\/wp\/v2\/posts\/601560\/revisions"}],"wp:featuredmedia":[{"embeddable":true,"href":"https:\/\/www.europesays.com\/fr\/wp-json\/wp\/v2\/media\/601561"}],"wp:attachment":[{"href":"https:\/\/www.europesays.com\/fr\/wp-json\/wp\/v2\/media?parent=601560"}],"wp:term":[{"taxonomy":"category","embeddable":true,"href":"https:\/\/www.europesays.com\/fr\/wp-json\/wp\/v2\/categories?post=601560"},{"taxonomy":"post_tag","embeddable":true,"href":"https:\/\/www.europesays.com\/fr\/wp-json\/wp\/v2\/tags?post=601560"}],"curies":[{"name":"wp","href":"https:\/\/api.w.org\/{rel}","templated":true}]}}