{"id":601566,"date":"2025-12-15T20:53:10","date_gmt":"2025-12-15T20:53:10","guid":{"rendered":"https:\/\/www.europesays.com\/fr\/601566\/"},"modified":"2025-12-15T20:53:10","modified_gmt":"2025-12-15T20:53:10","slug":"martinez-joli-programme-en-vue","status":"publish","type":"post","link":"https:\/\/www.europesays.com\/fr\/601566\/","title":{"rendered":"Martinez, joli programme en vue"},"content":{"rendered":"<p><strong>Alors qu&rsquo;il effectuera en 2026 sa<br \/>\ndeuxi\u00e8me ann\u00e9e au sein de l&rsquo;\u00e9quipe Bahrain Victorious, Lenny<br \/>\nMartinez aura un programme quasiment inchang\u00e9. Avec le Tour de<br \/>\nFrance comme \u00ab point cl\u00e9 de la saison \u00bb.<\/strong><\/p>\n<p>Auteur d\u2019une premi\u00e8re saison plut\u00f4t int\u00e9ressante au sein de<br \/>\nl\u2019\u00e9quipe Bahrain Victorious cette ann\u00e9e, Lenny Martinez a d\u00e9voil\u00e9<br \/>\nson programme pour l\u2019ann\u00e9e 2026. A priori, \u00e0 une exception pr\u00e8s,<br \/>\nl\u2019un des grands espoirs du cyclisme fran\u00e7ais (22 ans) disputera<br \/>\nplus ou moins les m\u00eames courses dans les mois \u00e0 venir. Actuellement<br \/>\nen stage en Espagne avec ses co\u00e9quipiers du c\u00f4t\u00e9 d\u2019Altea, le natif<br \/>\nde Cannes s\u2019est r\u00e9cemment exprim\u00e9 sur le sujet.<\/p>\n<p>\u00ab J\u2019avais bien aim\u00e9 mon programme. Je vais d\u00e9buter par la<br \/>\nClassic Var (le 21 f\u00e9vrier) et le Tour des Alpes Maritimes (le 22<br \/>\nf\u00e9vrier), Paris-Nice (du 8 au 15 mars), le Tour de Romandie (du 29<br \/>\navril au 4 mai), la Fl\u00e8che Wallonne (le 23 avril), le Tour de<br \/>\nFrance (du 4 au 26 juillet), qui est le point cl\u00e9 de la saison<br \/>\n\u00bb, a dans un premier temps d\u00e9taill\u00e9 Martinez, qui a port\u00e9 \u00e0<br \/>\nplusieurs reprises le maillot \u00e0 pois de meilleur grimpeur lors de<br \/>\nl\u2019\u00e9dition 2025 de la \u00ab\u00a0Grande Boucle\u00a0\u00bb.<\/p>\n<p><strong>Martinez se mesurera \u00e0<br \/>\nPogacar lors du Tour de Suisse<\/strong><\/p>\n<p>\u00ab Le seul changement, c\u2019est le Tour de Suisse (du 17 au<br \/>\n21 juin) \u00e0 la place du Dauphin\u00e9 (qui portera d\u00e8s l\u2019an<br \/>\nprochain l\u2019appellation Tour Auvergne-Rh\u00f4ne-Alpes). Le staff me<br \/>\nl\u2019a propos\u00e9, il voulait changer et c\u2019est toujours sympa de voir<br \/>\nautre chose \u00bb, a par la suite expliqu\u00e9 le principal int\u00e9ress\u00e9,<br \/>\ndans des propos recueillis par L\u2019\u00c9quipe. Ainsi, avant le<br \/>\nTour de France, l\u2019ancien coureur de la formation Groupama-FDJ<br \/>\npourra se frotter \u00e0 Tadej Pogacar qui a d\u2019ores et d\u00e9j\u00e0 annonc\u00e9 sa<br \/>\npr\u00e9sence sur le Tour de Suisse.<\/p>\n<p>Vainqueur de plusieurs \u00e9tapes en 2025 (lors de Paris-Nice, du<br \/>\nTour de Romandie et du Crit\u00e9rium du Dauphin\u00e9), Martinez avait<br \/>\n\u00e9galement remport\u00e9 la Japan Cup, tout en finissant bien plac\u00e9 lors<br \/>\nd\u2019\u00e9preuves sur plusieurs jours (5e notamment du Tour de Catalogne).<br \/>\nEn 2026, ce dernier tentera de faire aussi bien, de continuer \u00e0<br \/>\nprogresser et de, pourquoi pas, viser le maillot \u00e0 pois sur le Tour<br \/>\nde France l\u2019ann\u00e9e prochaine.<\/p>\n","protected":false},"excerpt":{"rendered":"Alors qu&rsquo;il effectuera en 2026 sa deuxi\u00e8me ann\u00e9e au sein de l&rsquo;\u00e9quipe Bahrain Victorious, Lenny Martinez aura un&hellip;\n","protected":false},"author":2,"featured_media":601567,"comment_status":"","ping_status":"","sticky":false,"template":"","format":"standard","meta":{"footnotes":""},"categories":[1411],"tags":[71406,1154,207,1011,27,1776,71407,57681,60],"class_list":{"0":"post-601566","1":"post","2":"type-post","3":"status-publish","4":"format-standard","5":"has-post-thumbnail","7":"category-cyclisme","8":"tag-bahrain-victorious","9":"tag-cycling","10":"tag-cyclisme","11":"tag-fr","12":"tag-france","13":"tag-martinez","14":"tag-saison-2026","15":"tag-sport365-fr","16":"tag-sports"},"share_on_mastodon":{"url":"https:\/\/pubeurope.com\/@fr\/115725572784810695","error":""},"_links":{"self":[{"href":"https:\/\/www.europesays.com\/fr\/wp-json\/wp\/v2\/posts\/601566","targetHints":{"allow":["GET"]}}],"collection":[{"href":"https:\/\/www.europesays.com\/fr\/wp-json\/wp\/v2\/posts"}],"about":[{"href":"https:\/\/www.europesays.com\/fr\/wp-json\/wp\/v2\/types\/post"}],"author":[{"embeddable":true,"href":"https:\/\/www.europesays.com\/fr\/wp-json\/wp\/v2\/users\/2"}],"replies":[{"embeddable":true,"href":"https:\/\/www.europesays.com\/fr\/wp-json\/wp\/v2\/comments?post=601566"}],"version-history":[{"count":0,"href":"https:\/\/www.europesays.com\/fr\/wp-json\/wp\/v2\/posts\/601566\/revisions"}],"wp:featuredmedia":[{"embeddable":true,"href":"https:\/\/www.europesays.com\/fr\/wp-json\/wp\/v2\/media\/601567"}],"wp:attachment":[{"href":"https:\/\/www.europesays.com\/fr\/wp-json\/wp\/v2\/media?parent=601566"}],"wp:term":[{"taxonomy":"category","embeddable":true,"href":"https:\/\/www.europesays.com\/fr\/wp-json\/wp\/v2\/categories?post=601566"},{"taxonomy":"post_tag","embeddable":true,"href":"https:\/\/www.europesays.com\/fr\/wp-json\/wp\/v2\/tags?post=601566"}],"curies":[{"name":"wp","href":"https:\/\/api.w.org\/{rel}","templated":true}]}}