{"id":601570,"date":"2025-12-15T20:55:20","date_gmt":"2025-12-15T20:55:20","guid":{"rendered":"https:\/\/www.europesays.com\/fr\/601570\/"},"modified":"2025-12-15T20:55:20","modified_gmt":"2025-12-15T20:55:20","slug":"catherine-lara-80-ans-atteinte-dune-maladie-un-peu-bizarre-cette-paralysie-a-mis-sa-vie-en-sursis","status":"publish","type":"post","link":"https:\/\/www.europesays.com\/fr\/601570\/","title":{"rendered":"Catherine Lara (80 ans) atteinte d&rsquo;une \u00ab\u00a0maladie un peu bizarre\u00a0\u00bb, cette \u00ab\u00a0paralysie\u00a0\u00bb a mis sa vie en sursis"},"content":{"rendered":"<p>Par <a class=\"author_recette\" id=\"author_name\" href=\"https:\/\/www.nextplz.fr\/auteur\/francis-uliel\" target=\"_blank\" rel=\"noopener\">Francis<br \/>\nUliel<\/a> &#8211;<br \/>\nPubli\u00e9 le 15 D\u00e9c 2025 \u00e0<br \/>\n20:30<\/p>\n<p class=\"article-intro excerpt\">R\u00e9cemment de passage dans Un<br \/>\ndimanche \u00e0 la campagne, Catherine Lara a fait des r\u00e9v\u00e9lations<br \/>\ntroublantes sur la terrible maladie dont elle a autrefois<br \/>\nsouffert.<\/p>\n<p>Catherine Lara, r\u00e9v\u00e9l\u00e9e \u00e0 la fin des ann\u00e9es\u00a060, fait sans<br \/>\nnul doute partie des figures embl\u00e9matiques de la chanson fran\u00e7aise.<br \/>\nLa chanteuse de 80 ans est \u00e9galement connue pour son franc-parler<br \/>\net sa sensibilit\u00e9\u2026 Sans oublier ses histoires d\u00a0\u00bbamour pass\u00e9es,<br \/>\nnotamment celle avec Muriel Robin qui a fait couler beaucoup<br \/>\nd&rsquo;encre. Catherine Lara a souvent \u00e9mu les Fran\u00e7ais avec ses<br \/>\nnombreuses confidences poignantes, dont une en particulier\u00a0:<br \/>\nune maladie qui aurait pu mettre fin \u00e0 ses jours.<\/p>\n<p>Cette fois o\u00f9 Catherine Lara a fr\u00f4l\u00e9 la mort \u00e0 l&rsquo;\u00e2ge de 3 ans<\/p>\n<p>Retour en 2023 lors de son passage sur le plateau d&rsquo;Un<br \/>\ndimanche \u00e0 la campagne sur France 2. Aux c\u00f4t\u00e9s de Fr\u00e9d\u00e9ric<br \/>\nLopez, Cyril Feraud et Philippe Lellouche, Catherine Lara est<br \/>\nrevenue sur la maladie dont elle a autrefois souffert \u00e0 l&rsquo;\u00e2ge de 3<br \/>\nans. Un \u00e9pisode troublant de sa vie qu&rsquo;elle n&rsquo;est pas pr\u00e8s<br \/>\nd&rsquo;oublier. \u00ab\u00a0C&rsquo;\u00e9tait une maladie un peu bizarre. J&rsquo;ai eu une<br \/>\nparalysie infantile. C&rsquo;\u00e9tait tr\u00e8s tr\u00e8s douloureux\u00a0\u00bb,<br \/>\ncommen\u00e7ait-t-elle par faire savoir. <a href=\"https:\/\/www.nextplz.fr\/people\/355151-catherine-lara-deux-femmes-meme-temps\" target=\"_blank\" rel=\"noopener\"><br \/>\nCelle qui a autrefois \u00e9t\u00e9 en couple avec deux femmes<\/a> confiait<br \/>\nensuite : \u00ab\u00a0J&rsquo;ai encore des souvenirs de ponctions lombaires, de<br \/>\nplein de choses difficiles\u00a0\u00bb. Et de rench\u00e9rir\u00a0: \u00ab\u00a0Entre<br \/>\n3 et 4 ans, je ne marche pas, on ne peut pas m&rsquo;attraper parce que<br \/>\n\u00e7a me fait souffrir. Je ne suis pas loin de la mort\u00a0\u00bb.<\/p>\n<p>Catherine Clara<br \/>\n\u00e9voque sa gu\u00e9rison myst\u00e9rieuse<\/p>\n<p>Dans la suite de son r\u00e9cit, Catherine Clara a r\u00e9v\u00e9l\u00e9 avoir gu\u00e9ri<br \/>\ndu jour au lendemain, comme par magie. Surprenant, n&rsquo;est-ce<br \/>\npas\u00a0? Ni une ni deux, la femme de 80 ans a alors racont\u00e9 une<br \/>\nanecdote peu commune que lui a confi\u00e9e sa maman dans le pass\u00e9.<br \/>\n\u00ab\u00a0Une nuit, mes parents sont r\u00e9veill\u00e9s par le son des<br \/>\ncloches\u00a0\u00bb, s&rsquo;est-elle souvenue. La violoniste a poursuivi avec<br \/>\ndes r\u00e9v\u00e9lations troublantes sur le plateau d&rsquo;Un dimanche \u00e0 la<br \/>\ncampagne\u00a0: \u00ab\u00a0Il n&rsquo;y avait absolument pas de cloches<br \/>\nautour de chez nous, mais ils en entendent tous les deux. Avec une<br \/>\nesp\u00e8ce de son qui rayonnait autour d&rsquo;eux. Et le lendemain matin,<br \/>\nj&rsquo;\u00e9tais gu\u00e9rie, c&rsquo;\u00e9tait fini\u00a0\u00bb. Depuis, Catherine Clara n&rsquo;a<br \/>\nplus jamais eu un seul sympt\u00f4me de cette \u00e9trange pathologie.<\/p>\n<p>\u00ab\u00a0J&rsquo;ai eu une grave<br \/>\nop\u00e9ration des poumons\u00a0\u00bb<\/p>\n<p>Si depuis son \u00e9trange maladie n&rsquo;a pas r\u00e9cidiv\u00e9, Catherine Lara a<br \/>\ncependant connu d&rsquo;autres probl\u00e8mes de sant\u00e9. La chanteuse, jamais<br \/>\navare en <a href=\"https:\/\/www.nextplz.fr\/people\/512118-a-80-ans-catherine-lara-fait-des-confidences-sur-sa-compagne-une-femme-absolument\" target=\"_blank\" rel=\"noopener\"><br \/>\nconfidences concernant la femme qui partage sa vie<\/a>, a en effet<br \/>\nsouffert d\u2019un pneumothorax. Dans un r\u00e9cent entretien, la chanteuse<br \/>\nconfiait \u00e0 ce propos : \u00ab\u00a0J&rsquo;ai eu une grave op\u00e9ration des<br \/>\npoumons\u2026 un pneumothorax, pour tout vous dire\u00a0\u00bb. Une maladie<br \/>\nqui l&rsquo;a vraiment mise \u00e0 mal : \u00ab\u00a0J&rsquo;ai mis deux ou trois ans \u00e0<br \/>\nm&rsquo;en remettre, c&rsquo;\u00e9tait dur\u00a0\u00bb. D\u00e9sormais r\u00e9tablie,<br \/>\nCatherine Clara a assur\u00e9 avoir une hygi\u00e8ne de vie irr\u00e9prochable.<br \/>\nElle avouait d&rsquo;ailleurs adorer \u201cmanger, tout en faisant tr\u00e8s<br \/>\nattention\u201d. Et de souligner : \u00ab\u00a0Je bois tr\u00e8s peu d\u2019alcool.<br \/>\nLa sant\u00e9, en vieillissant, est essentielle, et j\u2019adore \u00eatre en<br \/>\npleine forme\u00a0\u00bb.<\/p>\n","protected":false},"excerpt":{"rendered":"Par Francis Uliel &#8211; Publi\u00e9 le 15 D\u00e9c 2025 \u00e0 20:30 R\u00e9cemment de passage dans Un dimanche \u00e0&hellip;\n","protected":false},"author":2,"featured_media":601571,"comment_status":"","ping_status":"","sticky":false,"template":"","format":"standard","meta":{"footnotes":""},"categories":[1359],"tags":[58,59,1011,27,973,65861],"class_list":{"0":"post-601570","1":"post","2":"type-post","3":"status-publish","4":"format-standard","5":"has-post-thumbnail","7":"category-people","8":"tag-divertissement","9":"tag-entertainment","10":"tag-fr","11":"tag-france","12":"tag-people","13":"tag-trend"},"share_on_mastodon":{"url":"https:\/\/pubeurope.com\/@fr\/115725580578740043","error":""},"_links":{"self":[{"href":"https:\/\/www.europesays.com\/fr\/wp-json\/wp\/v2\/posts\/601570","targetHints":{"allow":["GET"]}}],"collection":[{"href":"https:\/\/www.europesays.com\/fr\/wp-json\/wp\/v2\/posts"}],"about":[{"href":"https:\/\/www.europesays.com\/fr\/wp-json\/wp\/v2\/types\/post"}],"author":[{"embeddable":true,"href":"https:\/\/www.europesays.com\/fr\/wp-json\/wp\/v2\/users\/2"}],"replies":[{"embeddable":true,"href":"https:\/\/www.europesays.com\/fr\/wp-json\/wp\/v2\/comments?post=601570"}],"version-history":[{"count":0,"href":"https:\/\/www.europesays.com\/fr\/wp-json\/wp\/v2\/posts\/601570\/revisions"}],"wp:featuredmedia":[{"embeddable":true,"href":"https:\/\/www.europesays.com\/fr\/wp-json\/wp\/v2\/media\/601571"}],"wp:attachment":[{"href":"https:\/\/www.europesays.com\/fr\/wp-json\/wp\/v2\/media?parent=601570"}],"wp:term":[{"taxonomy":"category","embeddable":true,"href":"https:\/\/www.europesays.com\/fr\/wp-json\/wp\/v2\/categories?post=601570"},{"taxonomy":"post_tag","embeddable":true,"href":"https:\/\/www.europesays.com\/fr\/wp-json\/wp\/v2\/tags?post=601570"}],"curies":[{"name":"wp","href":"https:\/\/api.w.org\/{rel}","templated":true}]}}