{"id":60158,"date":"2025-04-28T20:53:09","date_gmt":"2025-04-28T20:53:09","guid":{"rendered":"https:\/\/www.europesays.com\/fr\/60158\/"},"modified":"2025-04-28T20:53:09","modified_gmt":"2025-04-28T20:53:09","slug":"zone-agricole-protegee-la-terre-reprend-ses-droits-dans-la-vallee-du-gapeau","status":"publish","type":"post","link":"https:\/\/www.europesays.com\/fr\/60158\/","title":{"rendered":"Zone agricole prot\u00e9g\u00e9e: la terre reprend ses droits dans la vall\u00e9e du Gapeau"},"content":{"rendered":"<p>Apr\u00e8s des d\u00e9cennies d\u2019industrialisation et d\u2019abandon progressif des cultures, la vall\u00e9e du Gapeau voit rena\u00eetre son ambition agricole. Port\u00e9e par les ressources naturelles que sont l\u2019eau et le soleil, la terre locale s\u2019appr\u00eate \u00e0 retrouver toute sa vigueur, sous l\u2019impulsion des \u00e9lus communautaires gr\u00e2ce \u00e0 une zone agricole prot\u00e9g\u00e9e (ZAP).<\/p>\n<p>L\u2019appel de la terre<\/p>\n<p>Au XXe si\u00e8cle, l\u2019essor du tourisme baln\u00e9aire et l\u2019exode rural ont acc\u00e9l\u00e9r\u00e9 l\u2019urbanisation galopante, grignotant peu \u00e0 peu les terres agricoles. Mais aujourd\u2019hui, face aux enjeux environnementaux, une nouvelle dynamique \u00e9merge. Le d\u00e9veloppement durable, l\u2019attrait pour l\u2019agriculture biologique et les circuits courts remettent \u00e0 l\u2019honneur les productions locales. Fruits et l\u00e9gumes du terroir font leur grand retour sur les march\u00e9s, dans les fermes et jusque dans les cantines scolaires.<\/p>\n<p>Prot\u00e9ger pour mieux cultiver<\/p>\n<p>Consciente de cet enjeu, la communaut\u00e9 de communes de la Vall\u00e9e du Gapeau a lanc\u00e9 un projet ambitieux: renforcer la protection des terres agricoles \u00e0 travers la cr\u00e9ation d\u2019une zone agricole prot\u00e9g\u00e9e. La r\u00e9flexion collective engag\u00e9e en 2023s\u2019est traduite par la d\u00e9limitation de trois ZAP qui concernent Solli\u00e8s-Pont (la plaine), La Farl\u00e8de (la zone nature) et Solli\u00e8s-Ville (les Selves). Cette initiative, adoss\u00e9e aux plans locaux d\u2019urbanisme et soutenue par une servitude d\u2019utilit\u00e9 publique, vise \u00e0 sanctuariser les parcelles pour garantir leur vocation agricole sur le long terme. Un choix fort, qui interdit toute sp\u00e9culation fonci\u00e8re et favorise l\u2019installation de nouveaux exploitants \u00e0 des co\u00fbts abordables.<\/p>\n<p>Une ambition territoriale<\/p>\n<p>Ce retour \u00e0 la terre s\u2019inscrit dans le cadre du projet alimentaire territorial (PAT), soutenu par le fonds europ\u00e9en agricole pour le d\u00e9veloppement rural (FEADER). L\u2019objectif est clair: relocaliser l\u2019agriculture et l\u2019alimentation en favorisant les circuits courts, les produits de saison et l\u2019autonomie alimentaire. Actuellement, des \u00e9tudes sont en cours pour d\u00e9terminer le potentiel alimentaire des terrains en jach\u00e8re et permettre la mise en \u0153uvre des moyens n\u00e9cessaires \u00e0 une reconqu\u00eate.<\/p>\n<p>\u00c0 ce jour, la zone agricole de la vall\u00e9e repr\u00e9sente pr\u00e8s de 1.300 hectares (dont 165ha en friche). Une surface pr\u00e9cieuse \u00e0 pr\u00e9server pour relever les d\u00e9fis de demain. Reste toutefois une inconnue de taille: la gestion de l\u2019eau dans les ann\u00e9es \u00e0 venir, ressource vitale pour que la renaissance agricole puisse r\u00e9ellement s\u2019\u00e9panouir.<\/p>\n<p>              <img ci-src=\"https:\/\/www.varmatin.com\/agriculture\/protec\/DATA_ART_15422580-Kng39PZZ.png?vh=4bc21a&amp;ci_seal=d76a6f5199\" alt=\"\"\/><\/p>\n<p>            Le r\u00e8gne de la figue<\/p>\n<p>Dans le bassin versant du Gapeau, un fruit venu d\u2019Orient s\u2019est impos\u00e9 comme un embl\u00e8me : la figue. Gr\u00e2ce \u00e0 des conditions naturelles id\u00e9ales et au savoir-faire des producteurs locaux, ce petit fruit a su conqu\u00e9rir ses lettres de noblesse. En 2006, la figue de la r\u00e9gion obtenait l\u2019Appellation d\u2019origine contr\u00f4l\u00e9e (AOC), suivie en 2011 de l\u2019Appellation d\u2019origine prot\u00e9g\u00e9e (AOP), gages de qualit\u00e9 et de reconnaissance europ\u00e9enne.<br \/>&#13;<br \/>\nChaque ann\u00e9e, pr\u00e8s de 900 tonnes de figues quittent les vergers du p\u00e9rim\u00e8tre, dont 500 tonnes certifi\u00e9es AOP, exp\u00e9di\u00e9es sous la houlette de la Copsolfruit, une coop\u00e9rative regroupant une centaine de producteurs. \u00c0 ces chiffres viennent s\u2019ajouter les r\u00e9coltes r\u00e9alis\u00e9es par les exploitants ind\u00e9pendants, confirmant le dynamisme de la fili\u00e8re.<br \/>&#13;<br \/>\nMais la renaissance agricole du territoire ne s\u2019arr\u00eate pas \u00e0 la figue. Vigne, mara\u00eechage, horticulture, olive et \u00e9levage participent \u00e9galement \u00e0 cette dynamique de reconqu\u00eate. Les agriculteurs en activit\u00e9 disposent d\u2019opportunit\u00e9s pour \u00e9tendre leur exploitation, tandis qu\u2019une nouvelle g\u00e9n\u00e9ration de jeunes agriculteurs arrive sur le march\u00e9.<\/p>\n","protected":false},"excerpt":{"rendered":"Apr\u00e8s des d\u00e9cennies d\u2019industrialisation et d\u2019abandon progressif des cultures, la vall\u00e9e du Gapeau voit rena\u00eetre son ambition agricole.&hellip;\n","protected":false},"author":2,"featured_media":60159,"comment_status":"","ping_status":"","sticky":false,"template":"","format":"standard","meta":{"footnotes":""},"categories":[9619],"tags":[1111,11,327,33,1777,674,1011,27,12,882,25,2310],"class_list":{"0":"post-60158","1":"post","2":"type-post","3":"status-publish","4":"format-standard","5":"has-post-thumbnail","7":"category-toulon","8":"tag-actu","9":"tag-actualites","10":"tag-agriculture","11":"tag-economie","12":"tag-eu","13":"tag-europe","14":"tag-fr","15":"tag-france","16":"tag-news","17":"tag-provence-alpes-cote-dazur","18":"tag-republique-francaise","19":"tag-toulon"},"share_on_mastodon":{"url":"https:\/\/pubeurope.com\/@fr\/114417579039709592","error":""},"_links":{"self":[{"href":"https:\/\/www.europesays.com\/fr\/wp-json\/wp\/v2\/posts\/60158","targetHints":{"allow":["GET"]}}],"collection":[{"href":"https:\/\/www.europesays.com\/fr\/wp-json\/wp\/v2\/posts"}],"about":[{"href":"https:\/\/www.europesays.com\/fr\/wp-json\/wp\/v2\/types\/post"}],"author":[{"embeddable":true,"href":"https:\/\/www.europesays.com\/fr\/wp-json\/wp\/v2\/users\/2"}],"replies":[{"embeddable":true,"href":"https:\/\/www.europesays.com\/fr\/wp-json\/wp\/v2\/comments?post=60158"}],"version-history":[{"count":0,"href":"https:\/\/www.europesays.com\/fr\/wp-json\/wp\/v2\/posts\/60158\/revisions"}],"wp:featuredmedia":[{"embeddable":true,"href":"https:\/\/www.europesays.com\/fr\/wp-json\/wp\/v2\/media\/60159"}],"wp:attachment":[{"href":"https:\/\/www.europesays.com\/fr\/wp-json\/wp\/v2\/media?parent=60158"}],"wp:term":[{"taxonomy":"category","embeddable":true,"href":"https:\/\/www.europesays.com\/fr\/wp-json\/wp\/v2\/categories?post=60158"},{"taxonomy":"post_tag","embeddable":true,"href":"https:\/\/www.europesays.com\/fr\/wp-json\/wp\/v2\/tags?post=60158"}],"curies":[{"name":"wp","href":"https:\/\/api.w.org\/{rel}","templated":true}]}}