{"id":601584,"date":"2025-12-15T21:04:13","date_gmt":"2025-12-15T21:04:13","guid":{"rendered":"https:\/\/www.europesays.com\/fr\/601584\/"},"modified":"2025-12-15T21:04:13","modified_gmt":"2025-12-15T21:04:13","slug":"trente-cinq-pays-participeront-a-la-prochaine-edition-de-leurovision-actualites","status":"publish","type":"post","link":"https:\/\/www.europesays.com\/fr\/601584\/","title":{"rendered":"Trente-cinq pays participeront \u00e0 la prochaine \u00e9dition de l&rsquo;Eurovision : Actualit\u00e9s"},"content":{"rendered":"<p class=\"lead \">Trente-cinq pays participeront \u00e0 la prochaine \u00e9dition de l&rsquo;Eurovision en mai \u00e0 Vienne, alors que cinq pays ont annonc\u00e9 son boycott en raison de la participation d&rsquo;Isra\u00ebl, selon la liste officielle des participants publi\u00e9e lundi.<\/p>\n<p class=\"lead \">Ce concours de chanson est secou\u00e9 depuis plusieurs mois par une controverse sur la participation d&rsquo;Isra\u00ebl en raison de la guerre dans la bande de Gaza mais aussi d&rsquo;accusations d&rsquo;irr\u00e9gularit\u00e9s dans les votes lors de pr\u00e9c\u00e9dentes \u00e9ditions.<\/p>\n<p class=\"lead \">L&rsquo;Union Europ\u00e9enne de Radio-T\u00e9l\u00e9vision (UER), qui organise l&rsquo;\u00e9v\u00e9nement, a r\u00e9cemment mis en place un ensemble de r\u00e8gles actualis\u00e9 afin de tenter de r\u00e9pondre aux critiques et de pr\u00e9server \u00ab\u00a0l&rsquo;\u00e9quit\u00e9, l&rsquo;int\u00e9grit\u00e9 et l&rsquo;esprit de comp\u00e9tition\u00a0\u00bb, souligne-t-elle dans un communiqu\u00e9.<\/p>\n<p class=\"lead \">Il s&rsquo;agit notamment \u00ab\u00a0de renforcer les garanties contre la promotion externe indue des candidatures, de limiter le vote individuel pour encourager un large soutien envers de nombreux artistes, de r\u00e9tablir les jurys professionnels au stade des demi-finales avec des membres de jury \u00e9largis et plus diversifi\u00e9s, et de meilleures mesures techniques pour d\u00e9tecter et emp\u00eacher les activit\u00e9s de vote coordonn\u00e9es ou frauduleuses\u00a0\u00bb.<\/p>\n<p class=\"lead \">D\u00e9but d\u00e9cembre, la majorit\u00e9 des membres diffuseurs de l&rsquo;UER avait finalement estim\u00e9 qu&rsquo;il n&rsquo;\u00e9tait pas n\u00e9cessaire de voter sur la participation d&rsquo;Isra\u00ebl avec sa t\u00e9l\u00e9vision publique KAN, estimant que les nouvelles r\u00e8gles \u00e9taient suffisantes.<\/p>\n<p class=\"lead \">Cette d\u00e9cision a d\u00e9clench\u00e9 instantan\u00e9ment les annonces de boycott des diffuseurs de l&rsquo;Espagne, qui \u00e9taient un des cinq plus importants contributeurs financiers du concours, des Pays-Bas, de l&rsquo;Irlande et de la Slov\u00e9nie, et quelques jours plus tard de l&rsquo;Islande.<\/p>\n<p class=\"lead \">Dans l&rsquo;attente de la publication de la liste officielle des diffuseurs participants, le directeur de l&rsquo;\u00e9v\u00e8nement Martin Green avait d\u00e9j\u00e0 estim\u00e9, le 5 d\u00e9cembre, qu&rsquo;environ cinq pays boycotteraient l&rsquo;Eurovision et qu&rsquo;il y aurait 35 participants.<\/p>\n<p class=\"lead \">C&rsquo;est d\u00e9sormais officiel, \u00ab\u00a035 diffuseurs enverront des chansons et des artistes \u00e0 Vienne entre le 12 et le 16 mai 2026\u00a0\u00bb, a indiqu\u00e9 l&rsquo;UER. Ils \u00e9taient 37 lors de l&rsquo;\u00e9dition 2025 \u00e0 B\u00e2le, en Suisse.<\/p>\n<p class=\"lead \">&#8211; Bulgarie, Roumanie et Moldavie &#8211; <\/p>\n<p class=\"lead \">Trois diffuseurs de Bulgarie, de Roumanie et de Moldavie sont de retour apr\u00e8s trois, deux et un ans d&rsquo;absence respectivement.<\/p>\n<p class=\"lead \">\u00ab\u00a0Leur retour nous rappelle de mani\u00e8re \u00e9clatante le pouvoir durable du Concours Eurovision de la chanson et ce que signifie r\u00e9ellement +\u00eatre unis par la musique+\u00a0\u00bb, son slogan, a affirm\u00e9 M. Green, cit\u00e9 dans le communiqu\u00e9.<\/p>\n<p class=\"lead \">\u00ab\u00a0Alors que nous nous appr\u00eatons \u00e0 c\u00e9l\u00e9brer les 70 ans du Concours Eurovision de la chanson, celui-ci reste un lieu o\u00f9 les voix, les cultures, les langues et la musique se m\u00ealent\u00a0\u00bb, a-t-il ajout\u00e9.<\/p>\n<p class=\"lead \">Quinze chansons participeront \u00e0 la premi\u00e8re demi-finale le 12 mai et 15 chansons \u00e0 la deuxi\u00e8me demi-finale le 14 mai.<\/p>\n<p class=\"lead \">Vingt chansons rejoindront, lors de la finale du 16 mai, les candidatures pr\u00e9-qualifi\u00e9es de l&rsquo;Autriche, en tant que pays h\u00f4te, et des plus gros contributeurs financiers \u00e0 l&rsquo;organisation du concours : la France, l&rsquo;Allemagne, l&rsquo;Italie et le Royaume-Uni.<\/p>\n<p class=\"lead \">Pour la premi\u00e8re fois depuis 2022, les jurys d\u00e9sign\u00e9s par les 35 diffuseurs participants reviennent voter lors des demi-finales.<\/p>\n<p class=\"lead \">Leurs points seront combin\u00e9s aux r\u00e9sultats d&rsquo;un vote du public pour d\u00e9signer les 10 chansons qui se qualifieront pour chaque demi-finale.<\/p>\n<p class=\"lead \">Le tirage au sort pour d\u00e9terminer dans quelle demi-finale chaque chanson sera interpr\u00e9t\u00e9e aura lieu \u00e0 Vienne le 12 janvier.<\/p>\n<p class=\"lead \">\u00ab\u00a0Nous sommes impatients d&rsquo;accueillir chaque d\u00e9l\u00e9gation\u00a0\u00bb, a assur\u00e9 Michael Kr\u00f6n, producteur ex\u00e9cutif du groupe audiovisuel public autrichien ORF, cit\u00e9 dans le communiqu\u00e9 de l&rsquo;UER.<\/p>\n<p class=\"lead \">Vienne accueille le concours pour la troisi\u00e8me fois. L&rsquo;\u00e9v\u00e9nement a \u00e9t\u00e9 organis\u00e9 pour la premi\u00e8re fois par l&rsquo;ORF dans la capitale autrichienne en 1967 apr\u00e8s la victoire d&rsquo;Udo J\u00fcrgens l&rsquo;ann\u00e9e pr\u00e9c\u00e9dente.<\/p>\n<p class=\"small font-weight-bold text-gray3 \"> publi\u00e9 le 15 d\u00e9cembre \u00e0 20h10, AFP<\/p>\n<p>                             Partager<\/p>\n","protected":false},"excerpt":{"rendered":"Trente-cinq pays participeront \u00e0 la prochaine \u00e9dition de l&rsquo;Eurovision en mai \u00e0 Vienne, alors que cinq pays ont&hellip;\n","protected":false},"author":2,"featured_media":601585,"comment_status":"","ping_status":"","sticky":false,"template":"","format":"standard","meta":{"footnotes":""},"categories":[8],"tags":[13989,2120,58,59,2399,1011,27,3819,873,7621,9556],"class_list":{"0":"post-601584","1":"post","2":"type-post","3":"status-publish","4":"format-standard","5":"has-post-thumbnail","7":"category-divertissement","8":"tag-autriche","9":"tag-conflit","10":"tag-divertissement","11":"tag-entertainment","12":"tag-eurovision","13":"tag-fr","14":"tag-france","15":"tag-isral","16":"tag-musique","17":"tag-palestiniens","18":"tag-tlvision"},"share_on_mastodon":{"url":"https:\/\/pubeurope.com\/@fr\/115725616274959317","error":""},"_links":{"self":[{"href":"https:\/\/www.europesays.com\/fr\/wp-json\/wp\/v2\/posts\/601584","targetHints":{"allow":["GET"]}}],"collection":[{"href":"https:\/\/www.europesays.com\/fr\/wp-json\/wp\/v2\/posts"}],"about":[{"href":"https:\/\/www.europesays.com\/fr\/wp-json\/wp\/v2\/types\/post"}],"author":[{"embeddable":true,"href":"https:\/\/www.europesays.com\/fr\/wp-json\/wp\/v2\/users\/2"}],"replies":[{"embeddable":true,"href":"https:\/\/www.europesays.com\/fr\/wp-json\/wp\/v2\/comments?post=601584"}],"version-history":[{"count":0,"href":"https:\/\/www.europesays.com\/fr\/wp-json\/wp\/v2\/posts\/601584\/revisions"}],"wp:featuredmedia":[{"embeddable":true,"href":"https:\/\/www.europesays.com\/fr\/wp-json\/wp\/v2\/media\/601585"}],"wp:attachment":[{"href":"https:\/\/www.europesays.com\/fr\/wp-json\/wp\/v2\/media?parent=601584"}],"wp:term":[{"taxonomy":"category","embeddable":true,"href":"https:\/\/www.europesays.com\/fr\/wp-json\/wp\/v2\/categories?post=601584"},{"taxonomy":"post_tag","embeddable":true,"href":"https:\/\/www.europesays.com\/fr\/wp-json\/wp\/v2\/tags?post=601584"}],"curies":[{"name":"wp","href":"https:\/\/api.w.org\/{rel}","templated":true}]}}