{"id":601588,"date":"2025-12-15T21:06:11","date_gmt":"2025-12-15T21:06:11","guid":{"rendered":"https:\/\/www.europesays.com\/fr\/601588\/"},"modified":"2025-12-15T21:06:11","modified_gmt":"2025-12-15T21:06:11","slug":"les-fonds-dinfrastructures-sinvitent-dans-le-dossier-de-la-vente-de-sfr","status":"publish","type":"post","link":"https:\/\/www.europesays.com\/fr\/601588\/","title":{"rendered":"Les fonds d\u2019infrastructures s\u2019invitent dans le dossier de la vente de SFR"},"content":{"rendered":"<p>\n    Quatre fonds d\u2019infrastructures ont d\u00e9pos\u00e9 des offres non engageantes pour r\u00e9cup\u00e9rer une partie des actifs de l\u2019op\u00e9rateur t\u00e9l\u00e9coms. Sera-ce suffisant pour mettre la pression sur Orange, Bouygues Telecom et Free et les pousser \u00e0 faire une nouvelle proposition\u00a0?<\/p>\n<p class=\"fig-paragraph\">Les fonds d\u2019infrastructures s\u2019invitent dans le dossier de la vente de SFR. Selon nos informations, confirmant celles de la Tribune, au moins quatre fonds d\u2019investissement ont d\u00e9pos\u00e9 des offres non engageantes depuis le d\u00e9but du mois de d\u00e9cembre, pour racheter une partie des actifs de l\u2019op\u00e9rateur t\u00e9l\u00e9coms de Patrick Drahi. Cette offre vise les activit\u00e9s dites \u00abNetco\u00bb, autrement dit la colonne vert\u00e9brale du r\u00e9seau de SFR. Celui-ci recoupe, par exemple, le r\u00e9seau longue distance utilis\u00e9 par les op\u00e9rateurs internationaux, les r\u00e9seaux en zones tr\u00e8s denses, des infrastructures pour raccorder les entreprises.<\/p>\n<p class=\"fig-paragraph\">H\u00e9rit\u00e9 des multiples acquisitions r\u00e9alis\u00e9es par SFR au cours de son histoire, il s\u2019agit d\u2019un actif qui d\u00e9gageait autour de 400 millions d\u2019euros d\u2019Ebidta l\u2019an pass\u00e9. \u00c0 entendre une source, l\u2019offre non engageante d\u00e9pos\u00e9e sur \u00abNetco\u00bb valorise entre 12 et 14 fois ce r\u00e9sultat d\u2019exploitation, soit l\u2019\u00e9quivalent de 4,8 milliards \u00e0 5,6 milliards d\u2019euros. Les postulants, eux, sont des acteurs bien connus\u2026<\/p>\n<p class=\"fig-premium-paywall__infos\">\n        Cet article est r\u00e9serv\u00e9 aux abonn\u00e9s.        Il vous reste 82% \u00e0 d\u00e9couvrir.\n    <\/p>\n<p>                <img  data- alt=\"Le Figaro\" class=\"fig-img--complete fig-img\"\/><\/p>\n<p class=\"fig-premium-paywall__title\">Vente Flash<\/p>\n<p class=\"fig-premium-paywall__subtitle\">-50% sur l&rsquo;abonnement num\u00e9rique<\/p>\n<p class=\"fig-premium-paywall__connect\">\n                D\u00e9j\u00e0 abonn\u00e9\u00a0?                <a class=\"fig-premium-paywall__connect-link\" href=\"https:\/\/connect.lefigaro.fr\/login?client=horizon_web&amp;type=main&amp;redirect_uri=https%3A%2F%2Fwww.lefigaro.fr%2Fsecteur%2Fhigh-tech%2Fles-fonds-d-infrastructures-s-invitent-dans-le-dossier-de-la-vente-de-sfr-20251215\" data-js-gtm=\"{&quot;customCategorie&quot;: &quot;conversion&quot;, &quot;customAction&quot;: &quot;before_Landing_Connexion_paywall_auto&quot;, &quot;customLabel&quot;: &quot;bGVmaWdhcm8uZnJfXzFmMGQ5YzNlLWM1NTctNjNiYS1iM2E2LWJkZWIwMTMwMWNiNF9fQXJ0aWNsZQ==_Les fonds d\u2019infrastructures s\u2019invitent dans le dossier de la vente de SFR_391&quot;, &quot;customIDSPE&quot;: &quot;bGVmaWdhcm8uZnJfXzFmMGQ5YzNlLWM1NTctNjNiYS1iM2E2LWJkZWIwMTMwMWNiNF9fQXJ0aWNsZQ==&quot;, &quot;event&quot;: &quot;customEventSPE&quot;}\" target=\"_blank\" rel=\"noopener\"><br \/>\n                    Connectez-vous<br \/>\n                <\/a>\n            <\/p>\n","protected":false},"excerpt":{"rendered":"Quatre fonds d\u2019infrastructures ont d\u00e9pos\u00e9 des offres non engageantes pour r\u00e9cup\u00e9rer une partie des actifs de l\u2019op\u00e9rateur t\u00e9l\u00e9coms.&hellip;\n","protected":false},"author":2,"featured_media":601589,"comment_status":"","ping_status":"","sticky":false,"template":"","format":"standard","meta":{"footnotes":""},"categories":[6],"tags":[35,33,34,1011,27,740],"class_list":{"0":"post-601588","1":"post","2":"type-post","3":"status-publish","4":"format-standard","5":"has-post-thumbnail","7":"category-economie","8":"tag-business","9":"tag-economie","10":"tag-economy","11":"tag-fr","12":"tag-france","13":"tag-sfr"},"share_on_mastodon":{"url":"https:\/\/pubeurope.com\/@fr\/115725624014610879","error":""},"_links":{"self":[{"href":"https:\/\/www.europesays.com\/fr\/wp-json\/wp\/v2\/posts\/601588","targetHints":{"allow":["GET"]}}],"collection":[{"href":"https:\/\/www.europesays.com\/fr\/wp-json\/wp\/v2\/posts"}],"about":[{"href":"https:\/\/www.europesays.com\/fr\/wp-json\/wp\/v2\/types\/post"}],"author":[{"embeddable":true,"href":"https:\/\/www.europesays.com\/fr\/wp-json\/wp\/v2\/users\/2"}],"replies":[{"embeddable":true,"href":"https:\/\/www.europesays.com\/fr\/wp-json\/wp\/v2\/comments?post=601588"}],"version-history":[{"count":0,"href":"https:\/\/www.europesays.com\/fr\/wp-json\/wp\/v2\/posts\/601588\/revisions"}],"wp:featuredmedia":[{"embeddable":true,"href":"https:\/\/www.europesays.com\/fr\/wp-json\/wp\/v2\/media\/601589"}],"wp:attachment":[{"href":"https:\/\/www.europesays.com\/fr\/wp-json\/wp\/v2\/media?parent=601588"}],"wp:term":[{"taxonomy":"category","embeddable":true,"href":"https:\/\/www.europesays.com\/fr\/wp-json\/wp\/v2\/categories?post=601588"},{"taxonomy":"post_tag","embeddable":true,"href":"https:\/\/www.europesays.com\/fr\/wp-json\/wp\/v2\/tags?post=601588"}],"curies":[{"name":"wp","href":"https:\/\/api.w.org\/{rel}","templated":true}]}}