{"id":601590,"date":"2025-12-15T21:07:10","date_gmt":"2025-12-15T21:07:10","guid":{"rendered":"https:\/\/www.europesays.com\/fr\/601590\/"},"modified":"2025-12-15T21:07:10","modified_gmt":"2025-12-15T21:07:10","slug":"presidentielle-au-chili-la-victoire-de-jose-antonio-kast-pose-la-question-des-raisons-du-retour-de-lextreme-droite","status":"publish","type":"post","link":"https:\/\/www.europesays.com\/fr\/601590\/","title":{"rendered":"Pr\u00e9sidentielle au Chili\u00a0: La victoire de Jos\u00e9 Antonio Kast, pose la question des raisons du retour de l&rsquo;extr\u00eame droite"},"content":{"rendered":"<p>Les relents de l\u2019histoire tournent parfois au remugle. Cinquante-deux ans apr\u00e8s le coup d\u2019\u00c9tat fasciste et la mort de Salvador Allende, trente-cinq\u00a0ans apr\u00e8s la fin de la dictature militaire d\u2019Augusto Pinochet, son h\u00e9ritier revendiqu\u00e9, Jos\u00e9 Antonio Kast, acc\u00e8de \u00e0 la fonction pr\u00e9sidentielle.<\/p>\n<p>Avec 58,2\u00a0% des voix contre 41,8\u00a0% pour <a href=\"https:\/\/www.humanite.fr\/monde\/amerique-latine\/election-presidentielle-au-chili-jeannette-jara-la-candidate-communiste-qui-veut-transformer-le-pays-en-profondeur\" target=\"_blank\" rel=\"noopener\">la communiste Jeannette Jara<\/a>, qui repr\u00e9sentait la coalition rassemblant toute la gauche, <a href=\"https:\/\/www.humanite.fr\/monde\/augusto-pinochet\/presidentielle-au-chili-lextreme-droite-reprend-le-pouvoir-avec-la-victoire-de-jose-antonio-kast\" target=\"_blank\" rel=\"noopener\">la victoire de la droite et de son extr\u00eame<\/a> est sans appel et <a href=\"https:\/\/www.humanite.fr\/monde\/amerique-latine\/presidentielle-au-chili-la-communiste-jeannette-jara-peut-elle-lemporter-face-aux-parti-de-droite-qui-totalisent-pres-de-70-des-voix\" target=\"_blank\" rel=\"noopener\">vient confirmer les r\u00e9sultats du premier tour, le 16\u00a0novembre<\/a>. Ce jour-l\u00e0, les \u00e9lections l\u00e9gislatives \u2013 tenues en parall\u00e8le de la pr\u00e9sidentielle \u2013 faisaient entrer au Parlement chilien 90 d\u00e9put\u00e9s de droite sur 155 et 27 s\u00e9nateurs sur 50. Cette droitisation de tout le champ politique ne concerne pas que le Chili, mais l\u2019ensemble du continent am\u00e9ricain. Et pose \u00e0 la gauche des questions existentielles.<\/p>\n<p>Jos\u00e9 Antonio Kast et l\u2019h\u00e9ritage de Pinochet<\/p>\n<p>\u00ab\u00a0Si on s\u2019\u00e9tait rencontr\u00e9s, on aurait pris un petit th\u00e9 \u00e0 la Moneda\u00a0\u00bb, confiait Jos\u00e9 Antonio Kast au quotidien la Tercera, \u00e0 propos de Pinochet. Le pr\u00e9sident \u00e9lu a m\u00eame assur\u00e9 que, s\u2019il \u00e9tait encore vivant, le dictateur aurait vot\u00e9 pour lui. C\u2019est que son programme s\u2019inscrit dans l\u2019extr\u00eame droite ligne du r\u00e9gime putschiste\u00a0: l\u2019ordre, l\u2019ordre, encore l\u2019ordre. Domin\u00e9e outrageusement par l\u2019immigration ill\u00e9gale et l\u2019ins\u00e9curit\u00e9 \u00e0 la faveur d\u2019un battage m\u00e9diatique ph\u00e9nom\u00e9nal, la campagne \u00e9lectorale a trac\u00e9 un sillon&#8230;<\/p>\n","protected":false},"excerpt":{"rendered":"Les relents de l\u2019histoire tournent parfois au remugle. Cinquante-deux ans apr\u00e8s le coup d\u2019\u00c9tat fasciste et la mort&hellip;\n","protected":false},"author":2,"featured_media":601591,"comment_status":"","ping_status":"","sticky":false,"template":"","format":"standard","meta":{"footnotes":""},"categories":[5],"tags":[11,1011,27,14,12,28],"class_list":{"0":"post-601590","1":"post","2":"type-post","3":"status-publish","4":"format-standard","5":"has-post-thumbnail","7":"category-international","8":"tag-actualites","9":"tag-fr","10":"tag-france","11":"tag-international","12":"tag-news","13":"tag-world"},"share_on_mastodon":{"url":"https:\/\/pubeurope.com\/@fr\/115725628062010291","error":""},"_links":{"self":[{"href":"https:\/\/www.europesays.com\/fr\/wp-json\/wp\/v2\/posts\/601590","targetHints":{"allow":["GET"]}}],"collection":[{"href":"https:\/\/www.europesays.com\/fr\/wp-json\/wp\/v2\/posts"}],"about":[{"href":"https:\/\/www.europesays.com\/fr\/wp-json\/wp\/v2\/types\/post"}],"author":[{"embeddable":true,"href":"https:\/\/www.europesays.com\/fr\/wp-json\/wp\/v2\/users\/2"}],"replies":[{"embeddable":true,"href":"https:\/\/www.europesays.com\/fr\/wp-json\/wp\/v2\/comments?post=601590"}],"version-history":[{"count":0,"href":"https:\/\/www.europesays.com\/fr\/wp-json\/wp\/v2\/posts\/601590\/revisions"}],"wp:featuredmedia":[{"embeddable":true,"href":"https:\/\/www.europesays.com\/fr\/wp-json\/wp\/v2\/media\/601591"}],"wp:attachment":[{"href":"https:\/\/www.europesays.com\/fr\/wp-json\/wp\/v2\/media?parent=601590"}],"wp:term":[{"taxonomy":"category","embeddable":true,"href":"https:\/\/www.europesays.com\/fr\/wp-json\/wp\/v2\/categories?post=601590"},{"taxonomy":"post_tag","embeddable":true,"href":"https:\/\/www.europesays.com\/fr\/wp-json\/wp\/v2\/tags?post=601590"}],"curies":[{"name":"wp","href":"https:\/\/api.w.org\/{rel}","templated":true}]}}