{"id":601595,"date":"2025-12-15T21:10:57","date_gmt":"2025-12-15T21:10:57","guid":{"rendered":"https:\/\/www.europesays.com\/fr\/601595\/"},"modified":"2025-12-15T21:10:57","modified_gmt":"2025-12-15T21:10:57","slug":"110-appartements-du-t1-au-t3-en-location-a-lespace-beaunier","status":"publish","type":"post","link":"https:\/\/www.europesays.com\/fr\/601595\/","title":{"rendered":"110 appartements du T1 au T3 en location \u00e0 l\u2019espace Beaunier"},"content":{"rendered":"<p>Dans son plan de mandat (qui arrivera \u00e0 son terme en 2026), la Municipalit\u00e9 avait inscrit le projet de voir se r\u00e9aliser une r\u00e9sidence services seniors au sein de l\u2019espace Beaunier.<\/p>\n<p>La commercialisation vient de d\u00e9buter avec des appartements t\u00e9moins que l\u2019on peut visiter<\/p>\n<p>Apr\u00e8s le rachat des terrains par la Commune et la d\u00e9molition des anciennes friches industrielles, une parcelle de 8\u00a0700\u00a0m2 , situ\u00e9e en bordure de la rue de l\u2019Espoir, avait \u00e9t\u00e9 identifi\u00e9e pour cette implantation. La mairie b\u00e9n\u00e9ficiant de la pleine ma\u00eetrise fonci\u00e8re de ce secteur, le conseil municipal a ensuite valid\u00e9 (en juin\u00a02022) la vente des terrains&#8230;<\/p>\n","protected":false},"excerpt":{"rendered":"Dans son plan de mandat (qui arrivera \u00e0 son terme en 2026), la Municipalit\u00e9 avait inscrit le projet&hellip;\n","protected":false},"author":2,"featured_media":601596,"comment_status":"","ping_status":"","sticky":false,"template":"","format":"standard","meta":{"footnotes":""},"categories":[9653],"tags":[1111,11,2430,7539,1777,674,1011,27,1908,12,25,4001,9664,104,10246],"class_list":{"0":"post-601595","1":"post","2":"type-post","3":"status-publish","4":"format-standard","5":"has-post-thumbnail","7":"category-saint-etienne","8":"tag-actu","9":"tag-actualites","10":"tag-auvergne-rhone-alpes","11":"tag-edition-loire-sud","12":"tag-eu","13":"tag-europe","14":"tag-fr","15":"tag-france","16":"tag-logement","17":"tag-news","18":"tag-republique-francaise","19":"tag-saint-etienne","20":"tag-saint-etienne-bassin","21":"tag-societe","22":"tag-villars"},"share_on_mastodon":{"url":"https:\/\/pubeurope.com\/@fr\/115725643493490472","error":""},"_links":{"self":[{"href":"https:\/\/www.europesays.com\/fr\/wp-json\/wp\/v2\/posts\/601595","targetHints":{"allow":["GET"]}}],"collection":[{"href":"https:\/\/www.europesays.com\/fr\/wp-json\/wp\/v2\/posts"}],"about":[{"href":"https:\/\/www.europesays.com\/fr\/wp-json\/wp\/v2\/types\/post"}],"author":[{"embeddable":true,"href":"https:\/\/www.europesays.com\/fr\/wp-json\/wp\/v2\/users\/2"}],"replies":[{"embeddable":true,"href":"https:\/\/www.europesays.com\/fr\/wp-json\/wp\/v2\/comments?post=601595"}],"version-history":[{"count":0,"href":"https:\/\/www.europesays.com\/fr\/wp-json\/wp\/v2\/posts\/601595\/revisions"}],"wp:featuredmedia":[{"embeddable":true,"href":"https:\/\/www.europesays.com\/fr\/wp-json\/wp\/v2\/media\/601596"}],"wp:attachment":[{"href":"https:\/\/www.europesays.com\/fr\/wp-json\/wp\/v2\/media?parent=601595"}],"wp:term":[{"taxonomy":"category","embeddable":true,"href":"https:\/\/www.europesays.com\/fr\/wp-json\/wp\/v2\/categories?post=601595"},{"taxonomy":"post_tag","embeddable":true,"href":"https:\/\/www.europesays.com\/fr\/wp-json\/wp\/v2\/tags?post=601595"}],"curies":[{"name":"wp","href":"https:\/\/api.w.org\/{rel}","templated":true}]}}