{"id":601603,"date":"2025-12-15T21:16:12","date_gmt":"2025-12-15T21:16:12","guid":{"rendered":"https:\/\/www.europesays.com\/fr\/601603\/"},"modified":"2025-12-15T21:16:12","modified_gmt":"2025-12-15T21:16:12","slug":"toulon-meteo-un-temps-bien-perturbe-mardi-sur-la-provence-alpes-cote-dazur","status":"publish","type":"post","link":"https:\/\/www.europesays.com\/fr\/601603\/","title":{"rendered":"TOULON : M\u00e9t\u00e9o &#8211; Un temps bien perturb\u00e9 mardi sur la Provence-Alpes-C\u00f4te-d\u2019Azur"},"content":{"rendered":"<p><strong>Un temps bien perturb\u00e9 ce mardi sur la r\u00e9gion Provence, Alpes, C\u00f4te d\u2019Azur, avec des pluies parfois soutenues en matin\u00e9e, avant une att\u00e9nuation progressive dans l\u2019apr\u00e8s-midi. <\/strong><\/p>\n<p>Le vent d\u2019est se montre lui aussi tr\u00e8s pr\u00e9sent, avec des rafales pouvant atteindre 80 km\/h.<br data-start=\"317\" data-end=\"320\"\/>C\u00f4t\u00e9 temp\u00e9ratures, elles restent stables, comprises entre 6 et 13\u00b0 au lever du jour, puis 10 \u00e0 15\u00b0 l\u2019apr\u00e8s-midi.<br data-start=\"432\" data-end=\"435\"\/>Il fera 15\u00b0 sur Marseille, Martigues et Sausset-les-Pins, 14\u00b0 \u00e0 Aix-en-Provence, Avignon, Aubagne, Bandol, Toulon, Carqueiranne, Hy\u00e8res et La Londe, 12\u00b0 \u00e0 Forcalquier et Aubignosc, et 10\u00b0 \u00e0 Sisteron.<\/p>\n<p><strong>ComLaRadio\u00a0<\/strong><br \/><strong>Thierry CARI<\/strong><br \/><strong>Voix Off<\/strong><br \/><strong>Animateur \/ pr\u00e9sentateur<\/strong><br \/><strong><a href=\"https:\/\/presseagence.fr\/toulon-meteo-un-temps-bien-perturbe-mardi-sur-la-provence-alpes-cote-dazur\/mailto:Contact@thierrycari.com\" target=\"_blank\" rel=\"noopener\">Contact@thierrycari.com<\/a><\/strong><br \/><strong><a href=\"http:\/\/www.thierrycari.com\" target=\"_blank\" rel=\"noopener\">www.thierrycari.com<\/a><\/strong><\/p>\n","protected":false},"excerpt":{"rendered":"Un temps bien perturb\u00e9 ce mardi sur la r\u00e9gion Provence, Alpes, C\u00f4te d\u2019Azur, avec des pluies parfois soutenues&hellip;\n","protected":false},"author":2,"featured_media":34790,"comment_status":"","ping_status":"","sticky":false,"template":"","format":"standard","meta":{"footnotes":""},"categories":[9619],"tags":[1111,11,1777,674,1011,27,12,882,25,2310],"class_list":{"0":"post-601603","1":"post","2":"type-post","3":"status-publish","4":"format-standard","5":"has-post-thumbnail","7":"category-toulon","8":"tag-actu","9":"tag-actualites","10":"tag-eu","11":"tag-europe","12":"tag-fr","13":"tag-france","14":"tag-news","15":"tag-provence-alpes-cote-dazur","16":"tag-republique-francaise","17":"tag-toulon"},"share_on_mastodon":{"url":"https:\/\/pubeurope.com\/@fr\/115725663252303611","error":""},"_links":{"self":[{"href":"https:\/\/www.europesays.com\/fr\/wp-json\/wp\/v2\/posts\/601603","targetHints":{"allow":["GET"]}}],"collection":[{"href":"https:\/\/www.europesays.com\/fr\/wp-json\/wp\/v2\/posts"}],"about":[{"href":"https:\/\/www.europesays.com\/fr\/wp-json\/wp\/v2\/types\/post"}],"author":[{"embeddable":true,"href":"https:\/\/www.europesays.com\/fr\/wp-json\/wp\/v2\/users\/2"}],"replies":[{"embeddable":true,"href":"https:\/\/www.europesays.com\/fr\/wp-json\/wp\/v2\/comments?post=601603"}],"version-history":[{"count":0,"href":"https:\/\/www.europesays.com\/fr\/wp-json\/wp\/v2\/posts\/601603\/revisions"}],"wp:featuredmedia":[{"embeddable":true,"href":"https:\/\/www.europesays.com\/fr\/wp-json\/wp\/v2\/media\/34790"}],"wp:attachment":[{"href":"https:\/\/www.europesays.com\/fr\/wp-json\/wp\/v2\/media?parent=601603"}],"wp:term":[{"taxonomy":"category","embeddable":true,"href":"https:\/\/www.europesays.com\/fr\/wp-json\/wp\/v2\/categories?post=601603"},{"taxonomy":"post_tag","embeddable":true,"href":"https:\/\/www.europesays.com\/fr\/wp-json\/wp\/v2\/tags?post=601603"}],"curies":[{"name":"wp","href":"https:\/\/api.w.org\/{rel}","templated":true}]}}