{"id":601608,"date":"2025-12-15T21:19:15","date_gmt":"2025-12-15T21:19:15","guid":{"rendered":"https:\/\/www.europesays.com\/fr\/601608\/"},"modified":"2025-12-15T21:19:15","modified_gmt":"2025-12-15T21:19:15","slug":"un-policier-ancien-chef-de-la-brigade-des-mineurs-de-rouen-soupconne-de-pedocriminalite-et-incarcere","status":"publish","type":"post","link":"https:\/\/www.europesays.com\/fr\/601608\/","title":{"rendered":"Un policier, ancien chef de la brigade des mineurs de Rouen, soup\u00e7onn\u00e9 de p\u00e9docriminalit\u00e9 et incarc\u00e9r\u00e9"},"content":{"rendered":"<p>                    Par<br \/>\n        <strong><br \/>\n            <a href=\"https:\/\/actu.fr\/auteur\/yann-rivallan\" title=\"Consulter tous les articles de Yann Rivallan\" target=\"_blank\" rel=\"noopener\">Yann Rivallan<\/a><br \/>\n                    <\/strong><\/p>\n<p>        Publi\u00e9 le<\/p>\n<p>            15 d\u00e9c. 2025 \u00e0 18h01        <\/p>\n<p>Un fonctionnaire de police de <a href=\"https:\/\/actu.fr\/normandie\/rouen_76540\" target=\"_blank\" rel=\"noopener\">Rouen<\/a>, grad\u00e9 et <strong>ancien chef de la brigade des mineurs<\/strong> locale, est mis en examen depuis le 8\u00a0d\u00e9cembre 2025. Apr\u00e8s des mois d\u2019enqu\u00eate, il est suspect\u00e9 d\u2019avoir <strong>agress\u00e9 sexuellement deux adolescentes<\/strong>. Il est aussi poursuivi pour corruption de mineurs ou encore d\u00e9tention d\u2019images p\u00e9dopornographiques. \u00c2g\u00e9 de 51\u00a0ans, il est aujourd\u2019hui <strong>en d\u00e9tention provisoire<\/strong> selon le parquet d\u2019\u00c9vreux, confirmant une information de <a href=\"https:\/\/www.francebleu.fr\/infos\/faits-divers-justice\/rouen-l-ancien-chef-de-la-brigade-des-mineurs-mis-en-examen-pour-agressions-sexuelles-sur-des-adolescentes-5730028\" target=\"_blank\" rel=\"noopener\">nos confr\u00e8res d\u2019Ici Normandie et France 3 Normandie<\/a>.<\/p>\n<p>Une adolescente d\u00e9nonce des agressions sexuelles<\/p>\n<p class=\" wall-content\">Selon un communiqu\u00e9 de presse du parquet d\u2019\u00c9vreux \u2014 auquel l\u2019enqu\u00eate a \u00e9t\u00e9 confi\u00e9e pour limiter tout risque de partialit\u00e9 du parquet rouennais \u2014 les faits remontent \u00e0 juin 2024. \u00c0 cette \u00e9poque, une jeune fille de 17 ans, scolaris\u00e9e au Havre, \u00ab\u2009d\u00e9non\u00e7ait aupr\u00e8s de l\u2019\u00c9ducation Nationale <strong>des faits d\u2019agression sexuelle<\/strong> dont elle aurait \u00e9t\u00e9 victime cinq ans plus t\u00f4t, \u00e0 l\u2019\u00e9t\u00e9 2019, quand elle avait 12 ans\u2009\u00bb, rapporte le parquet.<\/p>\n<p class=\" wall-content\">D\u2019apr\u00e8s son t\u00e9moignage, les faits auraient \u00e9t\u00e9 commis par \u00ab<strong>\u2009un ami de ses parents<\/strong>, alors qu\u2019elle \u00e9tait partie en vacances avec celui-ci, son \u00e9pouse et leurs filles\u2009\u00bb. Il s\u2019agissait du policier de Rouen, aujourd\u2019hui mis en examen.<\/p>\n<p class=\" wall-content\">L\u2019\u00e9tablissement scolaire du\u00a0Havre a, d\u00e8s lors, transmis ce signalement \u00e0 l\u2019autorit\u00e9 judiciaire. En plus du parquet d\u2019\u00c9vreux, l\u2019Inspection G\u00e9n\u00e9rale de la Police Nationale (IGPN) \u00e9tait \u00e9galement saisie.<\/p>\n<p>Des images p\u00e9dopornographiques retrouv\u00e9es dans son t\u00e9l\u00e9phone<\/p>\n<p class=\" wall-content\">Lors d\u2019une perquisition au domicile et sur le lieu de travail du policier, en janvier\u00a02025, les enqu\u00eateurs d\u00e9couvrent \u00ab\u2009de nombreuses images \u00e0 caract\u00e8re pornographique ou \u00e9rotique repr\u00e9sentant des mineurs ou des personnes pr\u00e9sent\u00e9es comme telles <strong>dans son t\u00e9l\u00e9phone<\/strong> portable\u2009\u00bb.<\/p>\n<p>Vid\u00e9os : en ce moment sur Actu<\/p>\n<p class=\" wall-content\">De plus, ils vont retrouver <strong>un disque dur<\/strong> \u00ab\u2009contenant un grand nombre de donn\u00e9es \u00e0 caract\u00e8re p\u00e9dopornographique issues manifestement d\u2019une proc\u00e9dure judiciaire trait\u00e9e par le service [la brigade des mineurs, NDLR] auquel appartenait le mis en cause\u2009\u00bb.<\/p>\n<p>Une seconde adolescente sort du silence<\/p>\n<p class=\" wall-content\">En novembre\u00a02025, <strong>une seconde jeune fille<\/strong> \u00e2g\u00e9e de 13\u00a0ans \u00ab\u2009d\u00e9nonce \u00e0 son tour des faits d\u2019agression sexuelle et de corruption de mineurs dont elle aurait \u00e9t\u00e9 victime de la part du m\u00eame fonctionnaire de police au cours des deux derni\u00e8res ann\u00e9es\u2009\u00bb.<\/p>\n<p>Votre r\u00e9gion, votre actu !<\/p>\n<p>Recevez chaque jour les infos qui comptent pour vous.<\/p>\n<p>\t<a href=\"https:\/\/actu.fr\/newsletter\" class=\"ac-btn ac-btn--corner ac-btn--medium ac-btn--blue800\" target=\"_blank\" rel=\"noopener\">S&rsquo;incrire<\/a><\/p>\n<p class=\" wall-content\">D\u00e8s lors, un mode op\u00e9ratoire semble se dessiner. Comme la premi\u00e8re victime, cette adolescente originaire de Seine-Maritime \u00e9tait \u00ab\u2009amie avec l\u2019une des filles du [policier] et, \u00e0 ce titre, se rendait r\u00e9guli\u00e8rement au domicile de celui-ci\u2009\u00bb, indique le parquet dans son communiqu\u00e9.<\/p>\n<p class=\" wall-content\">Cette nouvelle proc\u00e9dure est tout de suite ajout\u00e9e \u00e0 celle d\u00e9j\u00e0 en cours.<\/p>\n<p>Le policier plac\u00e9 en d\u00e9tention provisoire<\/p>\n<p class=\" wall-content\">Et finalement, le 8\u00a0d\u00e9cembre 2025, le policier de 51\u00a0ans, alors adjoint au chef de la brigade des atteintes aux personnes, est interpell\u00e9 et <strong>plac\u00e9 en garde \u00e0 vue<\/strong> par les enqu\u00eateurs de l\u2019IGPN.<\/p>\n<p class=\" wall-content\">Au cours de son audition, <strong>il \u00ab\u2009conteste<\/strong> les actes rapport\u00e9s par la premi\u00e8re plaignante\u2009\u00bb, pr\u00e9cise le communiqu\u00e9. En revanche, il admet avoir \u00ab\u2009commis une partie de ceux d\u00e9nonc\u00e9s par la seconde jeune fille\u2009\u00bb, et \u00e9galement la d\u00e9tention d\u2019images p\u00e9dopornographiques et la consultation de sites de cette nature, \u00ab\u2009en expliquant avoir d\u2019abord \u00e9t\u00e9 m\u00fb par la curiosit\u00e9\u2009\u00bb.<\/p>\n<p class=\" wall-content\">\u00c0 l\u2019issue de sa garde \u00e0 vue, le 8\u00a0d\u00e9cembre, il \u00e9tait d\u00e9f\u00e9r\u00e9 au tribunal judiciaire d\u2019\u00c9vreux et une information judiciaire \u00e9tait ouverte \u00e0 son encontre des chefs suivants\u2009: \u00ab\u2009Agressions sexuelles \u00e0 l\u2019encontre de mineures de moins de 15\u00a0ans, d\u00e9tention d\u2019images de mineurs pr\u00e9sentant un caract\u00e8re pornographique et d\u00e9tournement de la finalit\u00e9 d\u2019un traitement de donn\u00e9es \u00e0 caract\u00e8re personnel.\u2009\u00bb<\/p>\n<p class=\" wall-content\">Il a ensuite \u00e9t\u00e9 plac\u00e9 en d\u00e9tention provisoire et <strong>incarc\u00e9r\u00e9<\/strong> \u00e0 la maison d\u2019arr\u00eat d\u2019\u00c9vreux.<\/p>\n<p>Suivez l\u2019actualit\u00e9 de Rouen sur <a href=\"https:\/\/www.whatsapp.com\/channel\/0029VaKfnf99hXF2ddApFB1D\" target=\"_blank\" rel=\"noopener\">notre cha\u00eene WhatsApp<\/a> et sur <a href=\"https:\/\/www.tiktok.com\/@76actu.fr?lang=fr\" target=\"_blank\" rel=\"noopener\">notre compte TikTok<\/a><\/p>\n<p class=\" wall-content\">Personnalisez votre actualit\u00e9 en ajoutant vos villes et m\u00e9dias en favori avec <a href=\"https:\/\/moncompte.actu.fr\" title=\"D\u00e9couvez Mon Actu\" rel=\"nofollow noopener\" data-trk=\"{&quot;cta&quot;:{&quot;action&quot;:&quot;https:\\\/\\\/moncompte.actu.fr&quot;,&quot;category&quot;:&quot;mon compte&quot;,&quot;from&quot;:&quot;article footer&quot;,&quot;name&quot;:&quot;Mon actu&quot;,&quot;type&quot;:&quot;cta&quot;}}\" target=\"_blank\">Mon Actu<\/a>.<\/p>\n<p>                    <script async src=\"\/\/www.tiktok.com\/embed.js\"><\/script><\/p>\n","protected":false},"excerpt":{"rendered":"Par Yann Rivallan Publi\u00e9 le 15 d\u00e9c. 2025 \u00e0 18h01 Un fonctionnaire de police de Rouen, grad\u00e9 et&hellip;\n","protected":false},"author":2,"featured_media":601609,"comment_status":"","ping_status":"","sticky":false,"template":"","format":"standard","meta":{"footnotes":""},"categories":[9587],"tags":[1111,11,1777,674,118,1011,27,35088,12,5161,1072,25,9590,799],"class_list":{"0":"post-601608","1":"post","2":"type-post","3":"status-publish","4":"format-standard","5":"has-post-thumbnail","7":"category-rouen","8":"tag-actu","9":"tag-actualites","10":"tag-eu","11":"tag-europe","12":"tag-faits-divers","13":"tag-fr","14":"tag-france","15":"tag-igpn","16":"tag-news","17":"tag-normandie","18":"tag-police","19":"tag-republique-francaise","20":"tag-rouen","21":"tag-violences-sexuelles"},"share_on_mastodon":{"url":"https:\/\/pubeurope.com\/@fr\/115725675360183844","error":""},"_links":{"self":[{"href":"https:\/\/www.europesays.com\/fr\/wp-json\/wp\/v2\/posts\/601608","targetHints":{"allow":["GET"]}}],"collection":[{"href":"https:\/\/www.europesays.com\/fr\/wp-json\/wp\/v2\/posts"}],"about":[{"href":"https:\/\/www.europesays.com\/fr\/wp-json\/wp\/v2\/types\/post"}],"author":[{"embeddable":true,"href":"https:\/\/www.europesays.com\/fr\/wp-json\/wp\/v2\/users\/2"}],"replies":[{"embeddable":true,"href":"https:\/\/www.europesays.com\/fr\/wp-json\/wp\/v2\/comments?post=601608"}],"version-history":[{"count":0,"href":"https:\/\/www.europesays.com\/fr\/wp-json\/wp\/v2\/posts\/601608\/revisions"}],"wp:featuredmedia":[{"embeddable":true,"href":"https:\/\/www.europesays.com\/fr\/wp-json\/wp\/v2\/media\/601609"}],"wp:attachment":[{"href":"https:\/\/www.europesays.com\/fr\/wp-json\/wp\/v2\/media?parent=601608"}],"wp:term":[{"taxonomy":"category","embeddable":true,"href":"https:\/\/www.europesays.com\/fr\/wp-json\/wp\/v2\/categories?post=601608"},{"taxonomy":"post_tag","embeddable":true,"href":"https:\/\/www.europesays.com\/fr\/wp-json\/wp\/v2\/tags?post=601608"}],"curies":[{"name":"wp","href":"https:\/\/api.w.org\/{rel}","templated":true}]}}