{"id":601610,"date":"2025-12-15T21:20:20","date_gmt":"2025-12-15T21:20:20","guid":{"rendered":"https:\/\/www.europesays.com\/fr\/601610\/"},"modified":"2025-12-15T21:20:20","modified_gmt":"2025-12-15T21:20:20","slug":"un-policier-de-rouen-mis-en-examen-et-place-en-detention-provisoire","status":"publish","type":"post","link":"https:\/\/www.europesays.com\/fr\/601610\/","title":{"rendered":"un policier de Rouen mis en examen et plac\u00e9 en d\u00e9tention provisoire"},"content":{"rendered":"<p>AA \/ Istanbul \/ Serap Dogansoy<\/p>\n<p>Un policier de la brigade des mineurs de Rouen a \u00e9t\u00e9 mis en examen et plac\u00e9 en d\u00e9tention provisoire pour des faits d\u2019agressions sexuelles sur mineures, de corruption de mineures et de d\u00e9tention de contenus illicites impliquant des mineurs, a indiqu\u00e9 le parquet d\u2019\u00c9vreux dans un communiqu\u00e9.<\/p>\n<p>\u00c2g\u00e9 de 51 ans, le fonctionnaire, qui exer\u00e7ait au commissariat de Rouen (Seine-Maritime) avec le grade de major, a \u00e9t\u00e9 interpell\u00e9 le 8 d\u00e9cembre 2025 puis plac\u00e9 en garde \u00e0 vue par l\u2019Inspection g\u00e9n\u00e9rale de la police nationale (IGPN). Il a ensuite \u00e9t\u00e9 pr\u00e9sent\u00e9 \u00e0 un juge d\u2019instruction du tribunal judiciaire d\u2019\u00c9vreux, qui a ouvert une information judiciaire et ordonn\u00e9 son placement en d\u00e9tention provisoire.<\/p>\n<p>L\u2019enqu\u00eate a \u00e9t\u00e9 confi\u00e9e au parquet d\u2019\u00c9vreux apr\u00e8s avoir \u00e9t\u00e9 d\u00e9pays\u00e9e en raison des fonctions du mis en cause. Elle a d\u00e9but\u00e9 en juin 2024 \u00e0 la suite du signalement effectu\u00e9 par l\u2019\u00c9ducation nationale, apr\u00e8s les r\u00e9v\u00e9lations d\u2019une jeune fille de 17 ans scolaris\u00e9e au Havre. Celle-ci affirme avoir \u00e9t\u00e9 victime d\u2019agressions sexuelles \u00e0 l\u2019\u00e9t\u00e9 2019, alors qu\u2019elle avait 12 ans, lors de vacances pass\u00e9es avec le policier, pr\u00e9sent\u00e9 comme un ami de ses parents.<\/p>\n<p>Une perquisition men\u00e9e au domicile du fonctionnaire, au Val-de-la-Haye, a permis la d\u00e9couverte de contenus \u00e0 caract\u00e8re illicite repr\u00e9sentant des mineurs sur plusieurs supports num\u00e9riques, selon le procureur de la R\u00e9publique d\u2019\u00c9vreux, R\u00e9mi Coutin. Ces \u00e9l\u00e9ments seraient issus de dossiers judiciaires trait\u00e9s par le service dans lequel le policier exer\u00e7ait.<\/p>\n<p>En novembre 2025, une seconde jeune fille, \u00e2g\u00e9e de 13 ans, a \u00e9galement d\u00e9nonc\u00e9 des faits d\u2019agressions sexuelles et de corruption de mineure. Elle fr\u00e9quentait r\u00e9guli\u00e8rement le domicile du policier, \u00e9tant amie avec sa fille.<\/p>\n<p>Lors de ses auditions, le mis en cause a contest\u00e9 les faits rapport\u00e9s par la premi\u00e8re plaignante. Il a en revanche reconnu une partie de ceux d\u00e9nonc\u00e9s par la seconde, ainsi que la d\u00e9tention de contenus illicites et la consultation de sites prohib\u00e9s, selon le parquet.<\/p>\n<p>Le policier est mis en examen pour agressions sexuelles sur mineures de moins de 15 ans, corruption de mineure de moins de 15 ans, d\u00e9tention de contenus illicites impliquant des mineurs et d\u00e9tournement de la finalit\u00e9 d\u2019un traitement de donn\u00e9es \u00e0 caract\u00e8re personnel. Les investigations se poursuivent sous l\u2019autorit\u00e9 d\u2019un juge d\u2019instruction.\u200b\u200b\u200b\u200b\u200b\u200b\u200b<\/p>\n<p>                            &#13;<br \/>\n                                <a href=\"https:\/\/www.aa.com.tr\/fr\/p\/abonnement\/1001\" target=\"_blank\" style=\"font-size:12px; color:#444; text-decoration:none;\" rel=\"noopener\">&#13;<br \/>\n                                    Seulement une partie des d\u00e9p\u00eaches, que l&rsquo;Agence Anadolu diffuse \u00e0 ses abonn\u00e9s via le Syst\u00e8me de Diffusion interne (HAS), est diffus\u00e9e sur le site de l&rsquo;AA, de mani\u00e8re r\u00e9sum\u00e9e. <b style=\"color:#1897F7\">Contactez-nous s&rsquo;il vous pla\u00eet pour vous abonner.<\/b>&#13;<br \/>\n                                <\/a>&#13;<\/p>\n","protected":false},"excerpt":{"rendered":"AA \/ Istanbul \/ Serap Dogansoy Un policier de la brigade des mineurs de Rouen a \u00e9t\u00e9 mis&hellip;\n","protected":false},"author":2,"featured_media":601611,"comment_status":"","ping_status":"","sticky":false,"template":"","format":"standard","meta":{"footnotes":""},"categories":[9587],"tags":[1111,11,71408,1785,71409,1777,674,1011,27,12,5161,71410,25,9590],"class_list":{"0":"post-601610","1":"post","2":"type-post","3":"status-publish","4":"format-standard","5":"has-post-thumbnail","7":"category-rouen","8":"tag-actu","9":"tag-actualites","10":"tag-agressions-sexuelles-sur-mineures","11":"tag-anadolu-ajansi","12":"tag-dtention-provisoire","13":"tag-eu","14":"tag-europe","15":"tag-fr","16":"tag-france","17":"tag-news","18":"tag-normandie","19":"tag-policier-de-la-brigade-des-mineurs","20":"tag-republique-francaise","21":"tag-rouen"},"share_on_mastodon":{"url":"https:\/\/pubeurope.com\/@fr\/115725679025434026","error":""},"_links":{"self":[{"href":"https:\/\/www.europesays.com\/fr\/wp-json\/wp\/v2\/posts\/601610","targetHints":{"allow":["GET"]}}],"collection":[{"href":"https:\/\/www.europesays.com\/fr\/wp-json\/wp\/v2\/posts"}],"about":[{"href":"https:\/\/www.europesays.com\/fr\/wp-json\/wp\/v2\/types\/post"}],"author":[{"embeddable":true,"href":"https:\/\/www.europesays.com\/fr\/wp-json\/wp\/v2\/users\/2"}],"replies":[{"embeddable":true,"href":"https:\/\/www.europesays.com\/fr\/wp-json\/wp\/v2\/comments?post=601610"}],"version-history":[{"count":0,"href":"https:\/\/www.europesays.com\/fr\/wp-json\/wp\/v2\/posts\/601610\/revisions"}],"wp:featuredmedia":[{"embeddable":true,"href":"https:\/\/www.europesays.com\/fr\/wp-json\/wp\/v2\/media\/601611"}],"wp:attachment":[{"href":"https:\/\/www.europesays.com\/fr\/wp-json\/wp\/v2\/media?parent=601610"}],"wp:term":[{"taxonomy":"category","embeddable":true,"href":"https:\/\/www.europesays.com\/fr\/wp-json\/wp\/v2\/categories?post=601610"},{"taxonomy":"post_tag","embeddable":true,"href":"https:\/\/www.europesays.com\/fr\/wp-json\/wp\/v2\/tags?post=601610"}],"curies":[{"name":"wp","href":"https:\/\/api.w.org\/{rel}","templated":true}]}}