{"id":601623,"date":"2025-12-15T21:27:11","date_gmt":"2025-12-15T21:27:11","guid":{"rendered":"https:\/\/www.europesays.com\/fr\/601623\/"},"modified":"2025-12-15T21:27:11","modified_gmt":"2025-12-15T21:27:11","slug":"11-des-13-supporters-de-las-roma-poursuivis-apres-une-rixe-en-marge-dun-match-de-logc-nice-relaxes","status":"publish","type":"post","link":"https:\/\/www.europesays.com\/fr\/601623\/","title":{"rendered":"11 des 13 supporters de l\u2019AS Roma poursuivis apr\u00e8s une rixe en marge d\u2019un match de l\u2019OGC Nice relax\u00e9s"},"content":{"rendered":"<p class=\"fs-5 \">L\u2019affaire avait fait couler de l\u2019encre \u00e0 la rentr\u00e9e derni\u00e8re. Le 23 septembre dernier, alors que l\u2019<strong>Allianz Riviera<\/strong> s\u2019appr\u00eate \u00e0 accueillir d\u00e8s le lendemain une rencontre sous haute tension entre le club romain l\u2019<strong>AS Roma<\/strong> et l\u2019<strong>OGC Nice<\/strong>, la police interpelle deux groupes de tifosi italiens.<\/p>\n<p class=\"fs-5 \">Le premier, au <strong>-2 du parking Sulzer<\/strong>, le second, <strong>place Mass\u00e9na<\/strong>. Lors de cette deuxi\u00e8me intervention particuli\u00e8rement muscl\u00e9e, <strong>les agents de la BAC (Brigade anticriminalit\u00e9)<\/strong> qui encerclent une quarantaine de <strong>supporters<\/strong>, encapuch\u00e9s et masqu\u00e9s pour la plupart, vont utiliser des <strong>grenades de d\u00e9sencerclement<\/strong>.<\/p>\n<p class=\"fs-5 \">Les forces de l\u2019ordre mettent ensuite la main sur une grande quantit\u00e9 d\u2019<strong>armes<\/strong> artisanales, abandonn\u00e9es sur place, parmi lesquelles des cutters, barres de fer ou encore pelles.<\/p>\n<p>                                                                                <strong>101 supporters en garde \u00e0 vue, 13 poursuivis<\/strong><\/p>\n<p class=\"fs-5 \">Arr\u00eat\u00e9s, 101 <strong>supporters<\/strong> sont plac\u00e9s en garde \u00e0 vue ce soir-l\u00e0. 13 d\u2019entre eux sont plac\u00e9s en d\u00e9tention provisoire d\u00e8s le 25 septembre avant d\u2019\u00eatre lib\u00e9r\u00e9s au compte-goutte, moyennant des cautions de 1.000 \u00e0 5.000 euros.<\/p>\n<p class=\"fs-5 \">Et finissent devant le tribunal correctionnel de Nice. Tous sont\u00a0poursuivis du chef de\u00a0<strong>\u00ab\u00a0participation \u00e0 un groupement en vue de la pr\u00e9paration de violences volontaires contre les personnes ou destructions ou d\u00e9gradations de biens\u00a0\u00bb<\/strong>.\u00a0<\/p>\n<p class=\"fs-5 \">Quatre pour\u00a0\u00ab\u00a0port d\u2019arme de cat\u00e9gorie D\u00a0\u00bb\u00a0et huit des pr\u00e9venus, les plus \u00e2g\u00e9s, consid\u00e9r\u00e9s comme\u00a0\u00ab\u00a0les leaders et organisateurs\u00a0\u00bb\u00a0se voient \u00e9galement reprocher l\u2019infraction d\u2019\u00ab\u00a0association de malfaiteurs en vue de la commission de faits de violences aggrav\u00e9s\u00a0\u00bb.<\/p>\n<p class=\"fs-5 \">Tous persistent et signent, malgr\u00e9 plusieurs \u00e9l\u00e9ments accablants\u00a0: ils n\u2019ont rien pr\u00e9par\u00e9, rien fait, ne se connaissent pas.<\/p>\n<p>                                                                                <strong>11 supporters sur 13 relax\u00e9s<\/strong><\/p>\n<p class=\"fs-5 \">Ce lundi, le <strong>tribunal correctionnel de Nice<\/strong> a prononc\u00e9 la <strong>relaxe<\/strong> pour l\u2019ensemble des supporters concernant\u00a0l\u2019infraction d\u2019\u00ab\u00a0association de malfaiteurs en vue de la commission de faits de violences aggrav\u00e9s\u00a0\u00bb,\u00a0estimant qu\u2019elle n\u2019\u00e9tait pas suffisamment caract\u00e9ris\u00e9e.<\/p>\n<p class=\"fs-5 \">Deux tifosi sur 13, plus impliqu\u00e9s que les autres, ont \u00e9t\u00e9 condamn\u00e9s \u00e0 trois mois d\u2019emprisonnement dont deux avec sursis ainsi qu\u2019\u00e0 une interdiction de para\u00eetre dans les Alpes-Maritimes doubl\u00e9e d\u2019une interdiction de port d\u2019armes pendant deux ans.<\/p>\n","protected":false},"excerpt":{"rendered":"L\u2019affaire avait fait couler de l\u2019encre \u00e0 la rentr\u00e9e derni\u00e8re. Le 23 septembre dernier, alors que l\u2019Allianz Riviera&hellip;\n","protected":false},"author":2,"featured_media":601624,"comment_status":"","ping_status":"","sticky":false,"template":"","format":"standard","meta":{"footnotes":""},"categories":[2819],"tags":[1111,11,1777,674,1011,27,12,2401,54521,882,25],"class_list":{"0":"post-601623","1":"post","2":"type-post","3":"status-publish","4":"format-standard","5":"has-post-thumbnail","7":"category-nice","8":"tag-actu","9":"tag-actualites","10":"tag-eu","11":"tag-europe","12":"tag-fr","13":"tag-france","14":"tag-news","15":"tag-nice","16":"tag-ogcnice","17":"tag-provence-alpes-cote-dazur","18":"tag-republique-francaise"},"share_on_mastodon":{"url":"https:\/\/pubeurope.com\/@fr\/115725706682540085","error":""},"_links":{"self":[{"href":"https:\/\/www.europesays.com\/fr\/wp-json\/wp\/v2\/posts\/601623","targetHints":{"allow":["GET"]}}],"collection":[{"href":"https:\/\/www.europesays.com\/fr\/wp-json\/wp\/v2\/posts"}],"about":[{"href":"https:\/\/www.europesays.com\/fr\/wp-json\/wp\/v2\/types\/post"}],"author":[{"embeddable":true,"href":"https:\/\/www.europesays.com\/fr\/wp-json\/wp\/v2\/users\/2"}],"replies":[{"embeddable":true,"href":"https:\/\/www.europesays.com\/fr\/wp-json\/wp\/v2\/comments?post=601623"}],"version-history":[{"count":0,"href":"https:\/\/www.europesays.com\/fr\/wp-json\/wp\/v2\/posts\/601623\/revisions"}],"wp:featuredmedia":[{"embeddable":true,"href":"https:\/\/www.europesays.com\/fr\/wp-json\/wp\/v2\/media\/601624"}],"wp:attachment":[{"href":"https:\/\/www.europesays.com\/fr\/wp-json\/wp\/v2\/media?parent=601623"}],"wp:term":[{"taxonomy":"category","embeddable":true,"href":"https:\/\/www.europesays.com\/fr\/wp-json\/wp\/v2\/categories?post=601623"},{"taxonomy":"post_tag","embeddable":true,"href":"https:\/\/www.europesays.com\/fr\/wp-json\/wp\/v2\/tags?post=601623"}],"curies":[{"name":"wp","href":"https:\/\/api.w.org\/{rel}","templated":true}]}}