{"id":601626,"date":"2025-12-15T21:29:17","date_gmt":"2025-12-15T21:29:17","guid":{"rendered":"https:\/\/www.europesays.com\/fr\/601626\/"},"modified":"2025-12-15T21:29:17","modified_gmt":"2025-12-15T21:29:17","slug":"deja-48000-visiteurs-au-musee-darts-de-nantes","status":"publish","type":"post","link":"https:\/\/www.europesays.com\/fr\/601626\/","title":{"rendered":"D\u00e9j\u00e0 48000 visiteurs au Mus\u00e9e d&rsquo;Arts de Nantes"},"content":{"rendered":"<p>                            <strong>L\u2019exposition \u00ab Sous la pluie \u00bb est \u00e0 d\u00e9couvrir au Mus\u00e9e d\u2019Arts de Nantes jusqu\u2019au 1er mars 2026. Plus de 48 000 visiteurs y ont d\u00e9j\u00e0 d\u00e9ambul\u00e9 depuis novembre.<\/strong><\/p>\n<p>Pr\u00e9sent\u00e9e depuis le 7 novembre dernier, \u00ab\u00a0Sous la pluie. Peindre, vivre et r\u00eaver\u00a0\u00bb se poursuit jusqu\u2019au 1er mars 2026. Elle a s\u00e9duit en quelques semaines plus de 48 000 visiteurs. \u00ab\u00a0Cet engouement t\u00e9moigne de l\u2019int\u00e9r\u00eat du public pour cette proposition in\u00e9dite qui r\u00e9enchante la pluie et interroge notre sensibilit\u00e9 face aux ph\u00e9nom\u00e8nes m\u00e9t\u00e9orologiques\u00a0\u00bb se r\u00e9jouit le Mus\u00e9e d\u2019arts de <strong><a href=\"https:\/\/hellogazettenantes.fr\/nantes-un-deuxieme-piano-en-libre-service-inaugure\/\" target=\"_blank\" rel=\"noopener\">Nantes<\/a><\/strong> dans un communiqu\u00e9.<\/p>\n<p>Elle r\u00e9unit plus de 150 oeuvres : des peintures, photographies, citations litt\u00e9raires ainsi que des extraits sonores et cin\u00e9matographiques. Install\u00e9e dans le Patio, elle se plonge dans la Salle Blanche et la Chapelle de l\u2019Oratoire \u00ab\u00a0o\u00f9 sont pr\u00e9sent\u00e9s deux contrepoints contemporains\u00a0\u00bb\u00a0<\/p>\n<p style=\"text-align: center;\">Infos compl\u00e9mentaires :<\/p>\n<p style=\"text-align: center;\">R\u00e9servation sur museedartsdenantes.nantesmetropole.fr<\/p>\n<p><img decoding=\"async\" alt=\"Advertisement\" src=\"data:image\/svg+xml,%3Csvg%20xmlns=\" http:=\"\" data-lazy-src=\"https:\/\/www.europesays.com\/fr\/wp-content\/uploads\/2025\/04\/Application-mobile-hello-gazette-nantes.gif\"\/><\/p>\n","protected":false},"excerpt":{"rendered":"L\u2019exposition \u00ab Sous la pluie \u00bb est \u00e0 d\u00e9couvrir au Mus\u00e9e d\u2019Arts de Nantes jusqu\u2019au 1er mars 2026.&hellip;\n","protected":false},"author":2,"featured_media":601627,"comment_status":"","ping_status":"","sticky":false,"template":"","format":"standard","meta":{"footnotes":""},"categories":[2818],"tags":[1111,11,1777,674,1011,27,766,12,2636,25],"class_list":{"0":"post-601626","1":"post","2":"type-post","3":"status-publish","4":"format-standard","5":"has-post-thumbnail","7":"category-nantes","8":"tag-actu","9":"tag-actualites","10":"tag-eu","11":"tag-europe","12":"tag-fr","13":"tag-france","14":"tag-nantes","15":"tag-news","16":"tag-pays-de-la-loire","17":"tag-republique-francaise"},"share_on_mastodon":{"url":"https:\/\/pubeurope.com\/@fr\/115725714322629656","error":""},"_links":{"self":[{"href":"https:\/\/www.europesays.com\/fr\/wp-json\/wp\/v2\/posts\/601626","targetHints":{"allow":["GET"]}}],"collection":[{"href":"https:\/\/www.europesays.com\/fr\/wp-json\/wp\/v2\/posts"}],"about":[{"href":"https:\/\/www.europesays.com\/fr\/wp-json\/wp\/v2\/types\/post"}],"author":[{"embeddable":true,"href":"https:\/\/www.europesays.com\/fr\/wp-json\/wp\/v2\/users\/2"}],"replies":[{"embeddable":true,"href":"https:\/\/www.europesays.com\/fr\/wp-json\/wp\/v2\/comments?post=601626"}],"version-history":[{"count":0,"href":"https:\/\/www.europesays.com\/fr\/wp-json\/wp\/v2\/posts\/601626\/revisions"}],"wp:featuredmedia":[{"embeddable":true,"href":"https:\/\/www.europesays.com\/fr\/wp-json\/wp\/v2\/media\/601627"}],"wp:attachment":[{"href":"https:\/\/www.europesays.com\/fr\/wp-json\/wp\/v2\/media?parent=601626"}],"wp:term":[{"taxonomy":"category","embeddable":true,"href":"https:\/\/www.europesays.com\/fr\/wp-json\/wp\/v2\/categories?post=601626"},{"taxonomy":"post_tag","embeddable":true,"href":"https:\/\/www.europesays.com\/fr\/wp-json\/wp\/v2\/tags?post=601626"}],"curies":[{"name":"wp","href":"https:\/\/api.w.org\/{rel}","templated":true}]}}