{"id":601633,"date":"2025-12-15T21:34:12","date_gmt":"2025-12-15T21:34:12","guid":{"rendered":"https:\/\/www.europesays.com\/fr\/601633\/"},"modified":"2025-12-15T21:34:12","modified_gmt":"2025-12-15T21:34:12","slug":"arme-dun-couteau-il-avait-derobe-un-telephone-il-passera-les-fetes-en-prison","status":"publish","type":"post","link":"https:\/\/www.europesays.com\/fr\/601633\/","title":{"rendered":"Arm\u00e9 d\u2019un couteau, il avait d\u00e9rob\u00e9 un t\u00e9l\u00e9phone, il passera les f\u00eates en prison"},"content":{"rendered":"<p>\n                                                                    l&rsquo;essentiel<br \/>\n                                                                Apr\u00e8s une agression dans le centre de Toulouse, un gar\u00e7on de 18 ans s\u2019est expliqu\u00e9 devant le tribunal correctionnel. Il passera la fin d\u2019ann\u00e9e derri\u00e8re les barreaux.\n                            <\/p>\n<p>Comme dans un mauvais film. Dans le centre de Toulouse, entre la basilique Saint-Sernin et le lyc\u00e9e, un groupe de huit jeunes gar\u00e7ons jouait les durs la semaine derni\u00e8re. L\u2019un d\u2019eux a exhib\u00e9 un couteau, r\u00e9clamant au jeune gar\u00e7on qu\u2019il mena\u00e7ait, pendant que ses copains le bloquaient, son t\u00e9l\u00e9phone.<\/p>\n<p>L\u2019adolescent n\u2019a pas r\u00e9sist\u00e9, laissant filer son t\u00e9l\u00e9phone. L\u2019enqu\u00eate de police, avec l\u2019aide des images de vid\u00e9osurveillance, a permis d\u2019identifier plusieurs suspects. Au commissariat, en garde \u00e0 vue, ils avaient moins de courage que lors du vol sous la menace d\u2019une arme.<\/p>\n<p>Juste \u00e2g\u00e9 de 18 ans, celui qui avait brandi le couteau s\u2019est retrouv\u00e9 devant le tribunal correctionnel lors de l\u2019audience des comparutions imm\u00e9diates, au palais de justice de Toulouse. Rattrap\u00e9 par une r\u00e9alit\u00e9 qui semblait lui \u00e9chapper, il a eu du mal \u00e0 se justifier devant ses juges. Et les efforts de la d\u00e9fense, port\u00e9s par Me Christina Etelin, ne lui ont pas permis d\u2019\u00e9viter la prison requise par le parquet.<\/p>\n<p>Douze mois de prison dont six mois avec sursis, interdiction de d\u00e9tenir une arme et interdiction de fr\u00e9quenter la place Saint-Sernin pendant deux ans. Et le tribunal a d\u00e9cern\u00e9 mandat de d\u00e9p\u00f4t. Le jeune gar\u00e7on passera les f\u00eates en d\u00e9tention. Dur retour \u00e0 la r\u00e9alit\u00e9.<\/p>\n","protected":false},"excerpt":{"rendered":"l&rsquo;essentiel Apr\u00e8s une agression dans le centre de Toulouse, un gar\u00e7on de 18 ans s\u2019est expliqu\u00e9 devant le&hellip;\n","protected":false},"author":2,"featured_media":601634,"comment_status":"","ping_status":"","sticky":false,"template":"","format":"standard","meta":{"footnotes":""},"categories":[2816],"tags":[1111,11,1777,674,118,1011,27,2722,12,2680,25,2312],"class_list":{"0":"post-601633","1":"post","2":"type-post","3":"status-publish","4":"format-standard","5":"has-post-thumbnail","7":"category-toulouse","8":"tag-actu","9":"tag-actualites","10":"tag-eu","11":"tag-europe","12":"tag-faits-divers","13":"tag-fr","14":"tag-france","15":"tag-haute-garonne","16":"tag-news","17":"tag-occitanie","18":"tag-republique-francaise","19":"tag-toulouse"},"share_on_mastodon":{"url":"https:\/\/pubeurope.com\/@fr\/115725734056825352","error":""},"_links":{"self":[{"href":"https:\/\/www.europesays.com\/fr\/wp-json\/wp\/v2\/posts\/601633","targetHints":{"allow":["GET"]}}],"collection":[{"href":"https:\/\/www.europesays.com\/fr\/wp-json\/wp\/v2\/posts"}],"about":[{"href":"https:\/\/www.europesays.com\/fr\/wp-json\/wp\/v2\/types\/post"}],"author":[{"embeddable":true,"href":"https:\/\/www.europesays.com\/fr\/wp-json\/wp\/v2\/users\/2"}],"replies":[{"embeddable":true,"href":"https:\/\/www.europesays.com\/fr\/wp-json\/wp\/v2\/comments?post=601633"}],"version-history":[{"count":0,"href":"https:\/\/www.europesays.com\/fr\/wp-json\/wp\/v2\/posts\/601633\/revisions"}],"wp:featuredmedia":[{"embeddable":true,"href":"https:\/\/www.europesays.com\/fr\/wp-json\/wp\/v2\/media\/601634"}],"wp:attachment":[{"href":"https:\/\/www.europesays.com\/fr\/wp-json\/wp\/v2\/media?parent=601633"}],"wp:term":[{"taxonomy":"category","embeddable":true,"href":"https:\/\/www.europesays.com\/fr\/wp-json\/wp\/v2\/categories?post=601633"},{"taxonomy":"post_tag","embeddable":true,"href":"https:\/\/www.europesays.com\/fr\/wp-json\/wp\/v2\/tags?post=601633"}],"curies":[{"name":"wp","href":"https:\/\/api.w.org\/{rel}","templated":true}]}}