{"id":601635,"date":"2025-12-15T21:35:17","date_gmt":"2025-12-15T21:35:17","guid":{"rendered":"https:\/\/www.europesays.com\/fr\/601635\/"},"modified":"2025-12-15T21:35:17","modified_gmt":"2025-12-15T21:35:17","slug":"toulouse-en-mauvais-termes-avec-son-voisin-il-debarque-chez-lui-arme-dun-pistolet-pret-a-en-decoudre","status":"publish","type":"post","link":"https:\/\/www.europesays.com\/fr\/601635\/","title":{"rendered":"Toulouse. En mauvais termes avec son voisin, il d\u00e9barque chez lui arm\u00e9 d&rsquo;un pistolet, pr\u00eat \u00e0 en d\u00e9coudre"},"content":{"rendered":"<p>                    Par<br \/>\n        <strong><br \/>\n            <a href=\"https:\/\/actu.fr\/auteur\/anaelle-montagne\" title=\"Consulter tous les articles de Anaelle Montagne\" target=\"_blank\" rel=\"noopener\">Anaelle Montagne<\/a><br \/>\n                    <\/strong><\/p>\n<p>        Publi\u00e9 le<\/p>\n<p>            15 d\u00e9c. 2025 \u00e0 18h44        <\/p>\n<p>Un conflit entre voisins a pris des proportions ahurissantes, ce vendredi 12 d\u00e9cembre dans la Ville rose. Vers 23 heures, un Toulousain de 56 ans, qui r\u00e9side rue Ernest Renan \u00e0 Borderouge, a d\u00e9cid\u00e9 d\u2019en d\u00e9coudre : il s\u2019est point\u00e9 devant chez son voisin <strong>arm\u00e9 d\u2019un pistolet<\/strong>.\u00a0<\/p>\n<p>    <a href=\"https:\/\/www.google.com\/maps\/embed?pb=!1m18!1m12!1m3!1d2887.7806023530748!2d1.4412352116687739!3d43.631925153686176!2m3!1f0!2f0!3f0!3m2!1i1024!2i768!4f13.1!3m3!1m2!1s0x12aea355bfeaa345%3A0x8d05c678d3366e70!2sRue%20Ernest%20Renan%2C%2031200%20Toulouse!5e0!3m2!1sen!2sfr!4v1765815818179!5m2!1sen!2sfr\" title=\"Ouvrie le lien\" target=\"_blank\" rel=\"noopener\">Cliquez ici pour visualiser le contenu<\/a><\/p>\n<p>Une arme factice, un suspect alcoolis\u00e9<\/p>\n<p class=\" wall-content\">\u00ab\u00a0Il s\u2019av\u00e8re que l\u2019arme \u00e9tait factice, mais c\u2019\u00e9tait quasi impossible \u00e0 d\u00e9celer\u00a0\u00bb, d\u00e9taille une source polici\u00e8re d\u2019<a href=\"https:\/\/actu.fr\/toulouse\/\" target=\"_blank\" rel=\"noopener\">Actu Toulouse<\/a>. Visiblement, l\u2019alcool n\u2019avait pas aid\u00e9 \u00e0 calmer les ardeurs du quinquag\u00e9naire enrag\u00e9.\u00a0<\/p>\n<p>De nombreuses autres armes chez lui<\/p>\n<p class=\" wall-content\">Tr\u00e8s vite ce soir-l\u00e0, le voisinage et la victime de 37 ans composent le 17, permettant son interpellation rapide. Le temps que le quinquag\u00e9naire \u00e9vacue l\u2019alcool qu\u2019il avait ing\u00e9r\u00e9 et qu\u2019il soit plac\u00e9 en garde \u00e0 vue, la police proc\u00e8de \u00e0<strong> une perquisition<\/strong> \u00e0 son domicile.<\/p>\n<p class=\" wall-content\">L\u00e0, les forces de l\u2019ordre tombent sur le pot-aux-roses : <strong>25 armes \u00e0 air comprim\u00e9<\/strong>, c\u2019est-\u00e0-dire des armes factices d\u2019airsoft. \u00ab\u00a0Elles ont \u00e9t\u00e9 plac\u00e9es sous scell\u00e9s et seront d\u00e9truites\u00a0\u00bb, indique notre source polici\u00e8re.\u00a0<\/p>\n<p class=\" wall-content\">Le quinquag\u00e9naire devrait \u00eatre pr\u00e9sent\u00e9 \u00e0 un magistrat prochainement.\u00a0<\/p>\n<p class=\" wall-content\">Personnalisez votre actualit\u00e9 en ajoutant vos villes et m\u00e9dias en favori avec <a href=\"https:\/\/moncompte.actu.fr\" title=\"D\u00e9couvez Mon Actu\" rel=\"nofollow noopener\" data-trk=\"{&quot;cta&quot;:{&quot;action&quot;:&quot;https:\\\/\\\/moncompte.actu.fr&quot;,&quot;category&quot;:&quot;mon compte&quot;,&quot;from&quot;:&quot;article footer&quot;,&quot;name&quot;:&quot;Mon actu&quot;,&quot;type&quot;:&quot;cta&quot;}}\" target=\"_blank\">Mon Actu<\/a>.<\/p>\n","protected":false},"excerpt":{"rendered":"Par Anaelle Montagne Publi\u00e9 le 15 d\u00e9c. 2025 \u00e0 18h44 Un conflit entre voisins a pris des proportions&hellip;\n","protected":false},"author":2,"featured_media":601636,"comment_status":"","ping_status":"","sticky":false,"template":"","format":"standard","meta":{"footnotes":""},"categories":[2816],"tags":[1111,11,1777,674,118,1011,27,12,2680,25,2312],"class_list":{"0":"post-601635","1":"post","2":"type-post","3":"status-publish","4":"format-standard","5":"has-post-thumbnail","7":"category-toulouse","8":"tag-actu","9":"tag-actualites","10":"tag-eu","11":"tag-europe","12":"tag-faits-divers","13":"tag-fr","14":"tag-france","15":"tag-news","16":"tag-occitanie","17":"tag-republique-francaise","18":"tag-toulouse"},"share_on_mastodon":{"url":"https:\/\/pubeurope.com\/@fr\/115725738013219866","error":""},"_links":{"self":[{"href":"https:\/\/www.europesays.com\/fr\/wp-json\/wp\/v2\/posts\/601635","targetHints":{"allow":["GET"]}}],"collection":[{"href":"https:\/\/www.europesays.com\/fr\/wp-json\/wp\/v2\/posts"}],"about":[{"href":"https:\/\/www.europesays.com\/fr\/wp-json\/wp\/v2\/types\/post"}],"author":[{"embeddable":true,"href":"https:\/\/www.europesays.com\/fr\/wp-json\/wp\/v2\/users\/2"}],"replies":[{"embeddable":true,"href":"https:\/\/www.europesays.com\/fr\/wp-json\/wp\/v2\/comments?post=601635"}],"version-history":[{"count":0,"href":"https:\/\/www.europesays.com\/fr\/wp-json\/wp\/v2\/posts\/601635\/revisions"}],"wp:featuredmedia":[{"embeddable":true,"href":"https:\/\/www.europesays.com\/fr\/wp-json\/wp\/v2\/media\/601636"}],"wp:attachment":[{"href":"https:\/\/www.europesays.com\/fr\/wp-json\/wp\/v2\/media?parent=601635"}],"wp:term":[{"taxonomy":"category","embeddable":true,"href":"https:\/\/www.europesays.com\/fr\/wp-json\/wp\/v2\/categories?post=601635"},{"taxonomy":"post_tag","embeddable":true,"href":"https:\/\/www.europesays.com\/fr\/wp-json\/wp\/v2\/tags?post=601635"}],"curies":[{"name":"wp","href":"https:\/\/api.w.org\/{rel}","templated":true}]}}