{"id":601640,"date":"2025-12-15T21:38:11","date_gmt":"2025-12-15T21:38:11","guid":{"rendered":"https:\/\/www.europesays.com\/fr\/601640\/"},"modified":"2025-12-15T21:38:11","modified_gmt":"2025-12-15T21:38:11","slug":"a-marseille-les-effectifs-de-la-police-nationale-en-etat-stationnaire","status":"publish","type":"post","link":"https:\/\/www.europesays.com\/fr\/601640\/","title":{"rendered":"\u00c0 Marseille, les effectifs de la police nationale en \u00e9tat stationnaire"},"content":{"rendered":"<p>\u00ab\u00a0Deux ministres viennent \u00e0 Marseille, celui de l\u2019Int\u00e9rieur, forc\u00e9ment, va annoncer aussi des moyens suppl\u00e9mentaires. Moi je ne veux pas rentrer dans ces logiques\u00a0\u00bb, glisse ce 20\u00a0novembre\u00a02025, Laurent Nu\u00f1ez, le ministre de l\u2019Int\u00e9rieur, lors d\u2019une visite conjointe \u00e0 Marseille avec le garde des Sceaux \u00e0 la suite de l\u2019assassinat de Mehdi Kessaci, une semaine plus t\u00f4t. \u00ab\u00a0Depuis Marseille en grand, on a affect\u00e9 sur cette p\u00e9riode plus de mille agents pour maintenir le niveau des effectifs. On a par ailleurs trois unit\u00e9s de forces mobiles et une CRS de la nouvelle g\u00e9n\u00e9ration. On peut toujours faire plus mais on a des moyens cons\u00e9quents et je veille \u00e0 ce qu\u2019on les maintienne\u00a0\u00bb, poursuit le nouveau locataire de la place Beauvau dont la sobri\u00e9t\u00e9 du propos &#8211; pourtant une marque de fabrique &#8211; surprendrait presque, apr\u00e8s des d\u00e9cennies d\u2019annonces tonitruantes aux \u00ab\u00a0micros tendus\u00a0\u00bb des visites officielles \u00e0 Marseille &#8211; et elles furent nombreuses.<\/p>\n<p>Soixante-cinq policiers ici,<a href=\"https:\/\/www.laprovence.com\/article\/faits-divers-justice\/1245514183395214\/info-la-provence-24-nouveaux-enqueteurs-viennent-grossir-les-rangs-de-la-police-judiciaire-a-marseille\" target=\"_blank\" rel=\"noopener\"> 25 de plus l\u00e0<\/a>\u2026 Mais surtout <a href=\"https:\/\/www.laprovence.com\/actu\/en-direct\/6863096\/marseille-la-promesse-des-300-policiers-supplementaires-sera-tenue-assure-gerald-darmanin.html\" target=\"_blank\" rel=\"noopener\">300 nouveaux fonctionnaires<\/a> promis en 2021 par le pr\u00e9sident Emmanuel Macron dans le cadre du plan Marseille en grand\u2026<\/p>\n<p>Et pourtant, de sources internes concordantes, les effectifs de la Direction interd\u00e9pa&#8230;<\/p>\n","protected":false},"excerpt":{"rendered":"\u00ab\u00a0Deux ministres viennent \u00e0 Marseille, celui de l\u2019Int\u00e9rieur, forc\u00e9ment, va annoncer aussi des moyens suppl\u00e9mentaires. Moi je ne&hellip;\n","protected":false},"author":2,"featured_media":601641,"comment_status":"","ping_status":"","sticky":false,"template":"","format":"standard","meta":{"footnotes":""},"categories":[2814],"tags":[17,1111,11,11437,16309,1777,674,274,1011,27,151,884,4361,12,1072,882,25,71412],"class_list":{"0":"post-601640","1":"post","2":"type-post","3":"status-publish","4":"format-standard","5":"has-post-thumbnail","7":"category-marseille","8":"tag-17","9":"tag-actu","10":"tag-actualites","11":"tag-effectifs","12":"tag-etat","13":"tag-eu","14":"tag-europe","15":"tag-faits-divers-justice","16":"tag-fr","17":"tag-france","18":"tag-les","19":"tag-marseille","20":"tag-nationale","21":"tag-news","22":"tag-police","23":"tag-provence-alpes-cote-dazur","24":"tag-republique-francaise","25":"tag-stationnaire"},"share_on_mastodon":{"url":"https:\/\/pubeurope.com\/@fr\/115725749903613944","error":""},"_links":{"self":[{"href":"https:\/\/www.europesays.com\/fr\/wp-json\/wp\/v2\/posts\/601640","targetHints":{"allow":["GET"]}}],"collection":[{"href":"https:\/\/www.europesays.com\/fr\/wp-json\/wp\/v2\/posts"}],"about":[{"href":"https:\/\/www.europesays.com\/fr\/wp-json\/wp\/v2\/types\/post"}],"author":[{"embeddable":true,"href":"https:\/\/www.europesays.com\/fr\/wp-json\/wp\/v2\/users\/2"}],"replies":[{"embeddable":true,"href":"https:\/\/www.europesays.com\/fr\/wp-json\/wp\/v2\/comments?post=601640"}],"version-history":[{"count":0,"href":"https:\/\/www.europesays.com\/fr\/wp-json\/wp\/v2\/posts\/601640\/revisions"}],"wp:featuredmedia":[{"embeddable":true,"href":"https:\/\/www.europesays.com\/fr\/wp-json\/wp\/v2\/media\/601641"}],"wp:attachment":[{"href":"https:\/\/www.europesays.com\/fr\/wp-json\/wp\/v2\/media?parent=601640"}],"wp:term":[{"taxonomy":"category","embeddable":true,"href":"https:\/\/www.europesays.com\/fr\/wp-json\/wp\/v2\/categories?post=601640"},{"taxonomy":"post_tag","embeddable":true,"href":"https:\/\/www.europesays.com\/fr\/wp-json\/wp\/v2\/tags?post=601640"}],"curies":[{"name":"wp","href":"https:\/\/api.w.org\/{rel}","templated":true}]}}