{"id":60166,"date":"2025-04-28T20:57:09","date_gmt":"2025-04-28T20:57:09","guid":{"rendered":"https:\/\/www.europesays.com\/fr\/60166\/"},"modified":"2025-04-28T20:57:09","modified_gmt":"2025-04-28T20:57:09","slug":"les-restos-du-coeur-quittent-leur-local-pour-un-entrepot-tout-neuf-a-petit-quevilly","status":"publish","type":"post","link":"https:\/\/www.europesays.com\/fr\/60166\/","title":{"rendered":"Les Restos du C\u0153ur quittent leur local pour un entrep\u00f4t tout neuf \u00e0 Petit-Quevilly"},"content":{"rendered":"<p>            Par<br \/>\n        <strong><br \/>\n            <a href=\"https:\/\/actu.fr\/auteur\/adrien-filoche\" title=\"Consulter tous les articles de Adrien Filoche\" target=\"_blank\" rel=\"noopener\">Adrien Filoche<\/a><br \/>\n        <\/strong><\/p>\n<p>        Publi\u00e9 le<\/p>\n<p>            28 avr. 2025 \u00e0 19h22        <\/p>\n<p><strong>Du pain b\u00e9ni. <\/strong>D\u00e9but avril\u00a02025, les b\u00e9n\u00e9voles des <a href=\"https:\/\/actu.fr\/tag\/restos-du-coeur\" target=\"_blank\" rel=\"noopener\">Restos du C\u0153ur<\/a> de l\u2019Eure et de la Seine-Maritime ont investi un tout nouvel entrep\u00f4t au 9 rue des P\u00e2tis au <a href=\"https:\/\/actu.fr\/normandie\/le-petit-quevilly_76498\" target=\"_blank\" rel=\"noopener\">Petit-Quevilly<\/a> <strong>(Seine-Maritime)<\/strong>, pr\u00e8s de <a href=\"https:\/\/actu.fr\/normandie\/rouen_76540\" target=\"_blank\" rel=\"noopener\">Rouen<\/a>.\u00a0Pour rappel, 90\u2009% des denr\u00e9es distribu\u00e9es dans les diff\u00e9rents centres du territoire transitent par cet entrep\u00f4t. \u00ab\u2009On ne peut pas faire de distribution alimentaire sans un entrep\u00f4t. C\u2019est un lieu essentiel\u2009\u00bb, souligne <strong>Georges Bouh\u00e9lier<\/strong>, d\u00e9l\u00e9gu\u00e9 Normandie des Restos du Coeur.<\/p>\n<p>\u00ab\u2009Plus pratique pour nos b\u00e9n\u00e9voles\u2009\u00bb<\/p>\n<p class=\" wall-content\">Cela fait depuis 2020 que les Restos du C\u0153ur ont <strong>mutualis\u00e9 leurs stocks<\/strong> pour la Seine-Maritime et l\u2019Eure. Mais l\u2019ancien local, situ\u00e9 au Mesnil-Raoul, \u00e0 20\u00a0km \u00e0 l\u2019est de Rouen, n\u2019\u00e9tait plus conforme avec les normes sanitaires.<\/p>\n<p class=\" wall-content\">\u00ab\u2009C\u2019\u00e9tait pourri, franchement. Le propri\u00e9taire n\u2019\u00e9tait pas correct. Et puis, nous \u00e9tions isol\u00e9s. D\u00e9sormais, avec ce nouveau local, ce sera plus pratique pour nos b\u00e9n\u00e9voles\u2009\u00bb, insiste<strong> Jean-Marie Marchand<\/strong>, pr\u00e9sident de l\u2019association en Seine-Maritime.<\/p>\n<p class=\" wall-content\">Ce nouvel espace r\u00e9pond \u00e0 l\u2019enjeu de <strong>suivre la hausse du volume des denr\u00e9es distribu\u00e9es.<\/strong> Pour rappel, sur l\u2019ann\u00e9e 2023\/2024, ce sont plus de 2\u2009300\u2009000 de repas qui ont \u00e9t\u00e9 partag\u00e9es par les quelque 1000 b\u00e9n\u00e9voles de la Seine-Maritime.<\/p>\n<p>Toujours \u00e0 la recherche de b\u00e9n\u00e9voles<\/p>\n<p class=\" wall-content\">\u00ab\u2009Nous sommes op\u00e9rationnels depuis 15\u00a0jours et on voit d\u00e9j\u00e0 <strong>une vraie diff\u00e9rence<\/strong>. Tout cela participe \u00e0 am\u00e9liorer le service fourni\u2009\u00bb, insiste \u00e0 son tour Georges Bouh\u00e9lier.<\/p>\n<p>Vid\u00e9os : en ce moment sur Actu<br \/>\n      <img   decoding=\"async\" loading=\"lazy\" src=\"https:\/\/www.europesays.com\/fr\/wp-content\/uploads\/2025\/04\/restos-du-coeur-rouen-2-960x640.jpg\" alt=\"Plus de 2\u2009300\u2009000 de repas ont \u00e9t\u00e9 distribu\u00e9s sur la campagne 2023\/2024 par les Restos du Coeur de Rouen.\" width=\"960\" height=\"640\"\/><br \/>\n    Plus de 2\u2009300\u2009000 de repas ont \u00e9t\u00e9 distribu\u00e9s sur la campagne 2023\/2024 par les Restos du Coeur de Rouen. (\u00a9AF\/76actu)<\/p>\n<p class=\" wall-content\">Concernant les infrastructures de ce nouvel entrep\u00f4t, Jean-Marie Marchand met en avant les <strong>quatre chambres froides<\/strong> et les quelque <strong>700 emplacements de rayonnage disponibles,<\/strong> qui s\u2019\u00e9tendent sur environ 2800 m\u00b2. \u00ab Dans l\u2019ancien local, il faisait 40 degr\u00e9s l\u2019\u00e9t\u00e9 et 6 l\u2019hiver. Ici, on est bien mieux isol\u00e9\u2009\u00bb, souligne-t-il.<\/p>\n<p class=\" wall-content\">Pour suivre le rythme et la hausse des demandes, l\u2019association rappelle une fois de plus son besoin de b\u00e9n\u00e9voles\u2009: \u00ab\u2009Nous sommes toujours \u00e0 la recherche. Toutes les comp\u00e9tences sont les bienvenues, que ce soit pour de la pr\u00e9paration de commande, ou de la gestion de stock sur ordinateur\u2009\u00bb, note le pr\u00e9sident de l\u2019association en Seine-Maritime.<\/p>\n<p>Suivez l\u2019actualit\u00e9 de Rouen sur notre <a href=\"https:\/\/www.whatsapp.com\/channel\/0029VaKfnf99hXF2ddApFB1D\" target=\"_blank\" rel=\"noopener\">cha\u00eene WhatsApp<\/a> et sur <a href=\"https:\/\/www.tiktok.com\/@76actu.fr?lang=fr\" target=\"_blank\" rel=\"noopener\">notre compte TikTok<\/a><\/p>\n<p class=\" wall-content\">Suivez toute l\u2019actualit\u00e9 de vos villes et m\u00e9dias favoris en vous inscrivant \u00e0 <a href=\"https:\/\/moncompte.actu.fr\" title=\"D\u00e9couvez Mon Actu\" rel=\"nofollow noopener\" data-trk=\"{&quot;cta&quot;:{&quot;action&quot;:&quot;https:\\\/\\\/moncompte.actu.fr&quot;,&quot;category&quot;:&quot;mon compte&quot;,&quot;from&quot;:&quot;article footer&quot;,&quot;name&quot;:&quot;Mon actu&quot;,&quot;type&quot;:&quot;cta&quot;}}\" target=\"_blank\">Mon Actu<\/a>.<\/p>\n<p>                    <script async src=\"\/\/www.tiktok.com\/embed.js\"><\/script><\/p>\n","protected":false},"excerpt":{"rendered":"Par Adrien Filoche Publi\u00e9 le 28 avr. 2025 \u00e0 19h22 Du pain b\u00e9ni. D\u00e9but avril\u00a02025, les b\u00e9n\u00e9voles des&hellip;\n","protected":false},"author":2,"featured_media":60167,"comment_status":"","ping_status":"","sticky":false,"template":"","format":"standard","meta":{"footnotes":""},"categories":[9587],"tags":[1111,11,258,1777,674,1011,27,12,5161,25,15710,9590,104,3400],"class_list":{"0":"post-60166","1":"post","2":"type-post","3":"status-publish","4":"format-standard","5":"has-post-thumbnail","7":"category-rouen","8":"tag-actu","9":"tag-actualites","10":"tag-alimentation","11":"tag-eu","12":"tag-europe","13":"tag-fr","14":"tag-france","15":"tag-news","16":"tag-normandie","17":"tag-republique-francaise","18":"tag-restos-du-coeur","19":"tag-rouen","20":"tag-societe","21":"tag-solidarite"},"share_on_mastodon":{"url":"https:\/\/pubeurope.com\/@fr\/114417594744503732","error":""},"_links":{"self":[{"href":"https:\/\/www.europesays.com\/fr\/wp-json\/wp\/v2\/posts\/60166","targetHints":{"allow":["GET"]}}],"collection":[{"href":"https:\/\/www.europesays.com\/fr\/wp-json\/wp\/v2\/posts"}],"about":[{"href":"https:\/\/www.europesays.com\/fr\/wp-json\/wp\/v2\/types\/post"}],"author":[{"embeddable":true,"href":"https:\/\/www.europesays.com\/fr\/wp-json\/wp\/v2\/users\/2"}],"replies":[{"embeddable":true,"href":"https:\/\/www.europesays.com\/fr\/wp-json\/wp\/v2\/comments?post=60166"}],"version-history":[{"count":0,"href":"https:\/\/www.europesays.com\/fr\/wp-json\/wp\/v2\/posts\/60166\/revisions"}],"wp:featuredmedia":[{"embeddable":true,"href":"https:\/\/www.europesays.com\/fr\/wp-json\/wp\/v2\/media\/60167"}],"wp:attachment":[{"href":"https:\/\/www.europesays.com\/fr\/wp-json\/wp\/v2\/media?parent=60166"}],"wp:term":[{"taxonomy":"category","embeddable":true,"href":"https:\/\/www.europesays.com\/fr\/wp-json\/wp\/v2\/categories?post=60166"},{"taxonomy":"post_tag","embeddable":true,"href":"https:\/\/www.europesays.com\/fr\/wp-json\/wp\/v2\/tags?post=60166"}],"curies":[{"name":"wp","href":"https:\/\/api.w.org\/{rel}","templated":true}]}}