{"id":601674,"date":"2025-12-15T21:56:14","date_gmt":"2025-12-15T21:56:14","guid":{"rendered":"https:\/\/www.europesays.com\/fr\/601674\/"},"modified":"2025-12-15T21:56:14","modified_gmt":"2025-12-15T21:56:14","slug":"un-immeuble-explose-a-trevoux-deux-jeunes-enfants-tues-et-une-trentaine-dautres-victimes-dont-sept-blesses","status":"publish","type":"post","link":"https:\/\/www.europesays.com\/fr\/601674\/","title":{"rendered":"un immeuble explose \u00e0 Tr\u00e9voux, deux jeunes enfants tu\u00e9s et une trentaine d\u2019autres victimes, dont sept bless\u00e9s"},"content":{"rendered":"<p>\n    Une puissante d\u00e9tonation a \u00e9t\u00e9 entendue \u00e0 plusieurs kilom\u00e8tres \u00e0 Tr\u00e9voux lundi, aux alentours de 17h30. La pr\u00e9fecture de l\u2019Ain invite la population \u00e0 \u00e9viter les lieux.<\/p>\n<p class=\"fig-paragraph\">Une violente explosion a retenti lundi aux alentours de 17h30 dans un immeuble d\u2019habitation sur les hauteurs de Tr\u00e9voux (<a href=\"http:\/\/www.lefigaro.fr\/lyon\/dans-l-ain-une-automobiliste-ivre-percute-mortellement-un-de-ses-collegues-de-travail-20251211\" target=\"_blank\" data-fig-type=\"NewsFlash\" rel=\"noopener nofollow\" data-gtm-custom-categorie=\"navigation\" data-gtm-custom-action=\"crossclick\" data-gtm-custom-label=\"Contextuel\" data-gtm-event=\"customEventSPE\" data-fig-domain=\"LEFIGARO\">Ain<\/a>), ville de 6930 habitants situ\u00e9e \u00e0 une quarantaine de kilom\u00e8tres au nord de Lyon. L\u2019incident, au rez-de-chauss\u00e9e d\u2019un b\u00e2timent de quatre \u00e9tages, a entra\u00een\u00e9 le d\u00e9c\u00e8s de deux enfants en bas \u00e2ge et a fait une trentaine d\u2019autres victimes, bless\u00e9es ou choqu\u00e9es.<\/p>\n<p class=\"fig-paragraph\">\u00abJ\u2019\u00e9tais chez moi, j\u2019ai entendu un bruit \u00e9pouvantable, j\u2019ai cru que c\u2019\u00e9tait un avion qui tombait\u00bb, a rapport\u00e9 \u00e0 l\u2019AFP Anne-Marie, une voisine qui n\u2019a pas donn\u00e9 son nom de famille. L\u2019immeuble ne s\u2019est pas effondr\u00e9, \u00abmais il y a eu beaucoup de d\u00e9g\u00e2ts et de projections de mat\u00e9riaux, \u00e7a a fragilis\u00e9 la structure\u00bb, a expliqu\u00e9 \u00e0 la presse la pr\u00e9f\u00e8te de l\u2019Ain Chantal Mauchet, qui s\u2019est rendue sur place.<\/p>\n<p>                                            <a class=\"fig-a11y-skip\" href=\"#fig-a11y-skip-main-inarticle\" data-module=\"a11y-skip\" data-context=\"was @visible\"><br \/>\n    Passer la publicit\u00e9<br \/>\n<\/a>            <\/p>\n<p class=\"fig-paragraph\">\u00abMalheureusement, nous avons deux d\u00e9c\u00e9d\u00e9s, des jeunes enfants qui ont \u00e9t\u00e9 d\u00e9clar\u00e9s d\u00e9c\u00e9d\u00e9s apr\u00e8s des tentatives de r\u00e9animation par les \u00e9quipes de secours\u00bb, a-t-elle ajout\u00e9. Ils \u00e9taient \u00e2g\u00e9s de trois et cinq ans selon une source au sein des secours. Sans donner de d\u00e9tails sur leur \u00e9tat, la pr\u00e9f\u00e8te a mentionn\u00e9 \u00abune trentaine\u00bb d\u2019autres personnes prises en charge par les secours, dont \u00abbeaucoup\u00bb en \u00e9tat de choc. Une cellule d\u2019urgence m\u00e9dico-psychologique a \u00e9t\u00e9 activ\u00e9e pour leur venir en aide, a-t-elle pr\u00e9cis\u00e9.<\/p>\n<p class=\"fig-paragraph\">Ce bilan reste provisoire. \u00abLes pompiers sont toujours \u00e0 pied d\u2019\u0153uvre\u00bb et \u00abdes \u00e9quipes cynophiles recherchent d\u2019autres potentielles victimes\u00bb dans les d\u00e9bris, a d\u00e9clar\u00e9 Chantal Mauchet, en appelant \u00e0 rester \u00e0 l\u2019\u00e9cart de l\u2019immeuble qui reste \u00abdangereux\u00bb. Environ 70 personnes vivaient dans ce b\u00e2timent qui a \u00e9t\u00e9 \u00absouffl\u00e9\u00bb, a indiqu\u00e9 \u00e0 la presse le maire de Tr\u00e9voux, Marc P\u00e9choux, qui a activ\u00e9 un \u00abplan communal de sauvegarde\u00bb. Pr\u00e8s de 50 d\u2019entre elles seront h\u00e9berg\u00e9es dans un gymnase pour la nuit, a-t-il poursuivi, d\u00e9plorant une situation \u00abdramatique\u00bb.<\/p>\n<p>                                            \u00abPaniqu\u00e9\u00bb<\/p>\n<p class=\"fig-paragraph\">La d\u00e9flagration \u00e9tait tellement forte que les vitres de deux \u00e9tablissements scolaires \u00e0 proximit\u00e9 se sont bris\u00e9es, a indiqu\u00e9 la pr\u00e9fecture, selon laquelle les responsables des \u00e9tablissements n\u2019ont pas signal\u00e9 de bless\u00e9s. \u00abJ\u2019\u00e9tais dans le lyc\u00e9e, on a entendu un gros boum, \u00e7a a fait tout trembler (&#8230;) le lyc\u00e9e a \u00e9t\u00e9 \u00e9vacu\u00e9\u00bb, ont d\u00e9crit \u00e0 l\u2019AFP deux \u00e9l\u00e8ves, Maylee et Lena. \u00abOn a paniqu\u00e9\u00bb, ont ajout\u00e9 les jeunes filles.<\/p>\n<p class=\"fig-paragraph\">Les causes de l\u2019explosion restent \u00e0 cette heure ind\u00e9termin\u00e9e. Une camionnette d\u2019intervention \u00aburgence gaz\u00bb a \u00e9t\u00e9 vue sur les lieux par l\u2019AFP, mais l\u2019hypoth\u00e8se d\u2019une fuite de gaz n\u2019a pas pu \u00eatre corrobor\u00e9e dans l\u2019imm\u00e9diat. La pr\u00e9f\u00e8te a indiqu\u00e9 qu\u2019une enqu\u00eate a \u00e9t\u00e9 ouverte. Le parquet de Bourg-en-Bresse n\u2019\u00e9tait pas joignable dans l\u2019imm\u00e9diat. D\u2019importants moyens humains et mat\u00e9riels ont \u00e9t\u00e9 imm\u00e9diatement d\u00e9ploy\u00e9s pour les secours et les investigations: 50 pompiers, 36 engins et des secours m\u00e9dicalis\u00e9s pour s\u2019occuper des victimes, et 45 gendarmes pour d\u00e9limiter la zone et d\u00e9terminer les causes du sinistre.<\/p>\n<p class=\"fig-paragraph\">\u00abIl fait nuit, donc on a ramen\u00e9 de l\u2019\u00e9clairage, on a ramen\u00e9 des moyens suppl\u00e9mentaires pour \u00e9tayer, pour s\u2019assurer que les \u00e9quipes travaillent en s\u00e9curit\u00e9\u00bb, a comment\u00e9 le colonel Pierre-Maris Grandcolas du service d\u00e9partemental d\u2019incendie et de secours (SDIS). \u00abOn a besoin d\u2019encore un petit peu de temps pour s\u2019assurer qu\u2019il n\u2019y ait plus personne sous les d\u00e9combres.\u00bb<\/p>\n<p>                                            <a class=\"fig-a11y-skip\" href=\"#fig-a11y-skip-main-inarticle_mtf\" data-module=\"a11y-skip\" data-context=\"was @visible\"><br \/>\n    Passer la publicit\u00e9<br \/>\n<\/a>            <\/p>\n<p class=\"fig-paragraph\">La pr\u00e9f\u00e8te de l\u2019Ain\u00a0<a href=\"http:\/\/www.lefigaro.fr\/actualite-france\/explosion-mortelle-dans-l-ain-qu-est-ce-que-le-plan-novi-declenche-par-la-prefecture-20251215\" target=\"_blank\" data-fig-type=\"NewsFlash\" rel=\"noopener nofollow\" data-gtm-custom-categorie=\"navigation\" data-gtm-custom-action=\"crossclick\" data-gtm-custom-label=\"Contextuel\" data-gtm-event=\"customEventSPE\" data-fig-domain=\"LEFIGARO\">a activ\u00e9 le plan nombreuses victimes (Novi)<\/a>, qui permet de mobiliser tous les acteurs de la cha\u00eene de secours en cas de nombreuses victimes sur un m\u00eame lieu. \u00abJe suis avec attention l\u2019\u00e9volution de la situation \u00e0 Tr\u00e9voux dans l\u2019Ain, et j\u2019adresse mes condol\u00e9ances sinc\u00e8res aux familles des jeunes victimes. Je pense \u00e9galement aux bless\u00e9s\u00bb, a d\u00e9clar\u00e9 sur Twitter le ministre de l\u2019Int\u00e9rieur Laurent Nu\u00f1ez.<\/p>\n","protected":false},"excerpt":{"rendered":"Une puissante d\u00e9tonation a \u00e9t\u00e9 entendue \u00e0 plusieurs kilom\u00e8tres \u00e0 Tr\u00e9voux lundi, aux alentours de 17h30. La pr\u00e9fecture&hellip;\n","protected":false},"author":2,"featured_media":601675,"comment_status":"","ping_status":"","sticky":false,"template":"","format":"standard","meta":{"footnotes":""},"categories":[2],"tags":[11,2738,2688,1011,27,12,25],"class_list":{"0":"post-601674","1":"post","2":"type-post","3":"status-publish","4":"format-standard","5":"has-post-thumbnail","7":"category-actualites","8":"tag-actualites","9":"tag-ain","10":"tag-explosion","11":"tag-fr","12":"tag-france","13":"tag-news","14":"tag-republique-francaise"},"share_on_mastodon":{"url":"https:\/\/pubeurope.com\/@fr\/115725820550814955","error":""},"_links":{"self":[{"href":"https:\/\/www.europesays.com\/fr\/wp-json\/wp\/v2\/posts\/601674","targetHints":{"allow":["GET"]}}],"collection":[{"href":"https:\/\/www.europesays.com\/fr\/wp-json\/wp\/v2\/posts"}],"about":[{"href":"https:\/\/www.europesays.com\/fr\/wp-json\/wp\/v2\/types\/post"}],"author":[{"embeddable":true,"href":"https:\/\/www.europesays.com\/fr\/wp-json\/wp\/v2\/users\/2"}],"replies":[{"embeddable":true,"href":"https:\/\/www.europesays.com\/fr\/wp-json\/wp\/v2\/comments?post=601674"}],"version-history":[{"count":0,"href":"https:\/\/www.europesays.com\/fr\/wp-json\/wp\/v2\/posts\/601674\/revisions"}],"wp:featuredmedia":[{"embeddable":true,"href":"https:\/\/www.europesays.com\/fr\/wp-json\/wp\/v2\/media\/601675"}],"wp:attachment":[{"href":"https:\/\/www.europesays.com\/fr\/wp-json\/wp\/v2\/media?parent=601674"}],"wp:term":[{"taxonomy":"category","embeddable":true,"href":"https:\/\/www.europesays.com\/fr\/wp-json\/wp\/v2\/categories?post=601674"},{"taxonomy":"post_tag","embeddable":true,"href":"https:\/\/www.europesays.com\/fr\/wp-json\/wp\/v2\/tags?post=601674"}],"curies":[{"name":"wp","href":"https:\/\/api.w.org\/{rel}","templated":true}]}}