{"id":601680,"date":"2025-12-15T21:59:12","date_gmt":"2025-12-15T21:59:12","guid":{"rendered":"https:\/\/www.europesays.com\/fr\/601680\/"},"modified":"2025-12-15T21:59:12","modified_gmt":"2025-12-15T21:59:12","slug":"on-a-vu-un-dusan-qui-avait-envie-de-montrer-des-choses-nikolic-est-de-retour-a-lalterna-stade-poitevin","status":"publish","type":"post","link":"https:\/\/www.europesays.com\/fr\/601680\/","title":{"rendered":"\u00ab\u00a0On a vu un Dusan qui avait envie de montrer des choses\u00a0\u00bb, Nikolic est de retour \u00e0 l&rsquo;Alterna Stade Poitevin"},"content":{"rendered":"<p>Quasiment inconsolable. Adoss\u00e9 aux panneaux LED, Dusan Nikolic avait le regard dans le vide. Comme perdu dans des pens\u00e9es malheureuses, que ses 21 points n\u2019arrivaient pas \u00e0 chasser. Le jeune pointu de 24\u00a0ans n\u2019avait d\u2019ailleurs aucune envie d\u2019\u00e9voquer sa performance individuelle et son retour sur le terrain, trop marqu\u00e9 par la d\u00e9faite collective de son \u00e9quipe dans un match \u00e0 rebondissements face \u00e0 Nice (2-3). \u00ab\u00a0C&rsquo;est bien de jouer mais c\u2019est trop douloureux de parler de \u00e7a, glissait-il. Si on avait gagn\u00e9, j\u2019aurais \u00e9t\u00e9 heureux. L\u00e0, c\u2019est diff\u00e9rent. Je ne veux pas parler de mon cas personnel&#8230;. <\/p>\n<p>    Cet article a \u00e9t\u00e9 tronqu\u00e9. Abonnez-vous pour lire l&rsquo;article complet sur notre site.<\/p>\n<p>\u00a0\u00bb<\/p>\n<p style=\"margin: 0 !important; padding: 0 !important; font-size: 12px !important;\">Cet article a \u00e9t\u00e9 tronqu\u00e9. Abonnez-vous pour lire l&rsquo;article complet.<\/p>\n<p>    <a href=\"https:\/\/www.lanouvellerepublique.fr\/abonnements\" style=\"display: inline-block; margin-top: 5px !important; padding: 6px 12px !important; background: #cb1c27; color: white; text-decoration: none; border-radius: 4px; font-size: 12px !important;\" target=\"_blank\" rel=\"noopener\"><br \/>\n      S&rsquo;abonner<br \/>\n    <\/a><\/p>\n","protected":false},"excerpt":{"rendered":"Quasiment inconsolable. Adoss\u00e9 aux panneaux LED, Dusan Nikolic avait le regard dans le vide. Comme perdu dans des&hellip;\n","protected":false},"author":2,"featured_media":601681,"comment_status":"","ping_status":"","sticky":false,"template":"","format":"standard","meta":{"footnotes":""},"categories":[1417],"tags":[1392,1654,1011,27,1655,1653,60,1584,1470,1469],"class_list":{"0":"post-601680","1":"post","2":"type-post","3":"status-publish","4":"format-standard","5":"has-post-thumbnail","7":"category-volley","8":"tag-a-la-une-local","9":"tag-alterna-stade-poitevin-volley-ball","10":"tag-fr","11":"tag-france","12":"tag-ligue-a","13":"tag-poitiers","14":"tag-sports","15":"tag-vienne","16":"tag-volley","17":"tag-volleyball"},"share_on_mastodon":{"url":"https:\/\/pubeurope.com\/@fr\/115725832377318478","error":""},"_links":{"self":[{"href":"https:\/\/www.europesays.com\/fr\/wp-json\/wp\/v2\/posts\/601680","targetHints":{"allow":["GET"]}}],"collection":[{"href":"https:\/\/www.europesays.com\/fr\/wp-json\/wp\/v2\/posts"}],"about":[{"href":"https:\/\/www.europesays.com\/fr\/wp-json\/wp\/v2\/types\/post"}],"author":[{"embeddable":true,"href":"https:\/\/www.europesays.com\/fr\/wp-json\/wp\/v2\/users\/2"}],"replies":[{"embeddable":true,"href":"https:\/\/www.europesays.com\/fr\/wp-json\/wp\/v2\/comments?post=601680"}],"version-history":[{"count":0,"href":"https:\/\/www.europesays.com\/fr\/wp-json\/wp\/v2\/posts\/601680\/revisions"}],"wp:featuredmedia":[{"embeddable":true,"href":"https:\/\/www.europesays.com\/fr\/wp-json\/wp\/v2\/media\/601681"}],"wp:attachment":[{"href":"https:\/\/www.europesays.com\/fr\/wp-json\/wp\/v2\/media?parent=601680"}],"wp:term":[{"taxonomy":"category","embeddable":true,"href":"https:\/\/www.europesays.com\/fr\/wp-json\/wp\/v2\/categories?post=601680"},{"taxonomy":"post_tag","embeddable":true,"href":"https:\/\/www.europesays.com\/fr\/wp-json\/wp\/v2\/tags?post=601680"}],"curies":[{"name":"wp","href":"https:\/\/api.w.org\/{rel}","templated":true}]}}