{"id":601684,"date":"2025-12-15T22:01:12","date_gmt":"2025-12-15T22:01:12","guid":{"rendered":"https:\/\/www.europesays.com\/fr\/601684\/"},"modified":"2025-12-15T22:01:12","modified_gmt":"2025-12-15T22:01:12","slug":"aryna-sabalenka-sacree-joueuse-wta-de-lannee-pour-la-deuxieme-fois-de-suite","status":"publish","type":"post","link":"https:\/\/www.europesays.com\/fr\/601684\/","title":{"rendered":"Aryna Sabalenka sacr\u00e9e joueuse WTA de l&rsquo;ann\u00e9e pour la deuxi\u00e8me fois de suite"},"content":{"rendered":"<p>En double, Katerina Siniakova et Taylor Townsend ont \u00e9t\u00e9 d\u00e9sign\u00e9es \u00e9quipe de l&rsquo;ann\u00e9e. Le duo s&rsquo;est notamment illustr\u00e9 en remportant un deuxi\u00e8me titre du Grand Chelem \u00e0 l&rsquo;Open d&rsquo;Australie, avant d&rsquo;atteindre la finale de l&rsquo;US Open. Belinda Bencic a, de son c\u00f4t\u00e9, re\u00e7u le prix du Comeback de l&rsquo;ann\u00e9e. De retour sur les courts apr\u00e8s \u00eatre devenue m\u00e8re en avril 2024, la Suissesse s&rsquo;est distingu\u00e9e par une s\u00e9rie de performances solides, marqu\u00e9e par une victoire face \u00e0 la num\u00e9ro cinq mondiale Elena Rybakina <a href=\"https:\/\/www.lequipe.fr\/Tennis\/Actualites\/Dix-mois-apres-son-accouchement-belinda-bencic-gagne-un-nouveau-tournoi\/1538542\" notaddlevel=\"true\" target=\"_blank\" rel=\"noopener\">pour s&rsquo;adjuger le tournoi d&rsquo;Abu Dhabi.<\/a>Enfin, la Canadienne Victoria Mboko a \u00e9t\u00e9 \u00e9lue r\u00e9v\u00e9lation de la saison. \u00c0 seulement 19\u00a0ans, elle a atteint le 18e rang mondial, le meilleur classement de sa jeune carri\u00e8re, et<a href=\"https:\/\/www.lequipe.fr\/Tennis\/Actualites\/La-canadienne-victoria-mboko-cree-la-surprise-face-a-naomi-osaka-et-remporte-l-open-du-canada\/1583872\" notaddlevel=\"true\" target=\"_blank\" rel=\"noopener\"> remport\u00e9 son premier titre WTA 1000 \u00e0 domicile<\/a>, \u00e0 Montr\u00e9al.<\/p>\n","protected":false},"excerpt":{"rendered":"En double, Katerina Siniakova et Taylor Townsend ont \u00e9t\u00e9 d\u00e9sign\u00e9es \u00e9quipe de l&rsquo;ann\u00e9e. Le duo s&rsquo;est notamment illustr\u00e9&hellip;\n","protected":false},"author":2,"featured_media":601685,"comment_status":"","ping_status":"","sticky":false,"template":"","format":"standard","meta":{"footnotes":""},"categories":[1415],"tags":[1011,27,60,1467],"class_list":{"0":"post-601684","1":"post","2":"type-post","3":"status-publish","4":"format-standard","5":"has-post-thumbnail","7":"category-tennis","8":"tag-fr","9":"tag-france","10":"tag-sports","11":"tag-tennis"},"share_on_mastodon":{"url":"https:\/\/pubeurope.com\/@fr\/115725840132222162","error":""},"_links":{"self":[{"href":"https:\/\/www.europesays.com\/fr\/wp-json\/wp\/v2\/posts\/601684","targetHints":{"allow":["GET"]}}],"collection":[{"href":"https:\/\/www.europesays.com\/fr\/wp-json\/wp\/v2\/posts"}],"about":[{"href":"https:\/\/www.europesays.com\/fr\/wp-json\/wp\/v2\/types\/post"}],"author":[{"embeddable":true,"href":"https:\/\/www.europesays.com\/fr\/wp-json\/wp\/v2\/users\/2"}],"replies":[{"embeddable":true,"href":"https:\/\/www.europesays.com\/fr\/wp-json\/wp\/v2\/comments?post=601684"}],"version-history":[{"count":0,"href":"https:\/\/www.europesays.com\/fr\/wp-json\/wp\/v2\/posts\/601684\/revisions"}],"wp:featuredmedia":[{"embeddable":true,"href":"https:\/\/www.europesays.com\/fr\/wp-json\/wp\/v2\/media\/601685"}],"wp:attachment":[{"href":"https:\/\/www.europesays.com\/fr\/wp-json\/wp\/v2\/media?parent=601684"}],"wp:term":[{"taxonomy":"category","embeddable":true,"href":"https:\/\/www.europesays.com\/fr\/wp-json\/wp\/v2\/categories?post=601684"},{"taxonomy":"post_tag","embeddable":true,"href":"https:\/\/www.europesays.com\/fr\/wp-json\/wp\/v2\/tags?post=601684"}],"curies":[{"name":"wp","href":"https:\/\/api.w.org\/{rel}","templated":true}]}}