{"id":601690,"date":"2025-12-15T22:07:14","date_gmt":"2025-12-15T22:07:14","guid":{"rendered":"https:\/\/www.europesays.com\/fr\/601690\/"},"modified":"2025-12-15T22:07:14","modified_gmt":"2025-12-15T22:07:14","slug":"didier-bourdon-sa-maison-des-hauts-de-france","status":"publish","type":"post","link":"https:\/\/www.europesays.com\/fr\/601690\/","title":{"rendered":"Didier Bourdon : sa maison des Hauts-de-France"},"content":{"rendered":"<p data-start=\"674\" data-end=\"993\">On imagine souvent les stars<br \/>\ns\u2019acheter des villas en bord de mer ou des appartements de luxe \u00e0<br \/>\nParis. Mais <a href=\"https:\/\/www.lejournaldelamaison.fr\/le-journal-de-la-maison\/reportages-maisons\/maisons-reportages-maisons\/didier-bourdon-pris-gout-campagne-petite-maison-soissonnais-ecrivait-sketchs-inconnus-526913.html\" target=\"_blank\" rel=\"noopener\"><br \/>\n<strong data-start=\"781\" data-end=\"799\">Didier<br \/>\nBourdon<\/strong><\/a>, lui, a fait un choix bien plus modeste et<br \/>\npersonnel. Tr\u00e8s attach\u00e9 \u00e0 ses racines et \u00e0 la nature, le com\u00e9dien a<br \/>\ninvesti ses premiers cachets dans une maison de campagne dans les<br \/>\nHauts-de-France.\u00a0C\u2019est dans une interview relay\u00e9e par<br \/>\nGala que l\u2019humoriste des<br \/>\nInconnus \u00e9voque cette maison qu\u2019il a acquise il y a plusieurs<br \/>\nd\u00e9cennies. Un lieu simple, mais qui tient une place essentielle<br \/>\ndans sa vie.<\/p>\n<p>Didier Bourdon :<br \/>\nson\u00a0lien fort avec les Hauts-de-France<\/p>\n<p data-start=\"1247\" data-end=\"1581\">Ce choix de vie refl\u00e8te un<br \/>\n<strong data-start=\"1274\" data-end=\"1311\">attachement profond au<br \/>\nterritoire<\/strong>. En s\u2019installant dans le Soissonnais, Didier<br \/>\nBourdon a pr\u00e9f\u00e9r\u00e9 la <strong data-start=\"1382\" data-end=\"1405\">tranquillit\u00e9 de la <a href=\"https:\/\/www.lejournaldelamaison.fr\/le-journal-de-la-maison\/reportages-maisons\/maisons-campagne\/regine-superbe-maison-campagne-dans-calvados-530272.html\" target=\"_blank\" rel=\"noopener\"><br \/>\ncampagne<\/a><\/strong> \u00e0 l\u2019agitation parisienne, conservant ainsi un<br \/>\nlien privil\u00e9gi\u00e9 avec la r\u00e9gion qui l\u2019apaise. Il y trouve une forme<br \/>\nde normalit\u00e9 qui contraste avec les exigences de la c\u00e9l\u00e9brit\u00e9.<\/p>\n<p data-start=\"1583\" data-end=\"1882\">Ce mode de vie plus discret et<br \/>\nen retrait lui permet de rester fid\u00e8le \u00e0 lui-m\u00eame. \u00ab\u00a0\u00c7a me remet les id\u00e9es en place\u00a0\u00bb,<br \/>\nconfie-t-il \u00e0 propos de ses s\u00e9jours dans cette campagne des<br \/>\nHauts-de-France. Un retour aux sources qui t\u00e9moigne d\u2019un<br \/>\n<strong data-start=\"1818\" data-end=\"1843\">besoin<br \/>\nd\u2019authenticit\u00e9<\/strong>, rare dans le milieu du show-business.<\/p>\n<p>Didier Bourdon : sa \u00ab\u00a0petite\u00a0\u00bb<br \/>\nmaison qu\u00a0\u00bbil acquise avec ses premiers cachets<\/p>\n<p data-start=\"1930\" data-end=\"2302\">Plut\u00f4t discret sur sa vie<br \/>\npriv\u00e9e, l\u2019acteur s\u2019est confi\u00e9 sur cette maison situ\u00e9e dans le<br \/>\n<strong data-start=\"2018\" data-end=\"2033\">Soissonnais<\/strong>, une<br \/>\nr\u00e9gion paisible du <a href=\"https:\/\/www.lejournaldelamaison.fr\/le-journal-de-la-maison\/reportages-maisons\/maisons-campagne\/eve-gilles-region-tient-enormement-coeur-magnifique-maison-nord-pas-de-calais-apres-quitte-paris-520414.html\" target=\"_blank\" rel=\"noopener\"><br \/>\nNord de la France<\/a>. \u00ab\u00a0C\u2019est<br \/>\nune petite maison que j\u2019ai achet\u00e9e avec mes premiers cachets, et<br \/>\nelle me suffit\u00a0\u00bb, a-t-il d\u00e9clar\u00e9 sans d\u00e9tour. Cette propri\u00e9t\u00e9,<br \/>\nsans luxe apparent, est un rep\u00e8re personnel, un choix assum\u00e9 d\u00e8s le<br \/>\nd\u00e9but de sa carri\u00e8re.<\/p>\n<p data-start=\"2304\" data-end=\"2608\">Loin des projecteurs, Didier<br \/>\nBourdon y m\u00e8ne une vie simple : \u00ab\u00a0Quand j\u2019y suis, je fais du jardinage, je coupe du bois, je<br \/>\nm\u2019occupe de mes chiens\u00a0\u00bb. Ce quotidien bucolique illustre un<br \/>\n<strong data-start=\"2487\" data-end=\"2508\">mode de vie<br \/>\nsobre<\/strong>, \u00e0 rebours des standards du monde du spectacle. Une<br \/>\nfa\u00e7on pour lui de se reconnecter \u00e0 l\u2019essentiel.<\/p>\n<blockquote class=\"instagram-media\" style=\"background: #ffffff;border: 0;margin: 1px;width: 100%;padding: 0;max-width: 500px;\" data-instgrm-permalink=\"https:\/\/www.instagram.com\/p\/CTXZBb1oCTm\/\" data-instgrm-version=\"14\"\/>\n<p>Didier Bourdon : un acteur discret et fid\u00e8le \u00e0 ses valeurs<\/p>\n<p data-start=\"2662\" data-end=\"2973\">N\u00e9 \u00e0 Alger en 1959,<br \/>\n<strong data-start=\"2682\" data-end=\"2700\">Didier Bourdon<\/strong><br \/>\nse forme au <strong data-start=\"2713\" data-end=\"2766\">Conservatoire<br \/>\nnational sup\u00e9rieur d&rsquo;art dramatique<\/strong> avant de se faire<br \/>\nconna\u00eetre aux c\u00f4t\u00e9s de <a href=\"https:\/\/www.lejournaldelamaison.fr\/le-journal-de-la-maison\/reportages-maisons\/maisons-campagne\/chez-bernard-campan-maison-campagne-inconnu-pas-comme-autres-510759.html\" target=\"_blank\" rel=\"noopener\"><br \/>\n<strong data-start=\"2808\" data-end=\"2826\">Bernard<br \/>\nCampan<\/strong><\/a> et <strong data-start=\"2830\" data-end=\"2850\">Pascal L\u00e9gitimus<\/strong> dans le trio Les Inconnus. Leur<br \/>\nhumour populaire et leurs parodies cultes marquent durablement la<br \/>\nculture des ann\u00e9es 1990.<\/p>\n<p data-start=\"2975\" data-end=\"3404\">Tout au long de sa carri\u00e8re,<br \/>\nil a altern\u00e9 les r\u00f4les comiques et plus s\u00e9rieux. Dans une interview<br \/>\naccord\u00e9e \u00e0 La Provence,<br \/>\nil expliquait s\u2019\u00eatre inspir\u00e9 de <strong data-start=\"3130\" data-end=\"3147\">Bernard Tapie<\/strong> pour son r\u00f4le dans Un bon patron : \u00ab\u00a0Je me suis inspir\u00e9 de Bernard Tapie, que j\u2019ai bien<br \/>\nconnu \u00e0 une \u00e9poque\u00a0\u00bb. Malgr\u00e9 le succ\u00e8s, il n\u2019a jamais c\u00e9d\u00e9 aux<br \/>\ncodes de la notori\u00e9t\u00e9 tapageuse, privil\u00e9giant le<br \/>\n<strong data-start=\"3350\" data-end=\"3403\">travail, la discr\u00e9tion et<br \/>\nla coh\u00e9rence artistique<\/strong>.<\/p>\n<p><script async src=\"\/\/www.instagram.com\/embed.js\"><\/script><\/p>\n","protected":false},"excerpt":{"rendered":"On imagine souvent les stars s\u2019acheter des villas en bord de mer ou des appartements de luxe \u00e0&hellip;\n","protected":false},"author":2,"featured_media":601691,"comment_status":"","ping_status":"","sticky":false,"template":"","format":"standard","meta":{"footnotes":""},"categories":[1359],"tags":[13041,71422,71421,2511,23392,1446,1805,4917,58,3029,59,1011,27,8667,23042,4743,151,2142,973,2044,59198,18017,746,17395,10649,16812],"class_list":{"0":"post-601690","1":"post","2":"type-post","3":"status-publish","4":"format-standard","5":"has-post-thumbnail","7":"category-people","8":"tag-a","9":"tag-achetee","10":"tag-bourdon","11":"tag-cest","12":"tag-celle","13":"tag-dans","14":"tag-de","15":"tag-didier","16":"tag-divertissement","17":"tag-du","18":"tag-entertainment","19":"tag-fr","20":"tag-france","21":"tag-hauts","22":"tag-jaime","23":"tag-la","24":"tag-les","25":"tag-maison","26":"tag-people","27":"tag-petite","28":"tag-province","29":"tag-quil","30":"tag-que","31":"tag-sest","32":"tag-sa","33":"tag-terroir"},"share_on_mastodon":{"url":"https:\/\/pubeurope.com\/@fr\/115725863974424376","error":""},"_links":{"self":[{"href":"https:\/\/www.europesays.com\/fr\/wp-json\/wp\/v2\/posts\/601690","targetHints":{"allow":["GET"]}}],"collection":[{"href":"https:\/\/www.europesays.com\/fr\/wp-json\/wp\/v2\/posts"}],"about":[{"href":"https:\/\/www.europesays.com\/fr\/wp-json\/wp\/v2\/types\/post"}],"author":[{"embeddable":true,"href":"https:\/\/www.europesays.com\/fr\/wp-json\/wp\/v2\/users\/2"}],"replies":[{"embeddable":true,"href":"https:\/\/www.europesays.com\/fr\/wp-json\/wp\/v2\/comments?post=601690"}],"version-history":[{"count":0,"href":"https:\/\/www.europesays.com\/fr\/wp-json\/wp\/v2\/posts\/601690\/revisions"}],"wp:featuredmedia":[{"embeddable":true,"href":"https:\/\/www.europesays.com\/fr\/wp-json\/wp\/v2\/media\/601691"}],"wp:attachment":[{"href":"https:\/\/www.europesays.com\/fr\/wp-json\/wp\/v2\/media?parent=601690"}],"wp:term":[{"taxonomy":"category","embeddable":true,"href":"https:\/\/www.europesays.com\/fr\/wp-json\/wp\/v2\/categories?post=601690"},{"taxonomy":"post_tag","embeddable":true,"href":"https:\/\/www.europesays.com\/fr\/wp-json\/wp\/v2\/tags?post=601690"}],"curies":[{"name":"wp","href":"https:\/\/api.w.org\/{rel}","templated":true}]}}