{"id":601694,"date":"2025-12-15T22:10:11","date_gmt":"2025-12-15T22:10:11","guid":{"rendered":"https:\/\/www.europesays.com\/fr\/601694\/"},"modified":"2025-12-15T22:10:11","modified_gmt":"2025-12-15T22:10:11","slug":"un-si-grand-soleil-france-tv-8","status":"publish","type":"post","link":"https:\/\/www.europesays.com\/fr\/601694\/","title":{"rendered":"Un si grand soleil &#8211; France TV"},"content":{"rendered":"<ol>\n<li><a href=\"https:\/\/news.google.com\/rss\/articles\/CBMiqAFBVV95cUxQRTNBU0hyaXBFazRGaXd5Tk5rRTl1dzBDTmlEd005VVp2RnhFbmhXUWlmNzVrbHBYUXpkRHBJbFd3VFQwLXVxX0RVZHI5WTZYemdVZHlZQW5reFhDbTZ5M2ZIX2x1dmlUU3FTdXNya09ocDdndllZS3lOWm9VbHVDQUZfUFdsaGh5WEFKdmVYR3ZDbGZVRTdkSlp2QTNPYjFpTlZiMkJnQ3Q?oc=5\" target=\"_blank\" rel=\"noopener\">Un si grand soleil<\/a>&nbsp;&nbsp;France TV<\/li>\n<li><a href=\"https:\/\/news.google.com\/rss\/articles\/CBMi1gFBVV95cUxOUzVMdU5UWjdqQlEyTXkwMXFjREpKeFRZdGo5M01ySEhLQW51ODFPZFBUMEIwM0hUR0EwTU9oRTBUN000dFNMR01OYmQwZWdGbWhoN1ZXSnBoWUJfajhNQnUtRUdiQkJONHNfQ09zLW9tM1NaYnBmb2YwNjRrWFlnTS15eFdTSWJLelEwZG5NT1QyeXc1bUpmUGhNVjlTcHlqNEhUZ0FnX2FPWjl0VnFRTlYyaFc1RlZMbWlmV2w1anVhVGd3NjlHQ1hBZENHa0F2NTN6bVZ3?oc=5\" target=\"_blank\" rel=\"noopener\">Un si grand soleil (spoilers) : H\u00e9l\u00e8ne entre la vie et la mort\u2026 Ce qui vous attend du 15 au 19 d\u00e9cembre<\/a>&nbsp;&nbsp;T\u00e9l\u00e9 Star<\/li>\n<li><a href=\"https:\/\/news.google.com\/rss\/articles\/CBMiqgJBVV95cUxPYlVDbERTdWNCWUxETkVBcFNyZlJWSnZ1YjFKRWJaUi1hb0tIUGRsRHd2SS1ZRFBUWVQwMXBpNUVUZGxjWHFwekQtU2M2Z2hhLUpVX0pfUWVSSk50YWF5TDlreEYtb3Y0dGFDVmJsZy1RT3RQdnlFNXZHQkJmVXV2b1o4V1I3R2NxME5UbEEtMkNzS0gyNTFUY0lzRjhfQUExbExBN3Ixb2NTajM0eGs3QkFEYkl2Z2g4dWt1eWQ4ZTMtZXF1OUZSdWFEeU1POTBWN2VYRjFobU1JblN4S2hsUXhnM2hxUkpVTFQwNHc4T2Jlc0dWbjBWRFRPenlWbXNRQndLelJOTVpjVmNCaVJjeHNCSE1zUHJZNkc0VWN1SllwcGlSanRGZEV3?oc=5\" target=\"_blank\" rel=\"noopener\">\u00ab Un si grand soleil \u00bb. Les r\u00e9sum\u00e9s en avance des \u00e9pisodes du 15 au 19 d\u00e9cembre 2025<\/a>&nbsp;&nbsp;Programme TV Ouest-France<\/li>\n<li><a href=\"https:\/\/news.google.com\/rss\/articles\/CBMi2gJBVV95cUxPNnlBNzNTVjFicUtvclI4R3k2c25EUE1TWldqY1lCWlBkY3JWUTUzY3FfdWJYTUh5UzFoSVdnLVJvS1JsTmI0SGxDeXNaNHlBRk5RcVk2NXIyVklHRF9sRU5paVY1LW56ZFh5ak1FSTFqWnZDQk9tR0VTRDJ0NjJzS3ZYZnIxV3FnVV9BVzZSSWo5SGROZXVtNGtWT0Q2SzVoaEFUeEk4WURtSWdRb2J3V3gtOFlhM0FGeXU3ZUpHVGpGN0djSFpra1ZIWFRVbmhUc016ajM0dHBPczBoaWRsMHVvVWt5UmxTeHZYSU5USS0tVzdybjhOeHl1N0tYYWhSUGRKZGVnVFpmOGpJNk8yZUV3NHJ5X0lJWkNLTklsN2JZNFQ0UHhiOUpUd2VOaUx5Ym5INUxlYnZna3hReEVGRDM2YU9TcXpRLUFrNjlrYVBVM1BiN3hjQUJR?oc=5\" target=\"_blank\" rel=\"noopener\">Un Si Grand Soleil en avance : apr\u00e8s deux ans d&rsquo;absence, ce personnage est de retour !&#8230; Ce qui vous attend la semaine du 15 au 19 d\u00e9cembre 2025 [SPOILERS]<\/a>&nbsp;&nbsp;Divertissements : Orange<\/li>\n<\/ol>\n","protected":false},"excerpt":{"rendered":"Un si grand soleil&nbsp;&nbsp;France TV Un si grand soleil (spoilers) : H\u00e9l\u00e8ne entre la vie et la mort\u2026&hellip;\n","protected":false},"author":2,"featured_media":601695,"comment_status":"","ping_status":"","sticky":false,"template":"","format":"standard","meta":{"footnotes":""},"categories":[1356],"tags":[58,59,1011,27,252,1364],"class_list":{"0":"post-601694","1":"post","2":"type-post","3":"status-publish","4":"format-standard","5":"has-post-thumbnail","7":"category-television","8":"tag-divertissement","9":"tag-entertainment","10":"tag-fr","11":"tag-france","12":"tag-television","13":"tag-tv"},"share_on_mastodon":{"url":"","error":""},"_links":{"self":[{"href":"https:\/\/www.europesays.com\/fr\/wp-json\/wp\/v2\/posts\/601694","targetHints":{"allow":["GET"]}}],"collection":[{"href":"https:\/\/www.europesays.com\/fr\/wp-json\/wp\/v2\/posts"}],"about":[{"href":"https:\/\/www.europesays.com\/fr\/wp-json\/wp\/v2\/types\/post"}],"author":[{"embeddable":true,"href":"https:\/\/www.europesays.com\/fr\/wp-json\/wp\/v2\/users\/2"}],"replies":[{"embeddable":true,"href":"https:\/\/www.europesays.com\/fr\/wp-json\/wp\/v2\/comments?post=601694"}],"version-history":[{"count":0,"href":"https:\/\/www.europesays.com\/fr\/wp-json\/wp\/v2\/posts\/601694\/revisions"}],"wp:featuredmedia":[{"embeddable":true,"href":"https:\/\/www.europesays.com\/fr\/wp-json\/wp\/v2\/media\/601695"}],"wp:attachment":[{"href":"https:\/\/www.europesays.com\/fr\/wp-json\/wp\/v2\/media?parent=601694"}],"wp:term":[{"taxonomy":"category","embeddable":true,"href":"https:\/\/www.europesays.com\/fr\/wp-json\/wp\/v2\/categories?post=601694"},{"taxonomy":"post_tag","embeddable":true,"href":"https:\/\/www.europesays.com\/fr\/wp-json\/wp\/v2\/tags?post=601694"}],"curies":[{"name":"wp","href":"https:\/\/api.w.org\/{rel}","templated":true}]}}