{"id":601696,"date":"2025-12-15T22:11:12","date_gmt":"2025-12-15T22:11:12","guid":{"rendered":"https:\/\/www.europesays.com\/fr\/601696\/"},"modified":"2025-12-15T22:11:12","modified_gmt":"2025-12-15T22:11:12","slug":"deux-coqs-dans-un-poulailler","status":"publish","type":"post","link":"https:\/\/www.europesays.com\/fr\/601696\/","title":{"rendered":"Deux coqs dans un poulailler"},"content":{"rendered":"<p>\u00c0 80 ans, Catherine Lara continue de parler vrai. Invit\u00e9e le 30<br \/>\nmai 2023 dans l\u2019\u00e9mission Chez Jordan, autrefois diffus\u00e9e sur C8<br \/>\navant la fermeture de la cha\u00eene en mars dernier, l\u2019artiste<br \/>\nembl\u00e9matique de la chanson fran\u00e7aise se livrait avec une libert\u00e9 de<br \/>\nton assum\u00e9e. Si elle profitait de son passage pour revenir sur son<br \/>\nimmense carri\u00e8re, elle n\u00a0\u00bba pas non plus h\u00e9sit\u00e9 \u00e0 <strong>\u00e9voquer<br \/>\ndes sujets plus personnels, parfois sensibles<\/strong>, qui ont<br \/>\nmarqu\u00e9 son parcours.<\/p>\n<p>Parmi eux, son d\u00e9part des Enfoir\u00e9s, apr\u00e8s pr\u00e8s de trente ans<br \/>\nd\u2019engagement, et <a href=\"https:\/\/www.melty.fr\/people\/catherine-lara-ex-de-muriel-robin-elle-revele-pourquoi-ca-na-pas-fonctionne-entre-elles-pas-le-bon-moment-2274499.html\" target=\"_blank\" rel=\"noopener\"><br \/>\nson histoire d\u2019amour intense avec Muriel Robin<\/a>, qui a dur\u00e9 cinq<br \/>\nans dans les ann\u00e9es 1990. <strong>Avec son l\u00e9gendaire<br \/>\nfranc-parler<\/strong>, l\u2019artiste \u00e2g\u00e9e de 80 ans revenait sur ses<br \/>\nsouvenirs, sans d\u00e9tour ni tabou, et assumait aujourd\u2019hui pleinement<br \/>\nses choix pass\u00e9s, tant artistiques qu\u2019intimes.<\/p>\n<p>La violoniste a tourn\u00e9 la page des Enfoir\u00e9s<\/p>\n<p>Catherine Lara <strong>a rejoint la troupe des Enfoir\u00e9s en<br \/>\n1994<\/strong>, \u00e0 une \u00e9poque o\u00f9 les concerts reposaient, selon elle,<br \/>\nsur de v\u00e9ritables moments musicaux, des chansons enti\u00e8res et une<br \/>\nforte coh\u00e9sion artistique. Pendant de nombreuses ann\u00e9es, elle a<br \/>\nparticip\u00e9 activement \u00e0 cet engagement caritatif au profit des<br \/>\nRestos du C\u0153ur, une cause qu\u2019elle dit toujours soutenir<br \/>\nprofond\u00e9ment.<\/p>\n<p>Mais au fil du temps, l\u2019artiste a expliqu\u00e9 ne plus s\u2019y retrouver<br \/>\nartistiquement. Invit\u00e9e sur bel RTL puis interrog\u00e9e \u00e0 plusieurs<br \/>\nreprises sur le sujet, elle a d\u00e9clar\u00e9 avoir quitt\u00e9 les Enfoir\u00e9s<br \/>\nparce qu\u2019elle n\u2019y prenait plus le m\u00eame plaisir. Elle a notamment<br \/>\n<strong>point\u00e9 du doigt l\u2019\u00e9volution du spectacle<\/strong>,<br \/>\naffirmant que les prestations \u00e9taient devenues plus fragment\u00e9es,<br \/>\navec des artistes qui ne chantaient parfois qu\u2019une phrase avant de<br \/>\nquitter la sc\u00e8ne. Catherine Lara a \u00e9galement critiqu\u00e9 certains<br \/>\nchoix sc\u00e9niques, \u00e9voquant des d\u00e9guisements qu\u2019elle jugeait<br \/>\n\u00ab\u00a0atroces\u00a0\u00bb et dans lesquels elle ne se reconnaissait<br \/>\nplus.<\/p>\n<p>\u00ab\u00a0Quand j&rsquo;ai connu les Enfoir\u00e9s, on avait le temps de faire<br \/>\nde vrais duos, des trios. On chantait ensemble. On avait 5 minutes<br \/>\npour s&rsquo;exprimer et pour essayer de balancer quelques \u00e9motions. Et<br \/>\nmaintenant, on fait deux phrases, tac, on sort. Il y a un<br \/>\nfootballeur qui vient chanter comme un pied, ce n\u2019est pas grave.<br \/>\nApr\u00e8s, il y en a un autre qui chante bien. Je n&rsquo;ai rien contre,<br \/>\nmais moi <strong>je n&rsquo;avais plus ma place l\u00e0-dedans<\/strong>\u00ab\u00a0,<br \/>\nregrettait-elle. Si son d\u00e9part a marqu\u00e9 les esprits, elle a<br \/>\ntoujours pr\u00e9cis\u00e9 qu\u2019il ne s\u2019agissait en aucun cas d\u2019un rejet de la<br \/>\ncause, mais bien d\u2019un d\u00e9saccord artistique et personnel avec<br \/>\nl\u2019\u00e9volution du concept.<\/p>\n<p>Muriel Robin et Catherine Lara, \u00ab\u00a0deux<br \/>\ncoqs dans un poulailler\u00a0\u00bb<\/p>\n<p>Lors de son passage chez Jordan de Luxe, Catherine Lara \u00e9voquait<br \/>\n\u00e9galement ce passage dans les Enfoir\u00e9s. Mais la<br \/>\nvioloniste-chanteuse fran\u00e7aise revenait surtout son histoire<br \/>\nd\u2019amour <a href=\"https:\/\/www.melty.fr\/people\/insupportable-a-ses-debuts-muriel-robin-avoue-quelle-netait-pas-aimable-et-non-frequentable-2282536.html\" target=\"_blank\" rel=\"noopener\"><br \/>\navec Muriel Robin<\/a>, qu\u2019elle a partag\u00e9e entre 1990 et 1995. Une<br \/>\nrelation qu\u2019elle a \u00e9galement \u00e9voqu\u00e9e dans son livre Entre \u00e9moi et<br \/>\nmoi, paru en 2011. Sur le plateau de Chez Jordan, l\u2019artiste parlait<br \/>\nde l\u2019humoriste avec beaucoup de tendresse, la d\u00e9crivant comme une<br \/>\nfemme <strong>\u00ab\u00a0extraordinaire\u00a0\u00bb, \u00ab\u00a0tr\u00e8s douce\u00a0\u00bb<\/strong>, \u00ab\u00a0tr\u00e8s<br \/>\nprofonde\u00a0\u00bb et \u00ab\u00a0tr\u00e8s talentueuse\u00a0\u00bb.<\/p>\n<p>\u00ab\u00a0Oh Muriel ! C&rsquo;est un amour de fille, c&rsquo;est une femme<br \/>\nextraordinaire. C\u2019est une femme tr\u00e8s douce, tr\u00e8s profonde, tr\u00e8s<br \/>\ntalentueuse&#8230; Quel talent ! C&rsquo;est une immense actrice, surtout. Je<br \/>\nn&rsquo;ai pas v\u00e9cu difficilement cette \u00e9poque, aussi tr\u00e8s<br \/>\nheureuse\u00a0\u00bb, se souvenait-elle avec tendresse. Mais Catherine<br \/>\nLara ne cache pas non plus les difficult\u00e9s qu\u2019elles ont connues au<br \/>\ncours de leur relation. Toujours face \u00e0 Jordan de Luxe, elle<br \/>\nr\u00e9v\u00e9lait que leur couple avait \u00e9t\u00e9 marqu\u00e9 par des clashs, li\u00e9s \u00e0<br \/>\nleurs caract\u00e8res affirm\u00e9s : \u00ab\u00a0Il y a forc\u00e9ment des moments<br \/>\ndifficiles quand on est un peu comme deux coqs dans un poulailler\u00a0\u00bb.<br \/>\n\u00ab\u00a0Elle a un caract\u00e8re en or, mais <strong>on avait nos clashs et nos<br \/>\ninstants de bonheur extr\u00eames<\/strong>\u00ab\u00a0, a-t-elle tout de m\u00eame<br \/>\ntenu \u00e0 nuancer.<\/p>\n<p>Concernant leur s\u00e9paration, Catherine Lara a simplement indiqu\u00e9<br \/>\nque chacune avait des choses \u00e0 r\u00e9gler de son c\u00f4t\u00e9, sans conflit ni<br \/>\nanimosit\u00e9. Aujourd\u2019hui, les deux femmes ont refait leur vie :<br \/>\n<strong>Muriel Robin est mari\u00e9e \u00e0 Anne Le Nen depuis 2021<\/strong>,<br \/>\ntandis que Catherine Lara partage depuis plus de vingt ans la vie<br \/>\nde sa compagne Samantha. Une page tourn\u00e9e, mais des souvenirs<br \/>\nassum\u00e9s pour l\u2019artiste de 80 ans qui n\u2019en garde que des bons<br \/>\nsouvenirs.<\/p>\n","protected":false},"excerpt":{"rendered":"\u00c0 80 ans, Catherine Lara continue de parler vrai. Invit\u00e9e le 30 mai 2023 dans l\u2019\u00e9mission Chez Jordan,&hellip;\n","protected":false},"author":2,"featured_media":601697,"comment_status":"","ping_status":"","sticky":false,"template":"","format":"standard","meta":{"footnotes":""},"categories":[1355],"tags":[58,59,1011,27,11764,1361,873,65861],"class_list":{"0":"post-601696","1":"post","2":"type-post","3":"status-publish","4":"format-standard","5":"has-post-thumbnail","7":"category-musique","8":"tag-divertissement","9":"tag-entertainment","10":"tag-fr","11":"tag-france","12":"tag-muriel-robin","13":"tag-music","14":"tag-musique","15":"tag-trend"},"share_on_mastodon":{"url":"https:\/\/pubeurope.com\/@fr\/115725879616090027","error":""},"_links":{"self":[{"href":"https:\/\/www.europesays.com\/fr\/wp-json\/wp\/v2\/posts\/601696","targetHints":{"allow":["GET"]}}],"collection":[{"href":"https:\/\/www.europesays.com\/fr\/wp-json\/wp\/v2\/posts"}],"about":[{"href":"https:\/\/www.europesays.com\/fr\/wp-json\/wp\/v2\/types\/post"}],"author":[{"embeddable":true,"href":"https:\/\/www.europesays.com\/fr\/wp-json\/wp\/v2\/users\/2"}],"replies":[{"embeddable":true,"href":"https:\/\/www.europesays.com\/fr\/wp-json\/wp\/v2\/comments?post=601696"}],"version-history":[{"count":0,"href":"https:\/\/www.europesays.com\/fr\/wp-json\/wp\/v2\/posts\/601696\/revisions"}],"wp:featuredmedia":[{"embeddable":true,"href":"https:\/\/www.europesays.com\/fr\/wp-json\/wp\/v2\/media\/601697"}],"wp:attachment":[{"href":"https:\/\/www.europesays.com\/fr\/wp-json\/wp\/v2\/media?parent=601696"}],"wp:term":[{"taxonomy":"category","embeddable":true,"href":"https:\/\/www.europesays.com\/fr\/wp-json\/wp\/v2\/categories?post=601696"},{"taxonomy":"post_tag","embeddable":true,"href":"https:\/\/www.europesays.com\/fr\/wp-json\/wp\/v2\/tags?post=601696"}],"curies":[{"name":"wp","href":"https:\/\/api.w.org\/{rel}","templated":true}]}}