{"id":601710,"date":"2025-12-15T22:19:20","date_gmt":"2025-12-15T22:19:20","guid":{"rendered":"https:\/\/www.europesays.com\/fr\/601710\/"},"modified":"2025-12-15T22:19:20","modified_gmt":"2025-12-15T22:19:20","slug":"laureate-du-prix-nobel-de-la-paix-maria-corina-machado-sest-blessee-en-quittant-le-venezuela","status":"publish","type":"post","link":"https:\/\/www.europesays.com\/fr\/601710\/","title":{"rendered":"Laur\u00e9ate du prix Nobel de la paix, Maria Corina Machado s&rsquo;est bless\u00e9e en quittant le Venezuela"},"content":{"rendered":"\n<p class=\"c-chapo \">\n  L&rsquo;opposante au pr\u00e9sident Nicolas Maduro souffre d&rsquo;une fracture aux vert\u00e8bres.\n<\/p>\n<p>      lire plus tard<\/p>\n<p id=\"dialog__title\" class=\"dialog__title\">Pour sauvegarder cet article, connectez-vous ou cr\u00e9ez un compte franceinfo<\/p>\n<p class=\"dialog__description\">Sans paiement. Sans abonnement.<\/p>\n<p>        Fermer la fen\u00eatre d\u2019activation des notifications France Info<\/p>\n<p>      cr\u00e9er votre compte<\/p>\n<p>      se connecter<\/p>\n<p>      :<\/p>\n<p>        Fermer la fen\u00eatre de pr\u00e9sentation<\/p>\n<p>    <img loading=\"lazy\" decoding=\"async\" class=\"signature__image lazyload\" width=\"100\" height=\"100\" data- alt=\"\" src=\"https:\/\/www.europesays.com\/fr\/wp-content\/uploads\/2025\/05\/64a68815cd1a7_placeholder-36b69ec8.png\"\/><\/p>\n<p>    Publi\u00e9 le 15\/12\/2025 18:44<\/p>\n<p>      Mis \u00e0 jour le 15\/12\/2025 19:41<\/p>\n<p>        Temps de lecture : 2min<\/p>\n<p>    <img decoding=\"async\"  alt=\"Maria Corina Machado, laur\u00e9ate du prix Nobel de la paix, lors d'une conf\u00e9rence de presse \u00e0 Oslo, le 11 d\u00e9cembre 2025. (ODD ANDERSEN \/ AFP)\" width=\"432\" height=\"243\" src=\"https:\/\/www.europesays.com\/fr\/wp-content\/uploads\/2025\/12\/000-887z363-694047437438f723953379.jpg\" fetchpriority=\"high\"\/><\/p>\n<p>      Maria Corina Machado, laur\u00e9ate du prix Nobel de la paix, lors d&rsquo;une conf\u00e9rence de presse \u00e0 Oslo, le 11 d\u00e9cembre 2025. (ODD ANDERSEN \/ AFP)<\/p>\n<p>Une fuite non sans cons\u00e9quence. L&rsquo;opposante v\u00e9n\u00e9zu\u00e9lienne Maria Corina Machado, prix Nobel de la paix, s&rsquo;est fractur\u00e9 une vert\u00e8bre durant sa fuite mouvement\u00e9e et secr\u00e8te du Venezuela la semaine derni\u00e8re, a annonc\u00e9 sa porte-parole lundi 15 d\u00e9cembre. \u00ab\u00a0Pour le moment, aucune information suppl\u00e9mentaire ne sera communiqu\u00e9e au-del\u00e0 de ce qui figure dans l&rsquo;article\u00a0\u00bb, a ajout\u00e9 Claudia Macero dans un message.<\/p>\n<p>Au risque d&rsquo;\u00eatre d\u00e9clar\u00e9e fugitive, l&rsquo;opposante au pr\u00e9sident Nicolas Maduro\u00a0a quitt\u00e9 Caracas, o\u00f9 elle vivait cach\u00e9e depuis ao\u00fbt 2024, et est arriv\u00e9e \u00e0 Oslo (Norv\u00e8ge) dans la nuit de mercredi \u00e0 jeudi, trop tard pour assister \u00e0 la c\u00e9r\u00e9monie de remise de son prixNobel,\u00a0<a href=\"https:\/\/www.franceinfo.fr\/monde\/prix-nobel\/l-exfiltration-rocambolesque-de-maria-corina-machado-prix-nobel-de-la-paix-par-les-etats-unis_7674499.html\" rel=\"noopener noreferrer nofollow\" data-tooltip-url=\"https:\/\/www.franceinfo.fr\/monde\/prix-nobel\/l-exfiltration-rocambolesque-de-maria-corina-machado-prix-nobel-de-la-paix-par-les-etats-unis_7674499.html\" target=\"_blank\">au terme d&rsquo;une op\u00e9ration rocambolesque<\/a>. <a href=\"https:\/\/la1ere.franceinfo.fr\/guadeloupe\/le-nobel-de-la-paix-a-l-opposante-venezuelienne-maria-corina-machado-1631765.html\" rel=\"noopener noreferrer nofollow\" data-tooltip-url=\"https:\/\/la1ere.franceinfo.fr\/guadeloupe\/le-nobel-de-la-paix-a-l-opposante-venezuelienne-maria-corina-machado-1631765.html\" target=\"_blank\">L&rsquo;opposante de 58 ans<\/a> s&rsquo;est bless\u00e9e lors de ce voyage dans lequel elle dit elle-m\u00eame avoir eu peur de laisser sa vie.<\/p>\n<p>Selon Aftenposten, quotidien de r\u00e9f\u00e9rence en Norv\u00e8ge, la fracture a \u00e9t\u00e9 occasionn\u00e9e lors de son exfiltration, dans une mer agit\u00e9e, depuis le littoral v\u00e9n\u00e9zu\u00e9lien \u00e0 bord d&rsquo;un petit bateau de p\u00eache. Elle a \u00e9t\u00e9 constat\u00e9e \u00e0 l&rsquo;h\u00f4pital universitaire d&rsquo;Ullev\u00e5l \u00e0 Oslo, pr\u00e9cise le journal. Sans fournir plus de d\u00e9tails, Maria Corina Machado a exprim\u00e9 \u00e0 plusieurs reprises son souhait de consulter un m\u00e9decin depuis son arriv\u00e9e \u00e0 Oslo.<\/p>\n<p>Sa fracture ne l&rsquo;a pas emp\u00each\u00e9e d&rsquo;escalader une barri\u00e8re pour aller saluer des partisans lors de sa premi\u00e8re apparition publique dans la capitale norv\u00e9gienne, quelques heures apr\u00e8s y avoir atterri. B\u00eate noire du pr\u00e9sident socialiste Nicolas Maduro, Maria Corina Machado \u00e9tait entr\u00e9e en clandestinit\u00e9 au Venezuela en ao\u00fbt 2024, quelques jours apr\u00e8s une pr\u00e9sidentielle \u00e0 laquelle elle avait \u00e9t\u00e9 emp\u00each\u00e9e de participer.<\/p>\n","protected":false},"excerpt":{"rendered":"L&rsquo;opposante au pr\u00e9sident Nicolas Maduro souffre d&rsquo;une fracture aux vert\u00e8bres. lire plus tard Pour sauvegarder cet article, connectez-vous&hellip;\n","protected":false},"author":2,"featured_media":601711,"comment_status":"","ping_status":"","sticky":false,"template":"","format":"standard","meta":{"footnotes":""},"categories":[5],"tags":[11,1011,27,14,12,28],"class_list":{"0":"post-601710","1":"post","2":"type-post","3":"status-publish","4":"format-standard","5":"has-post-thumbnail","7":"category-international","8":"tag-actualites","9":"tag-fr","10":"tag-france","11":"tag-international","12":"tag-news","13":"tag-world"},"share_on_mastodon":{"url":"https:\/\/pubeurope.com\/@fr\/115725912170001478","error":""},"_links":{"self":[{"href":"https:\/\/www.europesays.com\/fr\/wp-json\/wp\/v2\/posts\/601710","targetHints":{"allow":["GET"]}}],"collection":[{"href":"https:\/\/www.europesays.com\/fr\/wp-json\/wp\/v2\/posts"}],"about":[{"href":"https:\/\/www.europesays.com\/fr\/wp-json\/wp\/v2\/types\/post"}],"author":[{"embeddable":true,"href":"https:\/\/www.europesays.com\/fr\/wp-json\/wp\/v2\/users\/2"}],"replies":[{"embeddable":true,"href":"https:\/\/www.europesays.com\/fr\/wp-json\/wp\/v2\/comments?post=601710"}],"version-history":[{"count":0,"href":"https:\/\/www.europesays.com\/fr\/wp-json\/wp\/v2\/posts\/601710\/revisions"}],"wp:featuredmedia":[{"embeddable":true,"href":"https:\/\/www.europesays.com\/fr\/wp-json\/wp\/v2\/media\/601711"}],"wp:attachment":[{"href":"https:\/\/www.europesays.com\/fr\/wp-json\/wp\/v2\/media?parent=601710"}],"wp:term":[{"taxonomy":"category","embeddable":true,"href":"https:\/\/www.europesays.com\/fr\/wp-json\/wp\/v2\/categories?post=601710"},{"taxonomy":"post_tag","embeddable":true,"href":"https:\/\/www.europesays.com\/fr\/wp-json\/wp\/v2\/tags?post=601710"}],"curies":[{"name":"wp","href":"https:\/\/api.w.org\/{rel}","templated":true}]}}