{"id":601719,"date":"2025-12-15T22:26:13","date_gmt":"2025-12-15T22:26:13","guid":{"rendered":"https:\/\/www.europesays.com\/fr\/601719\/"},"modified":"2025-12-15T22:26:13","modified_gmt":"2025-12-15T22:26:13","slug":"quelle-ville-de-lorraine-est-la-deuxieme-plus-mediatique-de-france","status":"publish","type":"post","link":"https:\/\/www.europesays.com\/fr\/601719\/","title":{"rendered":"Quelle ville de Lorraine est la deuxi\u00e8me plus m\u00e9diatique de France\u00a0?"},"content":{"rendered":"<p>Plus de 38\u00a0millions de contenus m\u00e9diatiques \u2013\u00a0journaux, cha\u00eenes de t\u00e9l\u00e9, stations de radio et sites Internet d\u2019actualit\u00e9s fran\u00e7ais\u00a0\u2013 ont \u00e9t\u00e9 analys\u00e9s entre le 1er\u00a0novembre\u00a02024 et le 31\u00a0octobre\u00a02025. Afin, in fine, de r\u00e9pondre \u00e0 ces questions\u00a0: quels sont les \u00e9diles les plus visibles et pourquoi\u00a0? Quelles sont les villes les plus repr\u00e9sent\u00e9es\u00a0? \u00c0 trois mois des \u00e9lections municipales, les classements <a href=\"https:\/\/www.aday.fr\/news\/visibilite-mediatique-des-maires-et-villes-de-france-3e-edition-du-barometre-annuel-ouest-france-tagaday\" target=\"_blank\" rel=\"noopener\">r\u00e9alis\u00e9s par la plateforme de veille m\u00e9dia Tagaday<\/a>, en partenariat avec le <a href=\"https:\/\/www.ouest-france.fr\/medias\/exclusif-lille-besancon-paris-decouvrez-les-villes-qui-ont-le-plus-fait-parler-delles-en-2025-30a484ac-bb4c-11f0-b227-510f72443e00\" target=\"_blank\" rel=\"noopener\">quotidien Ouest-France<\/a>, r\u00e9servent quelques surprises.<\/p>\n<p>D\u2019embl\u00e9e, pr\u00e9cisons que ce classement quantitatif ne tient pas compte de la longueur des sujets ni de leur\u00a0tonalit\u00e9. La ville est comptabilis\u00e9e chaque fois que son nom est cit\u00e9, que ce soit de mani\u00e8re positive, n\u00e9gative ou neutre. Mais alors, comment\u00a0une m\u00e9tropole lorraine peut-elle se d\u00e9marquer face \u00e0 des mastodontes m\u00e9diatiques comme Paris, Lyon ou Marseille\u00a0? Pour une raison toute simple\u00a0: le classement est \u00e9tabli selon le nombre de fois o\u00f9 la ville est cit\u00e9e\u00a0rapport\u00e9 \u00e0 son nombre d\u2019habitants. Une m\u00e9thodologie plus \u00e9galitaire, qui a pour effet de faire monter Nancy sur le podium en deuxi\u00e8me position, juste derri\u00e8re Lille et avant Besan\u00e7on.<\/p>\n<p>Metz perd en visibilit\u00e9<\/p>\n<p>Avec un ratio de 3,06\u00a0contenus par habitant, la capitale de la Meurthe-et-Moselle grimpe de six places par rapport \u00e0 2024 (+\u00a031,5\u00a0% de contenus). \u00ab\u00a0Parmi les raisons\u00a0: l\u2019accueil du <a href=\"https:\/\/www.lasemaine.fr\/politique\/congres-du-ps-a-nancy-mathieu-klein-pourquoi-il-a-choisi-le-ps\/\" data-type=\"post\" data-id=\"395282\" target=\"_blank\" rel=\"noopener\">congr\u00e8s du Parti socialiste<\/a>\u00a0ou de la <a href=\"https:\/\/www.lasemaine.fr\/politique\/france-pologne-un-traite-historique-signe-a-nancy\/\" data-type=\"post\" data-id=\"380709\" target=\"_blank\" rel=\"noopener\">signature du\u00a0Trait\u00e9 de Nancy<\/a>\u00a0entre Emmanuel Macron et le Premier ministre polonais, Donald Tusk\u00a0\u00bb, estime <a href=\"https:\/\/www.ouest-france.fr\/medias\/exclusif-lille-besancon-paris-decouvrez-les-villes-qui-ont-le-plus-fait-parler-delles-en-2025-30a484ac-bb4c-11f0-b227-510f72443e00#google_vignette\" target=\"_blank\" rel=\"noopener\">Ouest-France<\/a>. Elle vole ainsi la vedette \u00e0 Grenoble qui occupait sa position l\u2019ann\u00e9e derni\u00e8re. Rouen \u00e9tait alors 3e et Lille\u00a0d\u00e9j\u00e0 bonne premi\u00e8re, avec sa m\u00e9diatique braderie et ses actualit\u00e9s politiques et footballistiques.<\/p>\n<p>Dans ce barom\u00e8tre sorti le 12\u00a0novembre dernier, une ville lorraine perd cependant en visibilit\u00e9. Metz d\u00e9croche \u00e0 la 11e\u00a0position, avec un ratio de 2,32\u00a0contenus par habitant, alors qu\u2019elle figurait dans le top\u00a010\u00a0l\u2019ann\u00e9e derni\u00e8re, aux coude \u00e0 coude avec Nancy. Elle n\u2019a \u00e9t\u00e9 cit\u00e9e que 282\u00a0497\u00a0fois\u00a0sur ces douze derniers mois, contre 318\u00a0995\u00a0fois pour sa rivale.<\/p>\n<p>La popularit\u00e9 m\u00e9diatique de Fran\u00e7ois Grosdidier et de Mathieu Klein stables<\/p>\n<p>La tendance s\u2019inverse quelque peu lorsque l\u2019on se penche sur un autre aspect du barom\u00e8tre. Dans la cat\u00e9gorie des maires les plus m\u00e9diatiques, <a href=\"https:\/\/www.lasemaine.fr\/politique\/municipales-de-metz-francois-grosdidier-un-maire-presque-en-campagne\/\" data-type=\"post\" data-id=\"402537\" target=\"_blank\" rel=\"noopener\">Fran\u00e7ois Grosdidier<\/a> prend l\u2019avantage sur <a href=\"https:\/\/www.lasemaine.fr\/politique\/municipales-a-nancy-mathieu-klein-chahute-a-gauche\/\" data-type=\"post\" data-id=\"400388\" target=\"_blank\" rel=\"noopener\">Mathieu Klein<\/a>. Les deux \u00e9diles figurent toujours en\u00a017e et 20e\u00a0positions\u00a0; avec 3\u00a0385\u00a0occurrences m\u00e9diatiques pour le Messin contre 2\u00a0923 pour le Nanc\u00e9ien. \u00c0 l\u2019\u00e9chelle nationale, le podium est inchang\u00e9 depuis trois ans\u00a0: le maire du\u00a0Havre, \u00c9douard Philippe, celle de Paris, Anne Hidalgo, et celui de Nice, Christian Estrosi, restent ind\u00e9tr\u00f4nables.<\/p>\n","protected":false},"excerpt":{"rendered":"Plus de 38\u00a0millions de contenus m\u00e9diatiques \u2013\u00a0journaux, cha\u00eenes de t\u00e9l\u00e9, stations de radio et sites Internet d\u2019actualit\u00e9s fran\u00e7ais\u00a0\u2013&hellip;\n","protected":false},"author":2,"featured_media":601720,"comment_status":"","ping_status":"","sticky":false,"template":"","format":"standard","meta":{"footnotes":""},"categories":[9635],"tags":[1111,11,1777,674,1011,27,775,1702,12,25],"class_list":{"0":"post-601719","1":"post","2":"type-post","3":"status-publish","4":"format-standard","5":"has-post-thumbnail","7":"category-nancy","8":"tag-actu","9":"tag-actualites","10":"tag-eu","11":"tag-europe","12":"tag-fr","13":"tag-france","14":"tag-grand-est","15":"tag-nancy","16":"tag-news","17":"tag-republique-francaise"},"share_on_mastodon":{"url":"https:\/\/pubeurope.com\/@fr\/115725938398208005","error":""},"_links":{"self":[{"href":"https:\/\/www.europesays.com\/fr\/wp-json\/wp\/v2\/posts\/601719","targetHints":{"allow":["GET"]}}],"collection":[{"href":"https:\/\/www.europesays.com\/fr\/wp-json\/wp\/v2\/posts"}],"about":[{"href":"https:\/\/www.europesays.com\/fr\/wp-json\/wp\/v2\/types\/post"}],"author":[{"embeddable":true,"href":"https:\/\/www.europesays.com\/fr\/wp-json\/wp\/v2\/users\/2"}],"replies":[{"embeddable":true,"href":"https:\/\/www.europesays.com\/fr\/wp-json\/wp\/v2\/comments?post=601719"}],"version-history":[{"count":0,"href":"https:\/\/www.europesays.com\/fr\/wp-json\/wp\/v2\/posts\/601719\/revisions"}],"wp:featuredmedia":[{"embeddable":true,"href":"https:\/\/www.europesays.com\/fr\/wp-json\/wp\/v2\/media\/601720"}],"wp:attachment":[{"href":"https:\/\/www.europesays.com\/fr\/wp-json\/wp\/v2\/media?parent=601719"}],"wp:term":[{"taxonomy":"category","embeddable":true,"href":"https:\/\/www.europesays.com\/fr\/wp-json\/wp\/v2\/categories?post=601719"},{"taxonomy":"post_tag","embeddable":true,"href":"https:\/\/www.europesays.com\/fr\/wp-json\/wp\/v2\/tags?post=601719"}],"curies":[{"name":"wp","href":"https:\/\/api.w.org\/{rel}","templated":true}]}}