{"id":601723,"date":"2025-12-15T22:30:15","date_gmt":"2025-12-15T22:30:15","guid":{"rendered":"https:\/\/www.europesays.com\/fr\/601723\/"},"modified":"2025-12-15T22:30:15","modified_gmt":"2025-12-15T22:30:15","slug":"une-nouvelle-adresse-pour-les-passionnes-dairsoft-dans-la-metropole-toulonnaise","status":"publish","type":"post","link":"https:\/\/www.europesays.com\/fr\/601723\/","title":{"rendered":"Une nouvelle adresse pour les passionn\u00e9s d\u2019airsoft dans la m\u00e9tropole toulonnaise"},"content":{"rendered":"<p class=\"fs-5 \">Le paysage de l\u2019airsoft varois accueille un nouvel acteur. Install\u00e9 \u00e0 La Valette-du-Var, Le Fou de la G\u00e2chette vient combler un vide laiss\u00e9 par la disparition progressive des boutiques sp\u00e9cialis\u00e9es dans le d\u00e9partement. Derri\u00e8re ce projet, un couple de trentenaires, Alexandra Staron et J\u00e9r\u00e9my Moraldi, entrepreneurs et futurs parents, bien d\u00e9cid\u00e9s \u00e0 ancrer durablement l\u2019airsoft dans le tissu local.<\/p>\n<p class=\"fs-5 \">Joueur de longue date, J\u00e9r\u00e9my Moraldi est parti d\u2019un constat simple\u00a0: malgr\u00e9 une communaut\u00e9 active et structur\u00e9e, les pratiquants \u00e9taient contraints de se fournir \u00e0 distance, sans pouvoir essayer le mat\u00e9riel ni b\u00e9n\u00e9ficier de conseils adapt\u00e9s. \u00ab\u00a0Un \u00e9quipement, \u00e7a se prend en main. Le gabarit, le poids, les r\u00e9glages, tout compte\u00a0\u00bb, r\u00e9sume-t-il. De cette frustration est n\u00e9e l\u2019id\u00e9e d\u2019un magasin enti\u00e8rement d\u00e9di\u00e9 \u00e0 l\u2019airsoft, pens\u00e9 autant pour les d\u00e9butants que pour les joueurs confirm\u00e9s.<\/p>\n<p class=\"fs-5 \">Le Fou de la G\u00e2chette propose la vente de r\u00e9pliques, d\u2019\u00e9quipements et d\u2019accessoires, mais aussi la r\u00e9paration, l\u2019upgrade personnalis\u00e9, ainsi que le rachat et l\u2019estimation de mat\u00e9riel. L\u2019accompagnement est au c\u0153ur de la d\u00e9marche\u00a0: expliquer, orienter, \u00e9viter les erreurs d\u2019achat, et cr\u00e9er un lien durable avec la client\u00e8le.<\/p>\n<p>                                                                                Une communaut\u00e9 d\u00e9j\u00e0 pr\u00e9sente<\/p>\n<p class=\"fs-5 \">Avant m\u00eame son ouverture officielle, le magasin s\u2019est fait remarquer lors d\u2019une grande op\u00e9ration d\u2019airsoft organis\u00e9e en octobre dernier \u00e0 Rocbaron. Pendant trois jours, pr\u00e8s de 400 joueurs venus du Var, des d\u00e9partements limitrophes et de Corse ont particip\u00e9 \u00e0 cet \u00e9v\u00e9nement d\u2019envergure. L\u2019\u00e9quipe du Fou de la G\u00e2chette y tenait un stand et a organis\u00e9 une tombola caritative, dont l\u2019int\u00e9gralit\u00e9 des b\u00e9n\u00e9fices a \u00e9t\u00e9 revers\u00e9e aux Miles Honoris, un groupe de bikers soutenant une association venant en aide aux soldats bless\u00e9s de France.<\/p>\n<p class=\"fs-5 \">Soutenue par de nombreuses associations locales, l\u2019ouverture du Fou de la G\u00e2chette a donn\u00e9 lieu \u00e0 une inauguration tr\u00e8s suivie, rassemblant plusieurs centaines de personnes. Pour l\u2019occasion, plusieurs fournisseurs, fran\u00e7ais comme \u00e9trangers, avaient fait le d\u00e9placement et propos\u00e9 stands, animations et tombolas. Un lancement r\u00e9ussi, qui confirme l\u2019attente autour de cette nouvelle enseigne, d\u00e9sormais bien d\u00e9cid\u00e9e \u00e0 s\u2019inscrire comme un lieu de rencontre et de r\u00e9f\u00e9rence pour la communaut\u00e9 airsoft du territoire.<\/p>\n","protected":false},"excerpt":{"rendered":"Le paysage de l\u2019airsoft varois accueille un nouvel acteur. Install\u00e9 \u00e0 La Valette-du-Var, Le Fou de la G\u00e2chette&hellip;\n","protected":false},"author":2,"featured_media":601724,"comment_status":"","ping_status":"","sticky":false,"template":"","format":"standard","meta":{"footnotes":""},"categories":[9619],"tags":[1111,11,1777,674,1011,27,12,882,25,2310],"class_list":{"0":"post-601723","1":"post","2":"type-post","3":"status-publish","4":"format-standard","5":"has-post-thumbnail","7":"category-toulon","8":"tag-actu","9":"tag-actualites","10":"tag-eu","11":"tag-europe","12":"tag-fr","13":"tag-france","14":"tag-news","15":"tag-provence-alpes-cote-dazur","16":"tag-republique-francaise","17":"tag-toulon"},"share_on_mastodon":{"url":"https:\/\/pubeurope.com\/@fr\/115725954311188122","error":""},"_links":{"self":[{"href":"https:\/\/www.europesays.com\/fr\/wp-json\/wp\/v2\/posts\/601723","targetHints":{"allow":["GET"]}}],"collection":[{"href":"https:\/\/www.europesays.com\/fr\/wp-json\/wp\/v2\/posts"}],"about":[{"href":"https:\/\/www.europesays.com\/fr\/wp-json\/wp\/v2\/types\/post"}],"author":[{"embeddable":true,"href":"https:\/\/www.europesays.com\/fr\/wp-json\/wp\/v2\/users\/2"}],"replies":[{"embeddable":true,"href":"https:\/\/www.europesays.com\/fr\/wp-json\/wp\/v2\/comments?post=601723"}],"version-history":[{"count":0,"href":"https:\/\/www.europesays.com\/fr\/wp-json\/wp\/v2\/posts\/601723\/revisions"}],"wp:featuredmedia":[{"embeddable":true,"href":"https:\/\/www.europesays.com\/fr\/wp-json\/wp\/v2\/media\/601724"}],"wp:attachment":[{"href":"https:\/\/www.europesays.com\/fr\/wp-json\/wp\/v2\/media?parent=601723"}],"wp:term":[{"taxonomy":"category","embeddable":true,"href":"https:\/\/www.europesays.com\/fr\/wp-json\/wp\/v2\/categories?post=601723"},{"taxonomy":"post_tag","embeddable":true,"href":"https:\/\/www.europesays.com\/fr\/wp-json\/wp\/v2\/tags?post=601723"}],"curies":[{"name":"wp","href":"https:\/\/api.w.org\/{rel}","templated":true}]}}