{"id":601739,"date":"2025-12-15T22:38:17","date_gmt":"2025-12-15T22:38:17","guid":{"rendered":"https:\/\/www.europesays.com\/fr\/601739\/"},"modified":"2025-12-15T22:38:17","modified_gmt":"2025-12-15T22:38:17","slug":"video-accrochages-voisins-genes-dans-cette-ferme-illuminee-au-nord-de-rennes-la-magie-de","status":"publish","type":"post","link":"https:\/\/www.europesays.com\/fr\/601739\/","title":{"rendered":"VID\u00c9O. Accrochages, voisins g\u00ean\u00e9s\u2026 dans cette ferme illumin\u00e9e au nord de Rennes, la magie de"},"content":{"rendered":"<p>Le succ\u00e8s n\u2019est pas toujours un cadeau. Cl\u00e9ment Fouville n\u2019en revient toujours pas du nombre de curieux qui ont franchi l\u2019entr\u00e9e de la ferme familiale, nich\u00e9e dans la campagne de Rennes, \u00e0 Saint-Aubin-d\u2019Aubign\u00e9 (Ille-et-Vilaine). Le jeune homme, passionn\u00e9 d\u2019\u00e9lectricit\u00e9, con\u00e7oit depuis huit ans <a href=\"https:\/\/rennes.maville.com\/actu\/actudet_-video.-cette-ferme-s-illumine-de-39-000-petites-ampoules-pour-noel-un-lieu-magique-cache-dans-la-campagne-rennaise-_7-7103495_actu.Htm\" rel=\"nofollow noopener\" target=\"_blank\">tout un d\u00e9cor de No\u00ebl avec de nombreuses guirlandes.<\/a><\/p>\n<p>Cela attire les habitants du coin mais l\u2019article puis <a href=\"https:\/\/www.ouest-france.fr\/bretagne\/saint-aubin-daubigne-35250\/video-cette-ferme-en-pleine-campagne-brille-de-mille-feux-pour-noel-en-ille-et-vilaine-66e68570-124f-3bc8-95be-34317be5878b\" rel=\"nofollow noopener\" target=\"_blank\">la vid\u00e9o de <\/a>  <a href=\"https:\/\/www.ouest-france.fr\/bretagne\/saint-aubin-daubigne-35250\/video-cette-ferme-en-pleine-campagne-brille-de-mille-feux-pour-noel-en-ille-et-vilaine-66e68570-124f-3bc8-95be-34317be5878b\" rel=\"nofollow noopener\" target=\"_blank\">Ouest-France<\/a>  est devenue virale depuis le 12\u00a0d\u00e9cembre 2025. \u00a0Vendredi soir, c\u2019\u00e9tait de la folie, raconte Cl\u00e9ment Fouville. Samedi soir, j\u2019ai compt\u00e9 220\u00a0voitures\u00a0! Dimanche, c\u2019\u00e9tait plus du double et l\u00e0, \u00e7a a vraiment bloqu\u00e9\u00a0, d\u00e9crit le cr\u00e9ateur de ce spectacle lumineux.<\/p>\n<p>La route communale satur\u00e9e<\/p>\n<p>Sur le chemin, les voitures sont pare-chocs contre pare-chocs. Les visiteurs mettent 1\u00a0h\u00a030 pour faire 300\u00a0m\u00e8tres. \u00a0Des amis, venus normalement pour d\u00eener, se sont retrouv\u00e9s \u00e0 organiser avec moi la circulation.\u00a0 La route communale est compl\u00e8tement satur\u00e9e. La ferme est en cul-de-sac. Les voitures qui font demi-tour ont du mal \u00e0 se croiser, les pi\u00e9tons, gar\u00e9s n\u2019importe o\u00f9, se font peur en r\u00e9cup\u00e9rant leur v\u00e9hicule.<\/p>\n<p>\u00a0Des familles, des jeunes, \u00e7a venait de tout le d\u00e9partement et m\u00eame des gens m\u2019ont dit qu\u2019ils venaient sp\u00e9cialement d\u2019Angers\u00a0!\u00a0 Certes, les 39\u00a0000\u00a0ampoules qui brillent sur les b\u00e2timents et dans le jardin sont l\u00e0 pour cr\u00e9er la magie de No\u00ebl. \u00a0Mais l\u00e0, on ne voyait m\u00eame plus l\u2019ensemble tellement il y avait de monde.\u00a0<\/p>\n<p>\t<img decoding=\"async\" src=\"https:\/\/www.europesays.com\/fr\/wp-content\/uploads\/2025\/12\/P35641819D7110778G_px_640_.jpg\" alt=\"photo chaque ann\u00e9e pour no\u00ebl, cl\u00e9ment fourville illumine la ferme familiale avec 39\u00a0000\u00a0ampoules, \u00e0 saint-aubin-d\u2019aubign\u00e9, au nord de rennes.  \u00a9  ouest-france\" width=\"640\" title=\" Chaque ann\u00e9e pour No\u00ebl, Cl\u00e9ment Fourville illumine la ferme familiale avec 39\u00a0000\u00a0ampoules, \u00e0 Saint-Aubin-d\u2019Aubign\u00e9, au nord de Rennes.   Ouest-France \"\/><\/p>\n<p class=\"elmt-legende\"> Chaque ann\u00e9e pour No\u00ebl, Cl\u00e9ment Fourville illumine la ferme familiale avec 39\u00a0000\u00a0ampoules, \u00e0 Saint-Aubin-d\u2019Aubign\u00e9, au nord de Rennes.   Ouest-France <\/p>\n<p>Comment faire les prochains jours\u00a0?<\/p>\n<p>Cl\u00e9ment Fouville a entendu les compliments, a vu les enfants ravis, mais le jeune homme s\u2019inqui\u00e8te des jours \u00e0 venir. \u00a0Il y a eu des accrochages, des cl\u00f4tures renvers\u00e9es, une voiture embourb\u00e9e dans le foss\u00e9, mes voisins g\u00ean\u00e9s.\u00a0 L\u2019esprit festif est un peu plomb\u00e9.<\/p>\n<p>Lundi 15\u00a0d\u00e9cembre 2025 dans l\u2019apr\u00e8s-midi, G\u00e9rard Perrigault, adjoint au maire, est venu sur place. \u00a0C\u2019est tr\u00e8s sympa, les illuminations de Cl\u00e9ment, \u00e7a fait le bonheur ici, depuis des ann\u00e9es\u00a0, rappelle l\u2019\u00e9lu.<\/p>\n<p>Pour permettre \u00e0 l\u2019\u00e9v\u00e9nement de perdurer, l\u2019\u00e9lu \u00e9voque l\u2019id\u00e9e de b\u00e9n\u00e9voles avec des gilets jaunes, des barri\u00e8res pour canaliser, mais la configuration des lieux ne permet pas de miracle. \u00a0Sinon on \u00e9teindra tout pour ne pas \u00eatre d\u00e9bord\u00e9\u00a0, souffle le jeune homme.<\/p>\n<p>\u00a0<\/p>\n","protected":false},"excerpt":{"rendered":"Le succ\u00e8s n\u2019est pas toujours un cadeau. Cl\u00e9ment Fouville n\u2019en revient toujours pas du nombre de curieux qui&hellip;\n","protected":false},"author":2,"featured_media":601740,"comment_status":"","ping_status":"","sticky":false,"template":"","format":"standard","meta":{"footnotes":""},"categories":[2821],"tags":[50378,1111,11,829,1777,674,9095,1011,27,71427,71425,71426,1781,29658,12,15830,1308,584,25,133,29959],"class_list":{"0":"post-601739","1":"post","2":"type-post","3":"status-publish","4":"format-standard","5":"has-post-thumbnail","7":"category-rennes","8":"tag-accrochages","9":"tag-actu","10":"tag-actualites","11":"tag-bretagne","12":"tag-eu","13":"tag-europe","14":"tag-ferme","15":"tag-fr","16":"tag-france","17":"tag-gachee","18":"tag-genes","19":"tag-illuminee","20":"tag-lorient","21":"tag-magie","22":"tag-news","23":"tag-noel","24":"tag-nord","25":"tag-rennes","26":"tag-republique-francaise","27":"tag-video","28":"tag-voisins"},"share_on_mastodon":{"url":"https:\/\/pubeurope.com\/@fr\/115725986653786070","error":""},"_links":{"self":[{"href":"https:\/\/www.europesays.com\/fr\/wp-json\/wp\/v2\/posts\/601739","targetHints":{"allow":["GET"]}}],"collection":[{"href":"https:\/\/www.europesays.com\/fr\/wp-json\/wp\/v2\/posts"}],"about":[{"href":"https:\/\/www.europesays.com\/fr\/wp-json\/wp\/v2\/types\/post"}],"author":[{"embeddable":true,"href":"https:\/\/www.europesays.com\/fr\/wp-json\/wp\/v2\/users\/2"}],"replies":[{"embeddable":true,"href":"https:\/\/www.europesays.com\/fr\/wp-json\/wp\/v2\/comments?post=601739"}],"version-history":[{"count":0,"href":"https:\/\/www.europesays.com\/fr\/wp-json\/wp\/v2\/posts\/601739\/revisions"}],"wp:featuredmedia":[{"embeddable":true,"href":"https:\/\/www.europesays.com\/fr\/wp-json\/wp\/v2\/media\/601740"}],"wp:attachment":[{"href":"https:\/\/www.europesays.com\/fr\/wp-json\/wp\/v2\/media?parent=601739"}],"wp:term":[{"taxonomy":"category","embeddable":true,"href":"https:\/\/www.europesays.com\/fr\/wp-json\/wp\/v2\/categories?post=601739"},{"taxonomy":"post_tag","embeddable":true,"href":"https:\/\/www.europesays.com\/fr\/wp-json\/wp\/v2\/tags?post=601739"}],"curies":[{"name":"wp","href":"https:\/\/api.w.org\/{rel}","templated":true}]}}