{"id":601743,"date":"2025-12-15T22:40:48","date_gmt":"2025-12-15T22:40:48","guid":{"rendered":"https:\/\/www.europesays.com\/fr\/601743\/"},"modified":"2025-12-15T22:40:48","modified_gmt":"2025-12-15T22:40:48","slug":"voici-ses-priorites-pour-strasbourg","status":"publish","type":"post","link":"https:\/\/www.europesays.com\/fr\/601743\/","title":{"rendered":"voici ses priorit\u00e9s pour Strasbourg"},"content":{"rendered":"<p>                    Par<br \/>\n        <strong><br \/>\n            <a href=\"https:\/\/actu.fr\/auteur\/thomas-blanc\" title=\"Consulter tous les articles de Thomas Blanc\" target=\"_blank\" rel=\"noopener\">Thomas Blanc<\/a><br \/>\n                    <\/strong><\/p>\n<p>        Publi\u00e9 le<\/p>\n<p>            15 d\u00e9c. 2025 \u00e0 17h30        <\/p>\n<p><strong>Isma\u00efl Becherirat<\/strong>, conducteur de tramway \u00e0 la<a href=\"https:\/\/actu.fr\/tag\/compagnie-des-transports-strasbourgeois-cts\" target=\"_blank\" rel=\"noopener\"> Compagnie des transports strasbourgeois (CTS)<\/a> de profession, est candidat aux <a href=\"https:\/\/actu.fr\/tag\/municipales-2026\" target=\"_blank\" rel=\"noopener\">\u00e9lections municipales de 2026<\/a> \u00e0 Strasbourg. Non sans rappeler un certain personnage politique fran\u00e7ais, il ne se sent \u00ab<strong>\u2009ni de gauche, ni de droite<\/strong>\u2009\u00bb.<\/p>\n<p>Quatre piliers pour structurer sa candidature<\/p>\n<p class=\" wall-content\">Sa candidature, M. Becherirat la base sur un rejet de la municipalit\u00e9 en place qui \u00ab\u2009n\u2019est pas \u00e0 l\u2019\u00e9coute des habitants\u2009\u00bb. L\u2019homme de 36 ans souhaite mettre en avant quatre piliers\u2009: \u00ab\u2009La <strong>s\u00e9curit\u00e9<\/strong>, les <strong>transports<\/strong>, la <strong>propret\u00e9<\/strong> et l\u2019<strong>emploi<\/strong>\u2009\u00bb.<\/p>\n<p class=\" wall-content\">Il compte recruter une <strong>centaine de policiers municipaux<\/strong>, mettre en place des <strong>commissariats de proximit\u00e9<\/strong> \u00e0 l\u2019Elsau, au Port-du-Rhin et au Faubourg-National.<\/p>\n<p class=\" wall-content\">Parmi ses mesures, Isma\u00efl Becherirat veut \u00e9galement mettre en place un service de transport fonctionnant 24h\/24 les vendredis et samedis, ce qu\u2019il juge r\u00e9alisable contrairement \u00ab\u2009aux propositions des autres candidats o\u00f9 l\u2019on entend tout et n\u2019importe quoi\u2009\u00bb.<\/p>\n<p class=\" wall-content\">Personnalisez votre actualit\u00e9 en ajoutant vos villes et m\u00e9dias en favori avec <a href=\"https:\/\/moncompte.actu.fr\" title=\"D\u00e9couvez Mon Actu\" rel=\"nofollow noopener\" data-trk=\"{&quot;cta&quot;:{&quot;action&quot;:&quot;https:\\\/\\\/moncompte.actu.fr&quot;,&quot;category&quot;:&quot;mon compte&quot;,&quot;from&quot;:&quot;article footer&quot;,&quot;name&quot;:&quot;Mon actu&quot;,&quot;type&quot;:&quot;cta&quot;}}\" target=\"_blank\">Mon Actu<\/a>.<\/p>\n","protected":false},"excerpt":{"rendered":"Par Thomas Blanc Publi\u00e9 le 15 d\u00e9c. 2025 \u00e0 17h30 Isma\u00efl Becherirat, conducteur de tramway \u00e0 la Compagnie&hellip;\n","protected":false},"author":2,"featured_media":601744,"comment_status":"","ping_status":"","sticky":false,"template":"","format":"standard","meta":{"footnotes":""},"categories":[2820],"tags":[1111,11,7344,4188,1777,674,1011,27,775,3434,12,316,25,640],"class_list":{"0":"post-601743","1":"post","2":"type-post","3":"status-publish","4":"format-standard","5":"has-post-thumbnail","7":"category-strasbourg","8":"tag-actu","9":"tag-actualites","10":"tag-compagnie-des-transports-strasbourgeois-cts","11":"tag-elections-municipales","12":"tag-eu","13":"tag-europe","14":"tag-fr","15":"tag-france","16":"tag-grand-est","17":"tag-municipales-2026","18":"tag-news","19":"tag-politique","20":"tag-republique-francaise","21":"tag-strasbourg"},"share_on_mastodon":{"url":"https:\/\/pubeurope.com\/@fr\/115725997399007354","error":""},"_links":{"self":[{"href":"https:\/\/www.europesays.com\/fr\/wp-json\/wp\/v2\/posts\/601743","targetHints":{"allow":["GET"]}}],"collection":[{"href":"https:\/\/www.europesays.com\/fr\/wp-json\/wp\/v2\/posts"}],"about":[{"href":"https:\/\/www.europesays.com\/fr\/wp-json\/wp\/v2\/types\/post"}],"author":[{"embeddable":true,"href":"https:\/\/www.europesays.com\/fr\/wp-json\/wp\/v2\/users\/2"}],"replies":[{"embeddable":true,"href":"https:\/\/www.europesays.com\/fr\/wp-json\/wp\/v2\/comments?post=601743"}],"version-history":[{"count":0,"href":"https:\/\/www.europesays.com\/fr\/wp-json\/wp\/v2\/posts\/601743\/revisions"}],"wp:featuredmedia":[{"embeddable":true,"href":"https:\/\/www.europesays.com\/fr\/wp-json\/wp\/v2\/media\/601744"}],"wp:attachment":[{"href":"https:\/\/www.europesays.com\/fr\/wp-json\/wp\/v2\/media?parent=601743"}],"wp:term":[{"taxonomy":"category","embeddable":true,"href":"https:\/\/www.europesays.com\/fr\/wp-json\/wp\/v2\/categories?post=601743"},{"taxonomy":"post_tag","embeddable":true,"href":"https:\/\/www.europesays.com\/fr\/wp-json\/wp\/v2\/tags?post=601743"}],"curies":[{"name":"wp","href":"https:\/\/api.w.org\/{rel}","templated":true}]}}