{"id":601759,"date":"2025-12-15T22:50:19","date_gmt":"2025-12-15T22:50:19","guid":{"rendered":"https:\/\/www.europesays.com\/fr\/601759\/"},"modified":"2025-12-15T22:50:19","modified_gmt":"2025-12-15T22:50:19","slug":"140-km-de-coupure-quelle-solution-entre-toulouse-et-bayonne","status":"publish","type":"post","link":"https:\/\/www.europesays.com\/fr\/601759\/","title":{"rendered":"140 km de coupure. Quelle solution entre Toulouse et Bayonne ?"},"content":{"rendered":"<p itemprop=\"description\">La situation s\u2019est aggrav\u00e9e hier soir sur l\u2019A64 : l\u2019autoroute est ferm\u00e9e sur environ 140 km entre Briscous (sortie 3) et Tournay (sortie 14), dans les deux sens. Des coupures persistent aussi pr\u00e8s de Toulouse, entre Lafitte (26) et Carbonne (27), ainsi que sur l\u2019A645 vers le Val d\u2019Aran. Les autorit\u00e9s recommandent d\u2019\u00e9viter l\u2019A64 et d\u2019emprunter l\u2019A63 puis l\u2019A62 via Bordeaux. Les agriculteurs, mobilis\u00e9s contre la gestion de la dermatose nodulaire contagieuse, pr\u00e9voient de rester plusieurs jours.<\/p>\n<p>        La mobilisation agricole sur l\u2019A64 a pris une ampleur in\u00e9dite ce samedi matin. L\u2019autoroute est d\u00e9sormais coup\u00e9e sur pr\u00e8s de 140 kilom\u00e8tres entre Briscous (sortie 3) et Tournay (sortie 14), dans les deux sens de circulation. Certaines dessertes locales restent accessibles, mais il est fortement d\u00e9conseill\u00e9 de s\u2019engager sur cet axe pour rejoindre Toulouse ou Bayonne.<\/p>\n<p>Les perturbations ne se limitent pas \u00e0 ce tron\u00e7on. L\u2019A64 est \u00e9galement ferm\u00e9e au sud-ouest de Toulouse entre Lafitte (sortie 26) et Carbonne (sortie 27), au-del\u00e0 du r\u00e9seau VINCI Autoroutes. Dans la r\u00e9gion de Saint-Gaudens, la bretelle autorouti\u00e8re A645 vers le Val d\u2019Aran est \u00e9galement coup\u00e9e dans les deux sens.<\/p>\n<p>Privil\u00e9giez l&rsquo;A63 et l&rsquo;A62<br \/>&#13;<br \/>\nPour contourner la zone, les autorit\u00e9s conseillent aux automobilistes de privil\u00e9gier l\u2019A63 puis l\u2019A62 via Bordeaux. Depuis Bayonne, il faut rester sur l\u2019A63 jusqu\u2019\u00e0 Bordeaux avant de rejoindre l\u2019A62 vers Toulouse. Dans l\u2019autre sens, m\u00eame itin\u00e9raire\u202f: A62 jusqu\u2019\u00e0 Bordeaux, puis A63 vers Bayonne.Les agriculteurs veulent maintenir la mobilisation plusieurs jours<br \/>&#13;<br \/>\nCe blocage massif s\u2019inscrit dans la contestation des \u00e9leveurs contre la gestion de la dermatose nodulaire contagieuse, une maladie bovine apparue en Ari\u00e8ge. Les agriculteurs annoncent vouloir maintenir la mobilisation plusieurs jours, tout en esp\u00e9rant ne pas prolonger le mouvement jusqu\u2019\u00e0 No\u00ebl. Ce n\u2019est pas la premi\u00e8re fois que l\u2019A64 devient le centre d\u2019une mobilisation\u202f: en janvier 2024, une coupure similaire avait dur\u00e9 pr\u00e8s de deux semaines.<\/p>\n<p>Les usagers sont invit\u00e9s \u00e0 \u00e9viter le secteur et \u00e0 anticiper des ralentissements importants sur les axes secondaires.    <\/p>\n","protected":false},"excerpt":{"rendered":"La situation s\u2019est aggrav\u00e9e hier soir sur l\u2019A64 : l\u2019autoroute est ferm\u00e9e sur environ 140 km entre Briscous&hellip;\n","protected":false},"author":2,"featured_media":601760,"comment_status":"","ping_status":"","sticky":false,"template":"","format":"standard","meta":{"footnotes":""},"categories":[2816],"tags":[1111,11,71432,9202,35844,2834,1777,674,1011,27,8257,1272,12,2680,25,1447,3467,9451,2312],"class_list":{"0":"post-601759","1":"post","2":"type-post","3":"status-publish","4":"format-standard","5":"has-post-thumbnail","7":"category-toulouse","8":"tag-actu","9":"tag-actualites","10":"tag-aggravee","11":"tag-bayonne","12":"tag-coupure","13":"tag-entre","14":"tag-eu","15":"tag-europe","16":"tag-fr","17":"tag-france","18":"tag-hier","19":"tag-manifestations","20":"tag-news","21":"tag-occitanie","22":"tag-republique-francaise","23":"tag-situation","24":"tag-soir","25":"tag-solution","26":"tag-toulouse"},"share_on_mastodon":{"url":"https:\/\/pubeurope.com\/@fr\/115726033313347665","error":""},"_links":{"self":[{"href":"https:\/\/www.europesays.com\/fr\/wp-json\/wp\/v2\/posts\/601759","targetHints":{"allow":["GET"]}}],"collection":[{"href":"https:\/\/www.europesays.com\/fr\/wp-json\/wp\/v2\/posts"}],"about":[{"href":"https:\/\/www.europesays.com\/fr\/wp-json\/wp\/v2\/types\/post"}],"author":[{"embeddable":true,"href":"https:\/\/www.europesays.com\/fr\/wp-json\/wp\/v2\/users\/2"}],"replies":[{"embeddable":true,"href":"https:\/\/www.europesays.com\/fr\/wp-json\/wp\/v2\/comments?post=601759"}],"version-history":[{"count":0,"href":"https:\/\/www.europesays.com\/fr\/wp-json\/wp\/v2\/posts\/601759\/revisions"}],"wp:featuredmedia":[{"embeddable":true,"href":"https:\/\/www.europesays.com\/fr\/wp-json\/wp\/v2\/media\/601760"}],"wp:attachment":[{"href":"https:\/\/www.europesays.com\/fr\/wp-json\/wp\/v2\/media?parent=601759"}],"wp:term":[{"taxonomy":"category","embeddable":true,"href":"https:\/\/www.europesays.com\/fr\/wp-json\/wp\/v2\/categories?post=601759"},{"taxonomy":"post_tag","embeddable":true,"href":"https:\/\/www.europesays.com\/fr\/wp-json\/wp\/v2\/tags?post=601759"}],"curies":[{"name":"wp","href":"https:\/\/api.w.org\/{rel}","templated":true}]}}