{"id":601781,"date":"2025-12-15T23:03:25","date_gmt":"2025-12-15T23:03:25","guid":{"rendered":"https:\/\/www.europesays.com\/fr\/601781\/"},"modified":"2025-12-15T23:03:25","modified_gmt":"2025-12-15T23:03:25","slug":"a-paris-dernieres-negociations-entre-socialistes-et-ecologistes-en-vue-dun-accord","status":"publish","type":"post","link":"https:\/\/www.europesays.com\/fr\/601781\/","title":{"rendered":"\u00e0 Paris, derni\u00e8res n\u00e9gociations entre socialistes et \u00e9cologistes en vue d\u2019un accord"},"content":{"rendered":"<p>\n    <strong>D\u00c9CRYPTAGE<\/strong> &#8211; Pour la premi\u00e8re fois, les socialistes et les \u00e9cologistes devraient s\u2019allier d\u00e8s le premier tour dans la capitale. L\u2019objectif est de provoquer une dynamique suffisamment forte pour casser celle de Rachida Dati.<\/p>\n<p class=\"fig-paragraph\">Est-ce la magie de No\u00ebl\u00a0? Plus le calendrier de l\u2019Avent d\u00e9file, plus les socialistes et les \u00e9cologistes de la capitale se veulent confiants quant \u00e0 un accord de premier tour \u00e0 mettre sous le sapin pour\u00a0<a href=\"http:\/\/www.lefigaro.fr\/politique\/paris-lyon-bordeaux-strasbourg-a-trois-mois-des-municipales-c-est-l-affolement-a-gauche-20251212\" data-fig-type=\"Article\" data-gtm-custom-categorie=\"navigation\" data-gtm-custom-action=\"crossclick\" data-gtm-custom-label=\"Contextuel\" data-gtm-event=\"customEventSPE\" data-fig-domain=\"LEFIGARO\" target=\"_blank\" rel=\"noopener\">les\u00a0\u00e9lections municipales<\/a>\u00a0de mars prochain. \u00ab\u00a0C\u2019est en bonne voie\u00a0\u00bb, confie-t-on, toujours avec prudence. Une telle alliance serait historique \u00e0 Paris entre ces deux formations qui ont pour habitude de rivaliser au premier avant de fusionner au second. Le PCF, alli\u00e9 fid\u00e8le du\u00a0<a href=\"http:\/\/www.lefigaro.fr\/politique\/municipales-2026-a-paris-bertrand-delanoe-assure-qu-il-va-s-engager-totalement-pour-emmanuel-gregoire-20251208\" data-fig-type=\"Article\" data-gtm-custom-categorie=\"navigation\" data-gtm-custom-action=\"crossclick\" data-gtm-custom-label=\"Contextuel\" data-gtm-event=\"customEventSPE\" data-fig-domain=\"LEFIGARO\" target=\"_blank\" rel=\"noopener\">PS<\/a>\u00a0dans la capitale, en serait aussi. L\u2019id\u00e9e de cet accord in\u00e9dit a surtout pris corps au regard de la dynamique de la t\u00eate de liste LR,\u00a0<a href=\"http:\/\/www.lefigaro.fr\/politique\/municipales-a-paris-le-modem-se-rallie-a-rachida-dati-seule-candidate-qui-rend-l-alternance-possible-20251214\" data-fig-type=\"NewsFlash\" data-gtm-custom-categorie=\"navigation\" data-gtm-custom-action=\"crossclick\" data-gtm-custom-label=\"Contextuel\" data-gtm-event=\"customEventSPE\" data-fig-domain=\"LEFIGARO\" target=\"_blank\" rel=\"noopener\">Rachida Dati<\/a>. Le tout devrait \u00eatre confirm\u00e9 dans les prochains jours, sans doute jeudi, le temps de laisser aux instances des deux partis d\u2019ent\u00e9riner la d\u00e9cision par un vote.<\/p>\n<p class=\"fig-paragraph\">Les Verts seraient notamment sur le point d\u2019accepter d\u2019\u00eatre repr\u00e9sent\u00e9s par\u00a0Emmanuel Gr\u00e9goire, la t\u00eate de liste du PS, au regard de son avance dans les sondages. En priv\u00e9, certains racontent \u00e9galement\u2026<\/p>\n<p class=\"fig-premium-paywall__infos\">\n        Cet article est r\u00e9serv\u00e9 aux abonn\u00e9s.        Il vous reste 82% \u00e0 d\u00e9couvrir.\n    <\/p>\n<p>                <img  data- alt=\"Le Figaro\" class=\"fig-img--complete fig-img\"\/><\/p>\n<p class=\"fig-premium-paywall__title\">Vente Flash<\/p>\n<p class=\"fig-premium-paywall__subtitle\">-50% sur l&rsquo;abonnement num\u00e9rique<\/p>\n<p class=\"fig-premium-paywall__connect\">\n                D\u00e9j\u00e0 abonn\u00e9\u00a0?                <a class=\"fig-premium-paywall__connect-link\" href=\"https:\/\/connect.lefigaro.fr\/login?client=horizon_web&amp;type=main&amp;redirect_uri=https%3A%2F%2Fwww.lefigaro.fr%2Fpolitique%2Fmunicipales-a-paris-dernieres-negociations-entre-socialistes-et-ecologistes-en-vue-d-un-accord-20251215\" data-js-gtm=\"{&quot;customCategorie&quot;: &quot;conversion&quot;, &quot;customAction&quot;: &quot;before_Landing_Connexion_paywall_auto&quot;, &quot;customLabel&quot;: &quot;bGVmaWdhcm8uZnJfXzFmMGQ5YTY0LTEyYzktNmRlNi1hZDAzLWE1MTk0YjcxYmQzZV9fQXJ0aWNsZQ==_Municipales\u00a0: \u00e0 Paris, derni\u00e8res n\u00e9gociations entre socialistes et \u00e9cologistes en vue d\u2019un accord_200&quot;, &quot;customIDSPE&quot;: &quot;bGVmaWdhcm8uZnJfXzFmMGQ5YTY0LTEyYzktNmRlNi1hZDAzLWE1MTk0YjcxYmQzZV9fQXJ0aWNsZQ==&quot;, &quot;event&quot;: &quot;customEventSPE&quot;}\" target=\"_blank\" rel=\"noopener\"><br \/>\n                    Connectez-vous<br \/>\n                <\/a>\n            <\/p>\n","protected":false},"excerpt":{"rendered":"D\u00c9CRYPTAGE &#8211; Pour la premi\u00e8re fois, les socialistes et les \u00e9cologistes devraient s\u2019allier d\u00e8s le premier tour dans&hellip;\n","protected":false},"author":2,"featured_media":601782,"comment_status":"","ping_status":"","sticky":false,"template":"","format":"standard","meta":{"footnotes":""},"categories":[1888],"tags":[11,70299,30253,8186,1777,674,1011,27,12,626,417,25],"class_list":{"0":"post-601781","1":"post","2":"type-post","3":"status-publish","4":"format-standard","5":"has-post-thumbnail","7":"category-paris","8":"tag-actualites","9":"tag-date-municipales-paris","10":"tag-david-belliard","11":"tag-emmanuel-gregoire","12":"tag-eu","13":"tag-europe","14":"tag-fr","15":"tag-france","16":"tag-news","17":"tag-paris","18":"tag-rachida-dati","19":"tag-republique-francaise"},"share_on_mastodon":{"url":"https:\/\/pubeurope.com\/@fr\/115726083981318113","error":""},"_links":{"self":[{"href":"https:\/\/www.europesays.com\/fr\/wp-json\/wp\/v2\/posts\/601781","targetHints":{"allow":["GET"]}}],"collection":[{"href":"https:\/\/www.europesays.com\/fr\/wp-json\/wp\/v2\/posts"}],"about":[{"href":"https:\/\/www.europesays.com\/fr\/wp-json\/wp\/v2\/types\/post"}],"author":[{"embeddable":true,"href":"https:\/\/www.europesays.com\/fr\/wp-json\/wp\/v2\/users\/2"}],"replies":[{"embeddable":true,"href":"https:\/\/www.europesays.com\/fr\/wp-json\/wp\/v2\/comments?post=601781"}],"version-history":[{"count":0,"href":"https:\/\/www.europesays.com\/fr\/wp-json\/wp\/v2\/posts\/601781\/revisions"}],"wp:featuredmedia":[{"embeddable":true,"href":"https:\/\/www.europesays.com\/fr\/wp-json\/wp\/v2\/media\/601782"}],"wp:attachment":[{"href":"https:\/\/www.europesays.com\/fr\/wp-json\/wp\/v2\/media?parent=601781"}],"wp:term":[{"taxonomy":"category","embeddable":true,"href":"https:\/\/www.europesays.com\/fr\/wp-json\/wp\/v2\/categories?post=601781"},{"taxonomy":"post_tag","embeddable":true,"href":"https:\/\/www.europesays.com\/fr\/wp-json\/wp\/v2\/tags?post=601781"}],"curies":[{"name":"wp","href":"https:\/\/api.w.org\/{rel}","templated":true}]}}