{"id":601783,"date":"2025-12-15T23:04:13","date_gmt":"2025-12-15T23:04:13","guid":{"rendered":"https:\/\/www.europesays.com\/fr\/601783\/"},"modified":"2025-12-15T23:04:13","modified_gmt":"2025-12-15T23:04:13","slug":"les-europeens-proposent-une-force-multinationale-macron-attendu-a-berlin","status":"publish","type":"post","link":"https:\/\/www.europesays.com\/fr\/601783\/","title":{"rendered":"les Europ\u00e9ens proposent une force multinationale, Macron attendu \u00e0 Berlin"},"content":{"rendered":"<p>AA \/ Istanbul \/ Serap Dogansoy<\/p>\n<p>Les dirigeants des principaux pays europ\u00e9ens et de l\u2019Union europ\u00e9enne (UE) ont propos\u00e9 ce lundi de d\u00e9ployer en Ukraine une \u00ab force multinationale \u00bb, selon une d\u00e9claration transmise par le gouvernement allemand. Cette force serait \u00ab compos\u00e9e de contributions de nations volontaires et soutenue par les \u00c9tats-Unis \u00bb.<\/p>\n<p>Le texte, sign\u00e9 par les dirigeants allemand, fran\u00e7ais, britannique, danois, n\u00e9erlandais, finlandais, norv\u00e9gien, italien, polonais, su\u00e9dois ainsi que par les repr\u00e9sentants de l\u2019UE, les signataires indiquent s\u2019\u00eatre entendus avec Washington pour \u00ab travailler ensemble afin de fournir \u00e0 l\u2019Ukraine des garanties de s\u00e9curit\u00e9 solides et des mesures de soutien \u00e0 la reprise \u00e9conomique dans le cadre d\u2019un accord visant \u00e0 mettre fin \u00e0 la guerre \u00bb.<\/p>\n<p>Il pr\u00e9voit notamment de \u00ab soutenir l\u2019Ukraine dans la constitution de ses forces arm\u00e9es \u00bb, qui devraient rester \u00e0 un niveau de 800 000 soldats en temps de paix, ainsi que la mise en place d\u2019\u00ab un m\u00e9canisme de surveillance et de v\u00e9rification du cessez-le-feu dirig\u00e9 par les \u00c9tats-Unis \u00bb. Les signataires estiment qu\u2019il appartient d\u00e9sormais \u00e0 la Russie de d\u00e9montrer sa volont\u00e9 de paix en acceptant le plan propos\u00e9 par le pr\u00e9sident am\u00e9ricain Donald Trump et en consentant \u00e0 un cessez-le-feu.<\/p>\n<p>C\u2019est dans ce contexte que le pr\u00e9sident fran\u00e7ais Emmanuel Macron s\u2019est rendu ce lundi soir \u00e0 Berlin pour participer \u00e0 des pourparlers sur l\u2019Ukraine, a annonc\u00e9 l\u2019\u00c9lys\u00e9e. Le chef de l\u2019\u00c9tat doit y r\u00e9affirmer la d\u00e9termination de la France \u00e0 poursuivre son engagement en faveur de la paix et de la s\u00e9curit\u00e9 en Ukraine et en Europe.<\/p>\n<p>La r\u00e9union doit permettre de faire le point sur les n\u00e9gociations engag\u00e9es dans le cadre de la m\u00e9diation am\u00e9ricaine ainsi que sur les garanties de s\u00e9curit\u00e9 \u00e9voqu\u00e9es pour Kiev.<\/p>\n<p>Les discussions \u00e0 Berlin entre responsables ukrainiens et \u00e9missaires am\u00e9ricains, Steve Witkoff et Jared Kushner, se poursuivent depuis dimanche. Le pr\u00e9sident ukrainien Volodymyr Zelensky a \u00e9voqu\u00e9 des \u00e9changes \u00ab pas faciles \u00bb mais \u00ab productifs \u00bb, tandis qu\u2019un haut responsable am\u00e9ricain les a qualifi\u00e9s de \u00ab vraiment positives \u00bb.<\/p>\n<p>Selon des informations communiqu\u00e9es \u00e0 l\u2019issue de deux heures de pourparlers, les autorit\u00e9s ukrainiennes ont oppos\u00e9 une fin de non-recevoir \u00e0 une demande am\u00e9ricaine de retrait de leurs troupes du Donbass. Kiev a toutefois propos\u00e9 un gel de la ligne de front, l\u2019abandon d\u2019une adh\u00e9sion \u00e0 l\u2019Otan et a laiss\u00e9 entrevoir une possible \u00e9volution de la loi martiale afin d\u2019envisager un vote sur les territoires du Donbass.<\/p>\n<p>Le service de presse du n\u00e9gociateur ukrainien Roustem Oumerov a indiqu\u00e9 qu\u2019aucun accord n\u2019\u00e9tait attendu d\u2019ici la fin de la journ\u00e9e, pr\u00e9cisant que la d\u00e9l\u00e9gation ukrainienne cherchait encore \u00e0 aligner ses positions avec celles de la partie am\u00e9ricaine.<\/p>\n<p>Un haut responsable am\u00e9ricain a assur\u00e9 que le projet d\u2019accord en discussion pr\u00e9voyait des garanties de s\u00e9curit\u00e9 \u00ab tr\u00e8s fortes \u00bb pour l\u2019Ukraine, comparables \u00e0 celles de l\u2019article 5 du trait\u00e9 de l\u2019Otan, et estim\u00e9 que la Russie finirait par accepter ce projet, sans en pr\u00e9ciser les modalit\u00e9s.<\/p>\n<p>Sur le plan diplomatique, Volodymyr Zelensky a \u00e9galement rencontr\u00e9 la pr\u00e9sidente du Bundestag, Julia Kl\u00f6ckner, avec laquelle il a discut\u00e9 de l\u2019utilisation des avoirs russes gel\u00e9s au profit de l\u2019Ukraine. Il a par ailleurs remerci\u00e9 le Parlement allemand pour l\u2019allocation d\u2019une aide militaire de 11,5 milliards d\u2019euros pr\u00e9vue pour 2026.<\/p>\n<p>Le chef de la diplomatie allemande, Johann Wadephul, a estim\u00e9 qu\u2019il faudrait attendre la fin de la semaine pour conna\u00eetre les r\u00e9sultats des n\u00e9gociations en cours entre Kiev et Washington \u00e0 Berlin.<\/p>\n<p>Parall\u00e8lement, le pr\u00e9sident am\u00e9ricain Donald Trump doit s\u2019entretenir lundi avec Volodymyr Zelensky et plusieurs dirigeants europ\u00e9ens, selon des sources am\u00e9ricaines.<\/p>\n<p>Sur le terrain militaire, les services de s\u00e9curit\u00e9 ukrainiens ont affirm\u00e9 avoir gravement endommag\u00e9 un sous-marin russe stationn\u00e9 dans le port de Novorossiysk \u00e0 l\u2019aide d\u2019un drone sous-marin, dans le cadre d\u2019une op\u00e9ration conjointe avec la marine ukrainienne.<\/p>\n<p>\u00c0 l\u2019issue de deux jours de discussions, M. Zelensky a fait \u00e9tat de \u00ab progr\u00e8s \u00bb concernant les garanties de s\u00e9curit\u00e9 am\u00e9ricaines, \u00e9voquant une premi\u00e8re \u00e9bauche jug\u00e9e \u00ab plut\u00f4t tr\u00e8s bonne \u00bb, lors d\u2019une conf\u00e9rence de presse avec le chancelier allemand Friedrich Merz.<\/p>\n<p>                            &#13;<br \/>\n                                <a href=\"https:\/\/www.aa.com.tr\/fr\/p\/abonnement\/1001\" target=\"_blank\" style=\"font-size:12px; color:#444; text-decoration:none;\" rel=\"noopener\">&#13;<br \/>\n                                    Seulement une partie des d\u00e9p\u00eaches, que l&rsquo;Agence Anadolu diffuse \u00e0 ses abonn\u00e9s via le Syst\u00e8me de Diffusion interne (HAS), est diffus\u00e9e sur le site de l&rsquo;AA, de mani\u00e8re r\u00e9sum\u00e9e. <b style=\"color:#1897F7\">Contactez-nous s&rsquo;il vous pla\u00eet pour vous abonner.<\/b>&#13;<br \/>\n                                <\/a>&#13;<\/p>\n","protected":false},"excerpt":{"rendered":"AA \/ Istanbul \/ Serap Dogansoy Les dirigeants des principaux pays europ\u00e9ens et de l\u2019Union europ\u00e9enne (UE) ont&hellip;\n","protected":false},"author":2,"featured_media":601784,"comment_status":"","ping_status":"","sticky":false,"template":"","format":"standard","meta":{"footnotes":""},"categories":[1591],"tags":[11,1785,1898,71434,1073,1887,12,71435,1885,1886,132,20016,71436],"class_list":{"0":"post-601783","1":"post","2":"type-post","3":"status-publish","4":"format-standard","5":"has-post-thumbnail","7":"category-russie","8":"tag-actualites","9":"tag-anadolu-ajansi","10":"tag-berlin","11":"tag-discussions-entre-kiev-et-washington","12":"tag-emmanuel-macron","13":"tag-federation-de-russie","14":"tag-news","15":"tag-pourparlers-sur-la-guerre","16":"tag-russia","17":"tag-russian-federation","18":"tag-russie","19":"tag-ukraine-russie","20":"tag-une-force-multinationale"},"share_on_mastodon":{"url":"https:\/\/pubeurope.com\/@fr\/115726087904870500","error":""},"_links":{"self":[{"href":"https:\/\/www.europesays.com\/fr\/wp-json\/wp\/v2\/posts\/601783","targetHints":{"allow":["GET"]}}],"collection":[{"href":"https:\/\/www.europesays.com\/fr\/wp-json\/wp\/v2\/posts"}],"about":[{"href":"https:\/\/www.europesays.com\/fr\/wp-json\/wp\/v2\/types\/post"}],"author":[{"embeddable":true,"href":"https:\/\/www.europesays.com\/fr\/wp-json\/wp\/v2\/users\/2"}],"replies":[{"embeddable":true,"href":"https:\/\/www.europesays.com\/fr\/wp-json\/wp\/v2\/comments?post=601783"}],"version-history":[{"count":0,"href":"https:\/\/www.europesays.com\/fr\/wp-json\/wp\/v2\/posts\/601783\/revisions"}],"wp:featuredmedia":[{"embeddable":true,"href":"https:\/\/www.europesays.com\/fr\/wp-json\/wp\/v2\/media\/601784"}],"wp:attachment":[{"href":"https:\/\/www.europesays.com\/fr\/wp-json\/wp\/v2\/media?parent=601783"}],"wp:term":[{"taxonomy":"category","embeddable":true,"href":"https:\/\/www.europesays.com\/fr\/wp-json\/wp\/v2\/categories?post=601783"},{"taxonomy":"post_tag","embeddable":true,"href":"https:\/\/www.europesays.com\/fr\/wp-json\/wp\/v2\/tags?post=601783"}],"curies":[{"name":"wp","href":"https:\/\/api.w.org\/{rel}","templated":true}]}}