{"id":601791,"date":"2025-12-15T23:08:13","date_gmt":"2025-12-15T23:08:13","guid":{"rendered":"https:\/\/www.europesays.com\/fr\/601791\/"},"modified":"2025-12-15T23:08:13","modified_gmt":"2025-12-15T23:08:13","slug":"allemagne-un-an-apres-lattaque-du-marche-de-noel-un-homme-suspecte-de-projets-dattentat-arrete-a-magdebourg","status":"publish","type":"post","link":"https:\/\/www.europesays.com\/fr\/601791\/","title":{"rendered":"Allemagne\u00a0: un an apr\u00e8s l\u2019attaque du march\u00e9 de No\u00ebl, un homme suspect\u00e9 de \u00ab\u00a0projets d\u2019attentat\u00a0\u00bb arr\u00eat\u00e9 \u00e0 Magdebourg"},"content":{"rendered":"<p class=\"paragraph text_align_left lp-f-body-02\">\u00c0 l\u2019approche des f\u00eates, l\u2019Allemagne est en \u00e9tat d\u2019alerte. La police allemande a arr\u00eat\u00e9 \u00e0 <a href=\"https:\/\/www.leparisien.fr\/faits-divers\/docteur-google-le-curieux-profil-de-lauteur-de-lattentat-du-marche-de-noel-juge-en-allemagne-10-11-2025-VABQVJD4TBFCRJ5MPET6Z4EZ5Y.php\" target=\"_self\" rel=\"nofollow noopener\">Magdebourg<\/a> (centre) un jeune homme de 21 ans \u00ab originaire d\u2019Asie centrale \u00bb, qu\u2019elle suspecte de \u00ab projets d\u2019attentat \u00bb potentiellement \u00ab motiv\u00e9s par l\u2019islamisme \u00bb. Cette arrestation a eu lieu le m\u00eame jour que celles de cinq hommes &#8211; un \u00c9gyptien, trois Marocains et un Syrien &#8211;<a href=\"https:\/\/www.leparisien.fr\/faits-divers\/une-motivation-islamiste-un-projet-dattentat-contre-un-marche-de-noel-dejoue-en-allemagne-cinq-personnes-arretees-14-12-2025-TMTPLBTZDVC75BXDHBJ7MOYLYQ.php\" target=\"_self\" rel=\"nofollow noopener\"> soup\u00e7onn\u00e9s de pr\u00e9parer un attentat \u00e0 la voiture-b\u00e9lier d\u2019inspiration islamiste<\/a> visant un march\u00e9 de No\u00ebl de Bavi\u00e8re.<\/p>\n<p class=\"\">Le minist\u00e8re de l\u2019Int\u00e9rieur de Saxe-Anhalt, la r\u00e9gion dont Magdebourg est la capitale, pr\u00e9pare \u00ab une ordonnance d\u2019expulsion \u00bb du suspect de Magdebourg, qui a \u00e9t\u00e9 plac\u00e9 vendredi en d\u00e9tention provisoire. Cette mesure est possible \u00ab \u00e0 l\u2019encontre d\u2019un \u00e9tranger sur la base d\u2019un pronostic fond\u00e9 sur des faits, afin de pr\u00e9venir un danger particulier \u00bb pour la s\u00e9curit\u00e9 publique \u00ab ou une menace terroriste \u00bb en Allemagne, indique le minist\u00e8re.<\/p>\n<p>Proc\u00e8s de terroriste de 2024<\/p>\n<p class=\"\">L\u2019arrestation de l\u2019homme de 21 ans \u00e0 Magdebourg survient aussi quasiment un an jour pour jour apr\u00e8s <a href=\"https:\/\/www.leparisien.fr\/faits-divers\/il-a-ete-traine-et-arrache-a-moi-en-allemagne-les-victimes-de-lattaque-sur-le-marche-de-noel-sous-le-choc-21-12-2024-2UETQNBCFVBWDK5TBT2JK5CPLA.php\" target=\"_self\" rel=\"nofollow noopener\">l\u2019attentat meurtrier au march\u00e9 de No\u00ebl<\/a> dans cette m\u00eame ville. <a href=\"https:\/\/www.leparisien.fr\/faits-divers\/attaque-sur-un-marche-de-noel-en-allemagne-medecin-saoudien-islamophobe-lintrigant-profil-de-taleb-a-21-12-2024-AXRTADFTMNFW3DQ2F47FIAC6GI.php\" target=\"_self\" rel=\"nofollow noopener\">Taleb Jawad al-Abdulmohsen<\/a>, un Saoudien islamophobe qui a reconnu avoir conduit le v\u00e9hicule fon\u00e7ant sur la foule, est actuellement jug\u00e9 pour cette attaque \u00e0 la voiture-b\u00e9lier qui avait fait six morts et plus de 300 bless\u00e9s.<\/p>\n<p class=\"\">Son acte avait remis les questions de s\u00e9curit\u00e9 au premier plan, enflammant le d\u00e9bat autour de l\u2019immigration et la s\u00e9curit\u00e9, alors que l\u2019Allemagne \u00e9tait en pleine campagne des l\u00e9gislatives et apr\u00e8s plusieurs attaques au couteau dont certaines commises par des \u00e9trangers. Lors des \u00e9lections l\u00e9gislatives en f\u00e9vrier, le parti d\u2019extr\u00eame droite, l\u2019<a href=\"https:\/\/www.leparisien.fr\/faits-divers\/je-verifiais-le-manteau-de-ma-femme-un-depute-dextreme-droite-poursuivi-pour-un-salut-nazi-au-parlement-allemand-15-12-2025-NG3JWIYH3BGN3PFLR4PE47SZXQ.php\" target=\"_self\" rel=\"nofollow noopener\">Alternative pour l\u2019Allemagne (AFD)<\/a>, a d\u00e9croch\u00e9 une deuxi\u00e8me place historique.<\/p>\n<p class=\"\">Dans l\u2019incertitude jusqu\u2019au dernier moment en raison des exigences accrues de s\u00e9curit\u00e9, le march\u00e9 de No\u00ebl de Magdebourg a finalement rouvert fin novembre.<\/p>\n","protected":false},"excerpt":{"rendered":"\u00c0 l\u2019approche des f\u00eates, l\u2019Allemagne est en \u00e9tat d\u2019alerte. La police allemande a arr\u00eat\u00e9 \u00e0 Magdebourg (centre) un&hellip;\n","protected":false},"author":2,"featured_media":432570,"comment_status":"","ping_status":"","sticky":false,"template":"","format":"standard","meta":{"footnotes":""},"categories":[1587],"tags":[11,672,1804,1805,1803,1777,674,1801,14,12,1802],"class_list":{"0":"post-601791","1":"post","2":"type-post","3":"status-publish","4":"format-standard","5":"has-post-thumbnail","7":"category-allemagne","8":"tag-actualites","9":"tag-allemagne","10":"tag-bundesrepublik-deutschland","11":"tag-de","12":"tag-deutschland","13":"tag-eu","14":"tag-europe","15":"tag-germany","16":"tag-international","17":"tag-news","18":"tag-republique-federale-dallemagne"},"share_on_mastodon":{"url":"https:\/\/pubeurope.com\/@fr\/115726103634365966","error":""},"_links":{"self":[{"href":"https:\/\/www.europesays.com\/fr\/wp-json\/wp\/v2\/posts\/601791","targetHints":{"allow":["GET"]}}],"collection":[{"href":"https:\/\/www.europesays.com\/fr\/wp-json\/wp\/v2\/posts"}],"about":[{"href":"https:\/\/www.europesays.com\/fr\/wp-json\/wp\/v2\/types\/post"}],"author":[{"embeddable":true,"href":"https:\/\/www.europesays.com\/fr\/wp-json\/wp\/v2\/users\/2"}],"replies":[{"embeddable":true,"href":"https:\/\/www.europesays.com\/fr\/wp-json\/wp\/v2\/comments?post=601791"}],"version-history":[{"count":0,"href":"https:\/\/www.europesays.com\/fr\/wp-json\/wp\/v2\/posts\/601791\/revisions"}],"wp:featuredmedia":[{"embeddable":true,"href":"https:\/\/www.europesays.com\/fr\/wp-json\/wp\/v2\/media\/432570"}],"wp:attachment":[{"href":"https:\/\/www.europesays.com\/fr\/wp-json\/wp\/v2\/media?parent=601791"}],"wp:term":[{"taxonomy":"category","embeddable":true,"href":"https:\/\/www.europesays.com\/fr\/wp-json\/wp\/v2\/categories?post=601791"},{"taxonomy":"post_tag","embeddable":true,"href":"https:\/\/www.europesays.com\/fr\/wp-json\/wp\/v2\/tags?post=601791"}],"curies":[{"name":"wp","href":"https:\/\/api.w.org\/{rel}","templated":true}]}}