{"id":601794,"date":"2025-12-15T23:10:15","date_gmt":"2025-12-15T23:10:15","guid":{"rendered":"https:\/\/www.europesays.com\/fr\/601794\/"},"modified":"2025-12-15T23:10:15","modified_gmt":"2025-12-15T23:10:15","slug":"les-ministres-de-lenergie-de-lue-sattaquent-aux-ecarts-de-prix-entre-les-etats-membres","status":"publish","type":"post","link":"https:\/\/www.europesays.com\/fr\/601794\/","title":{"rendered":"Les ministres de l&rsquo;\u00c9nergie de l&rsquo;UE s&rsquo;attaquent aux \u00e9carts de prix entre les \u00c9tats membres"},"content":{"rendered":"<p class=\"mb-4 text-lg md:leading-8 break-words\">Les ministres de l&rsquo;\u00c9nergie de l&rsquo;Union europ\u00e9enne souhaitent uniformiser les prix de l&rsquo;\u00e9nergie dans les \u00c9tats membres et \u00e9viter les disparit\u00e9s qui font que certains \u00c9tats membres paient l&rsquo;\u00e9nergie jusqu&rsquo;\u00e0 sept fois plus cher que d&rsquo;autres.<\/p>\n<p class=\"mb-4 text-lg md:leading-8 break-words\">Les prix de l&rsquo;\u00e9nergie sont nettement plus \u00e9lev\u00e9s dans l&rsquo;UE depuis l&rsquo;invasion de l&rsquo;Ukraine par la Russie, alors m\u00eame que l&rsquo;Union europ\u00e9enne a pris des mesures pour r\u00e9duire sa d\u00e9pendance \u00e0 l&rsquo;\u00e9gard de l&rsquo;\u00e9nergie russe.<\/p>\n<p class=\"mb-4 text-lg md:leading-8 break-words\">La R\u00e9publique tch\u00e8que, le Danemark, la Lituanie et la Roumanie ont tous vu <a href=\"https:\/\/ec.europa.eu\/eurostat\/web\/products-eurostat-news\/w\/ddn-20230426-2?utm%5Fsource=chatgpt.com&amp;etrans=fr\" rel=\"nofollow noopener\" target=\"_blank\" data-ylk=\"slk:leurs prix augmenter;elm:context_link;itc:0;sec:content-canvas\" class=\"link \">leurs prix augmenter<\/a> de 87 % en moyenne, tandis que les factures de gaz en Belgique ont augment\u00e9 de pr\u00e8s de 100 %.<\/p>\n<p class=\"mb-4 text-lg md:leading-8 break-words\">Cependant, les \u00c9tats membres qui s&rsquo;appuient sur les \u00e9nergies renouvelables, comme le Portugal et l<a href=\"https:\/\/fr.news.yahoo.com\/lespagne-acc%C3%A9l%C3%A8re-t-production-dhydrog%C3%A8ne-174617117.html\" data-ylk=\"slk:&#039;Espagne;elm:context_link;itc:0;sec:content-canvas;outcm:mb_qualified_link;_E:mb_qualified_link;ct:story;\" class=\"link  yahoo-link\" target=\"_blank\" rel=\"noopener\">&lsquo;Espagne<\/a>, ou qui tirent une grande partie de leur approvisionnement de l&rsquo;\u00e9nergie nucl\u00e9aire, comme la France, ont pu mieux r\u00e9sister \u00e0 la flamb\u00e9e des prix de gros et des <a href=\"https:\/\/fr.finance.yahoo.com\/actualites\/millions-logements-froids-europe-o%C3%B9-060053959.html\" data-ylk=\"slk:factures des consommateurs;elm:context_link;itc:0;sec:content-canvas;outcm:mb_qualified_link;_E:mb_qualified_link;ct:story;\" class=\"link  yahoo-link\" target=\"_blank\" rel=\"noopener\">factures des consommateurs<\/a>.<\/p>\n<p class=\"mb-4 text-lg md:leading-8 break-words\">L&rsquo;Allemagne, la Belgique et le Danemark sont les trois pays de l&rsquo;UE qui paient le plus pour l&rsquo;\u00e9lectricit\u00e9, tandis que la Hongrie, la Bulgarie et Malte sont ceux qui paient le moins, selon les donn\u00e9es de la Commission europ\u00e9enne.<\/p>\n<p class=\"mb-4 text-lg md:leading-8 break-words\">Les m\u00e9nages allemands paient l&rsquo;\u00e9lectricit\u00e9 quatre fois plus cher que les m\u00e9nages hongrois.<\/p>\n<p>Le gaz naturel creuse l&rsquo;\u00e9cart entre les pays de l&rsquo;UE<\/p>\n<p class=\"mb-4 text-lg md:leading-8 break-words\">Les prix du gaz sont consid\u00e9r\u00e9s comme des distorsions encore plus importantes.<\/p>\n<p class=\"mb-4 text-lg md:leading-8 break-words\">La Su\u00e8de, les Pays-Bas et le Danemark sont les pays qui paient le plus, tandis que la Hongrie, la Croatie et la Roumanie sont ceux qui paient le moins.<\/p>\n<p class=\"mb-4 text-lg md:leading-8 break-words\">L&rsquo;\u00e9cart entre la Su\u00e8de et la Hongrie est jusqu&rsquo;\u00e0 sept fois plus important.<\/p>\n<p class=\"mb-4 text-lg md:leading-8 break-words\">\u00ab\u00a0Nous devons d\u00e9carboniser notre \u00e9nergie tout en faisant baisser les prix de l&rsquo;\u00e9nergie\u00a0\u00bb, a d\u00e9clar\u00e9 Dan J\u00f8rgensen, commissaire \u00e0 l&rsquo;\u00e9nergie, aux journalistes lors du Conseil de l&rsquo;\u00e9nergie lundi.<\/p>\n<p class=\"mb-4 text-lg md:leading-8 break-words\">Michael Damianos, ministre chypriote de l&rsquo;\u00c9nergie, du commerce et de l&rsquo;industrie, a d\u00e9clar\u00e9 que le paquet sur les r\u00e9seaux de l&rsquo;UE r\u00e9cemment pr\u00e9sent\u00e9 par la Commission europ\u00e9enne \u00e9tait \u00ab\u00a0essentiel\u00a0\u00bb pour faire baisser les prix de l&rsquo;\u00e9nergie dans l&rsquo;ensemble de l&rsquo;Union.<\/p>\n<p class=\"mb-4 text-lg md:leading-8 break-words\">\u00ab\u00a0Il est essentiel de faire baisser les prix de l&rsquo;\u00e9nergie pour nos concitoyens et nous pensons que c&rsquo;est un \u00e9l\u00e9ment central de la comp\u00e9titivit\u00e9. Je pense que la crise \u00e9nerg\u00e9tique a montr\u00e9 que nous devons agir collectivement en tant qu&rsquo;union dans tout ce que nous faisons\u00a0\u00bb, a d\u00e9clar\u00e9 Michael Damianos aux journalistes lundi, \u00e0 quelques semaines de la prise en main des r\u00eanes de l&rsquo;Union par la pr\u00e9sidence chypriote de l&rsquo;UE.<\/p>\n<p class=\"mb-4 text-lg md:leading-8 break-words\">Une analyse r\u00e9cente de l&rsquo;Institute of Security Studies (ISS) indique que l&rsquo;UE devrait redoubler d&rsquo;efforts pour \u00e9lectrifier l&rsquo;\u00e9conomie et produire de l&rsquo;\u00e9nergie localement.<\/p>\n<p class=\"mb-4 text-lg md:leading-8 break-words\">\u00ab\u00a0C&rsquo;est l&rsquo;antidote le plus efficace \u00e0 l&rsquo;ing\u00e9rence russe dans le syst\u00e8me \u00e9nerg\u00e9tique\u00a0\u00bb, peut-on lire dans l&rsquo;analyse de l&rsquo;ISS.<\/p>\n<p><img alt=\"Des flammes \u00e9mergent des br\u00fbleurs d'un r\u00e9chaud \u00e0 gaz naturel. \" loading=\"lazy\" width=\"808\" height=\"539\" decoding=\"async\" data-nimg=\"1\" class=\"rounded-lg\" style=\"color:transparent\" src=\"https:\/\/www.europesays.com\/fr\/wp-content\/uploads\/2025\/12\/89a48069d554ea4ce7d1c3d012dffd41.jpeg\"\/><\/p>\n<p> Des flammes sortent des br\u00fbleurs d&rsquo;une cuisini\u00e8re au gaz naturel.   &#8211; AP Photo\/ Steven Senne <\/p>\n<p>Une mission ardue<\/p>\n<p class=\"mb-4 text-lg md:leading-8 break-words\">Les ministres suivent \u00e0 pr\u00e9sent les directives \u00e9tablies par la Commission.<\/p>\n<p class=\"mb-4 text-lg md:leading-8 break-words\">L&rsquo;ex\u00e9cutif europ\u00e9en a rep\u00e9r\u00e9 des interconnexions de r\u00e9seaux inefficaces, des proc\u00e9dures d&rsquo;autorisation lentes, une planification nationale fragment\u00e9e et des investissements in\u00e9gaux comme des obstacles importants \u00e0 la comp\u00e9titivit\u00e9 et au maintien des prix de l&rsquo;\u00e9nergie \u00e0 un niveau \u00e9lev\u00e9, selon un document qui a fait l&rsquo;objet d&rsquo;une fuite et qu&rsquo;Euronews a pu consulter.<\/p>\n<p class=\"mb-4 text-lg md:leading-8 break-words\">Cependant, la t\u00e2che est ardue pour les ministres de l&rsquo;\u00c9nergie de stabiliser efficacement les prix de l&rsquo;\u00e9nergie \u00e0 travers l&rsquo;Union, \u00e9tant donn\u00e9 que la politique \u00e9nerg\u00e9tique est une comp\u00e9tence nationale et que la taxation est appliqu\u00e9e diff\u00e9remment dans les \u00c9tats membres.<\/p>\n<p class=\"mb-4 text-lg md:leading-8 break-words\">Les l\u00e9gislateurs europ\u00e9ens vont bient\u00f4t rouvrir les discussions sur la r\u00e9vision de la loi sur la conception du march\u00e9 de l&rsquo;\u00e9lectricit\u00e9, suite \u00e0 la r\u00e9cente proposition omnibus de la Commission visant \u00e0 simplifier la l\u00e9gislation environnementale.<\/p>\n<p class=\"mb-4 text-lg md:leading-8 break-words\">L&rsquo;ex\u00e9cutif europ\u00e9en souhaite acc\u00e9l\u00e9rer l&rsquo;octroi de permis pour les projets d&rsquo;\u00e9nergie renouvelable afin d&rsquo;augmenter la part d&rsquo;\u00e9nergie propre dans le r\u00e9seau.<\/p>\n<p>Des contrats bilat\u00e9raux pour faire la diff\u00e9rence<\/p>\n<p class=\"mb-4 text-lg md:leading-8 break-words\">La Commission a sugg\u00e9r\u00e9 que des actions au niveau national dans des domaines cl\u00e9s peuvent contribuer \u00e0 r\u00e9duire les niveaux de prix. Parmi les initiatives propos\u00e9es figurent des redevances de r\u00e9seau efficaces et des investissements anticip\u00e9s dans le r\u00e9seau.<\/p>\n<p class=\"mb-4 text-lg md:leading-8 break-words\">D&rsquo;autres possibilit\u00e9s incluent l&rsquo;adoption de contrats bidirectionnels pour la diff\u00e9rence, un m\u00e9canisme financier de plus en plus mandat\u00e9 dans l&rsquo;UE pour les nouveaux investissements dans les \u00e9nergies renouvelables et nucl\u00e9aires, les connexions au r\u00e9seau ou la taxation de l&rsquo;\u00e9nergie, selon le document.<\/p>\n<p class=\"mb-4 text-lg md:leading-8 break-words\">R\u00e9cemment, la Commission a approuv\u00e9 la construction et l&rsquo;exploitation de la premi\u00e8re centrale nucl\u00e9aire en Pologne, qui fonctionnera sur la base de contrats bidirectionnels pour la diff\u00e9rence, une m\u00e9thode de plus en plus utilis\u00e9e et encourag\u00e9e par l&rsquo;UE pour les projets d&rsquo;\u00e9nergie renouvelable.<\/p>\n<p class=\"mb-4 text-lg md:leading-8 break-words\">Ce syst\u00e8me vise \u00e0 assurer des revenus stables \u00e0 la centrale nucl\u00e9aire pendant 40 ans.<\/p>\n<p class=\"mb-4 text-lg md:leading-8 break-words\">\u00ab\u00a0Dans le cadre du contrat de diff\u00e9rence, l&rsquo;\u00c9tat polonais paiera le producteur d&rsquo;\u00e9nergie si les prix du march\u00e9 tombent en dessous d&rsquo;un prix d&rsquo;exercice qui sera d\u00e9termin\u00e9 selon une m\u00e9thodologie claire examin\u00e9e par la Commission. Si les prix du march\u00e9 d\u00e9passent ce prix d&rsquo;exercice, le producteur d&rsquo;\u00e9nergie paiera la diff\u00e9rence \u00e0 l&rsquo;\u00c9tat polonais\u00a0\u00bb, a d\u00e9clar\u00e9 l&rsquo;ex\u00e9cutif europ\u00e9en.<\/p>\n","protected":false},"excerpt":{"rendered":"Les ministres de l&rsquo;\u00c9nergie de l&rsquo;Union europ\u00e9enne souhaitent uniformiser les prix de l&rsquo;\u00e9nergie dans les \u00c9tats membres et&hellip;\n","protected":false},"author":2,"featured_media":601795,"comment_status":"","ping_status":"","sticky":false,"template":"","format":"standard","meta":{"footnotes":""},"categories":[1586],"tags":[11,2196,5999,1777,674,1779,1011,27,70039,40397,12,71437,25,1778,364],"class_list":{"0":"post-601794","1":"post","2":"type-post","3":"status-publish","4":"format-standard","5":"has-post-thumbnail","7":"category-europe","8":"tag-actualites","9":"tag-commission-europeenne","10":"tag-etats-membres","11":"tag-eu","12":"tag-europe","13":"tag-european-union","14":"tag-fr","15":"tag-france","16":"tag-l39union-europeenne","17":"tag-ministres","18":"tag-news","19":"tag-prix-de-l39energie","20":"tag-republique-francaise","21":"tag-ue","22":"tag-union-europeenne"},"share_on_mastodon":{"url":"https:\/\/pubeurope.com\/@fr\/115726112518071505","error":""},"_links":{"self":[{"href":"https:\/\/www.europesays.com\/fr\/wp-json\/wp\/v2\/posts\/601794","targetHints":{"allow":["GET"]}}],"collection":[{"href":"https:\/\/www.europesays.com\/fr\/wp-json\/wp\/v2\/posts"}],"about":[{"href":"https:\/\/www.europesays.com\/fr\/wp-json\/wp\/v2\/types\/post"}],"author":[{"embeddable":true,"href":"https:\/\/www.europesays.com\/fr\/wp-json\/wp\/v2\/users\/2"}],"replies":[{"embeddable":true,"href":"https:\/\/www.europesays.com\/fr\/wp-json\/wp\/v2\/comments?post=601794"}],"version-history":[{"count":0,"href":"https:\/\/www.europesays.com\/fr\/wp-json\/wp\/v2\/posts\/601794\/revisions"}],"wp:featuredmedia":[{"embeddable":true,"href":"https:\/\/www.europesays.com\/fr\/wp-json\/wp\/v2\/media\/601795"}],"wp:attachment":[{"href":"https:\/\/www.europesays.com\/fr\/wp-json\/wp\/v2\/media?parent=601794"}],"wp:term":[{"taxonomy":"category","embeddable":true,"href":"https:\/\/www.europesays.com\/fr\/wp-json\/wp\/v2\/categories?post=601794"},{"taxonomy":"post_tag","embeddable":true,"href":"https:\/\/www.europesays.com\/fr\/wp-json\/wp\/v2\/tags?post=601794"}],"curies":[{"name":"wp","href":"https:\/\/api.w.org\/{rel}","templated":true}]}}