{"id":601810,"date":"2025-12-15T23:21:19","date_gmt":"2025-12-15T23:21:19","guid":{"rendered":"https:\/\/www.europesays.com\/fr\/601810\/"},"modified":"2025-12-15T23:21:19","modified_gmt":"2025-12-15T23:21:19","slug":"charles-marchandise-quitte-lavc-aix-pour-un-ancien-club-actualite","status":"publish","type":"post","link":"https:\/\/www.europesays.com\/fr\/601810\/","title":{"rendered":"Charles Marchandise quitte l&rsquo;AVC Aix pour un ancien club &#8211; Actualit\u00e9"},"content":{"rendered":"<p>                                                                    <img decoding=\"async\" src=\"https:\/\/www.europesays.com\/fr\/wp-content\/uploads\/2025\/12\/69406ecd42d02.jpg\" height=\"auto\" loading=\"lazy\"\/><br \/>\n                                                                    Cr\u00e9dit photo Philippe Pradier \/ DirectVelo<\/p>\n<p class=\"images-caption\">Cr\u00e9dit photo Philippe Pradier \/ DirectVelo<\/p>\n<p class=\"metadata\">\n            Par<br \/>\n        <strong class=\"text-black\">    <a href=\"https:\/\/www.directvelo.com\/auteur\/2\/nicolas-gachet\" class=\"hover-underline\" rel=\"author noopener\" target=\"_blank\">NICOLAS GACHET<\/a><br \/>\n<\/strong><br \/>\n                    <br \/>Le<br \/>\n    15 d\u00e9cembre 2025, 21:30<\/p>\n<p style=\"text-align: justify;\">Apr\u00e8s une saison,\u00a0<strong><a href=\"https:\/\/www.directvelo.com\/coureur\/37441\/charles-marchandise\" target=\"_blank\" rel=\"noopener\">Charles Marchandise<\/a><\/strong> quitte l&rsquo;AVC Aix Provence Dole. Il va retrouver en 2026 la N3 de\u00a0<strong><a href=\"https:\/\/www.directvelo.com\/equipe\/1993\/beziers-mediterranee-cyclisme\" target=\"_blank\" rel=\"noopener\">B\u00e9ziers M\u00e9diterran\u00e9e Cyclisme<\/a><\/strong> o\u00f9 il \u00e9voluait en 2024.<\/p>\n<p style=\"text-align: justify;\">Le coureur de 22 ans a remport\u00e9 cette ann\u00e9e la Nocturne de S\u00e9nas et la Ronde V\u00e9nitienne \u00e0 Martigues. Il s&rsquo;est class\u00e9 4e du Crit\u00e9rium de Bessan, 5e du Grand Prix de la Saint-Pierre \u00e0 Alleins, du Grand Prix Autour de la M\u00f4le et du Grand Prix de Manduel, 8e d&rsquo;une \u00e9tape du Tour du Pays Roannais et du Grand Prix de S\u00e9nas, 14e du Grand Prix de Charvieu-Chavagneux ou encore 15e du Circuit de l&rsquo;Essor.<\/p>\n<p>Retrouvez toutes les mutations du peloton amateur\u00a0<strong><a href=\"https:\/\/www.directvelo.com\/mutations\/2026\" target=\"_blank\" rel=\"noopener\">en cliquant ici<\/a><\/strong>.<\/p>\n<p>            En savoir plus : coureurs et \u00e9quipes associ\u00e9s<\/p>\n<p>                Coureurs<\/p>\n<p>                    <img decoding=\"async\" src=\"https:\/\/www.europesays.com\/fr\/wp-content\/uploads\/2025\/12\/67f653332bcff.jpg\" height=\"auto\" loading=\"lazy\"\/><\/p>\n<p>                            Portrait de Charles MARCHANDISE<\/p>\n<p>                \u00c9quipes<\/p>\n","protected":false},"excerpt":{"rendered":"Cr\u00e9dit photo Philippe Pradier \/ DirectVelo Cr\u00e9dit photo Philippe Pradier \/ DirectVelo Par NICOLAS GACHET Le 15 d\u00e9cembre&hellip;\n","protected":false},"author":2,"featured_media":601811,"comment_status":"","ping_status":"","sticky":false,"template":"","format":"standard","meta":{"footnotes":""},"categories":[1411],"tags":[834,828,836,829,837,827,83,826,824,823,1154,207,814,817,815,816,822,821,832,211,839,1011,27,820,818,819,835,831,830,833,838,60,212,208,825],"class_list":{"0":"post-601810","1":"post","2":"type-post","3":"status-publish","4":"format-standard","5":"has-post-thumbnail","7":"category-cyclisme","8":"tag-attaque","9":"tag-belgique","10":"tag-braquet","11":"tag-bretagne","12":"tag-chute","13":"tag-competition","14":"tag-coupe-de-france","15":"tag-coureur","16":"tag-course-cyclisme","17":"tag-course-cycliste","18":"tag-cycling","19":"tag-cyclisme","20":"tag-direct","21":"tag-direct-velo","22":"tag-directvelo","23":"tag-directvelo-com","24":"tag-epreuve","25":"tag-epreuve-cycliste","26":"tag-federation-francaise-de-cyclisme","27":"tag-ffc","28":"tag-flandres","29":"tag-fr","30":"tag-france","31":"tag-live","32":"tag-live-course","33":"tag-live-epreuve","34":"tag-peloton","35":"tag-radio-peloton","36":"tag-radio-tour","37":"tag-ravitaillement","38":"tag-relance","39":"tag-sports","40":"tag-uci","41":"tag-velo","42":"tag-velos"},"share_on_mastodon":{"url":"https:\/\/pubeurope.com\/@fr\/115726155651961065","error":""},"_links":{"self":[{"href":"https:\/\/www.europesays.com\/fr\/wp-json\/wp\/v2\/posts\/601810","targetHints":{"allow":["GET"]}}],"collection":[{"href":"https:\/\/www.europesays.com\/fr\/wp-json\/wp\/v2\/posts"}],"about":[{"href":"https:\/\/www.europesays.com\/fr\/wp-json\/wp\/v2\/types\/post"}],"author":[{"embeddable":true,"href":"https:\/\/www.europesays.com\/fr\/wp-json\/wp\/v2\/users\/2"}],"replies":[{"embeddable":true,"href":"https:\/\/www.europesays.com\/fr\/wp-json\/wp\/v2\/comments?post=601810"}],"version-history":[{"count":0,"href":"https:\/\/www.europesays.com\/fr\/wp-json\/wp\/v2\/posts\/601810\/revisions"}],"wp:featuredmedia":[{"embeddable":true,"href":"https:\/\/www.europesays.com\/fr\/wp-json\/wp\/v2\/media\/601811"}],"wp:attachment":[{"href":"https:\/\/www.europesays.com\/fr\/wp-json\/wp\/v2\/media?parent=601810"}],"wp:term":[{"taxonomy":"category","embeddable":true,"href":"https:\/\/www.europesays.com\/fr\/wp-json\/wp\/v2\/categories?post=601810"},{"taxonomy":"post_tag","embeddable":true,"href":"https:\/\/www.europesays.com\/fr\/wp-json\/wp\/v2\/tags?post=601810"}],"curies":[{"name":"wp","href":"https:\/\/api.w.org\/{rel}","templated":true}]}}