{"id":601818,"date":"2025-12-15T23:26:16","date_gmt":"2025-12-15T23:26:16","guid":{"rendered":"https:\/\/www.europesays.com\/fr\/601818\/"},"modified":"2025-12-15T23:26:16","modified_gmt":"2025-12-15T23:26:16","slug":"la-ministre-de-lagriculture-annonce-quentre-600-000-et-1-million-de-bovins-seront-bientot-vaccines","status":"publish","type":"post","link":"https:\/\/www.europesays.com\/fr\/601818\/","title":{"rendered":"la ministre de l&rsquo;Agriculture annonce qu'\u00a0\u00bbentre 600.000 et 1 million de bovins\u00a0\u00bb seront bient\u00f4t vaccin\u00e9s"},"content":{"rendered":"<p>Hier \u00e0 23h26<\/p>\n<p>Plusieurs manifestations recens\u00e9es en France, la ministre de l&rsquo;Agriculture assure que \u00ab\u00a0la situation est sous contr\u00f4le\u00a0\u00bb<\/p>\n<p>Ce direct consacr\u00e9 \u00e0 la crise agricole suite \u00e0 <a href=\"https:\/\/www.bfmtv.com\/economie\/entreprises\/agriculture\/entre-600-000-et-1-million-de-bovins-vaccines-la-ministre-de-l-agriculture-appelle-a-dresser-un-mur-sanitaire-contre-la-dermatose-et-defend-la-strategie-du-gouvernement_AD-202512150834.html\" title=\"&quot;Entre 600.000 et 1 million de bovins&quot; bient\u00f4t vaccin\u00e9s: la ministre de l&#039;Agriculture appelle \u00e0 dresser un &quot;mur sanitaire&quot; contre la dermatose et d\u00e9fend la strat\u00e9gie du gouvernement\" class=\"internal_link\" target=\"_blank\" rel=\"noopener\">l&rsquo;abattage d&rsquo;un troupeau de bovins<\/a> frapp\u00e9 par la dermatose nodulaire contagieuse est d\u00e9sormais termin\u00e9.<\/p>\n<p>Plusieurs mobilisations ont eu lieu ce lundi en France, notamment des blocages routiers \u00e0 la hauteur de Carbonne, mais aussi entre Briscous et Tarbes ou encore \u00e0 Pau.<\/p>\n<p>Un <a href=\"https:\/\/www.bfmtv.com\/economie\/entreprises\/agriculture\/un-nouveau-foyer-de-dermatose-nodulaire-contagieuse-detecte-dans-l-aude-le-troupeau-de-bovins-concerne-a-a-ete-abattu_AD-202512150504.html\" title=\"Un nouveau foyer de dermatose nodulaire contagieuse d\u00e9tect\u00e9 dans l&#039;Aude: le troupeau de bovins concern\u00e9 a \u00e9t\u00e9 abattu\" class=\"internal_link\" target=\"_blank\" rel=\"noopener\">autre troupeau a \u00e9t\u00e9 abattu au sein d&rsquo;un \u00e9levage de Pomas<\/a>, dans l&rsquo;Aude, apr\u00e8s la d\u00e9couverte d&rsquo;un nouveau cas de DNC.<\/p>\n<p>De son c\u00f4t\u00e9, la ministre de l&rsquo;Agriculture a d\u00e9fendu sa gestion de la DNC, assurant que \u00ab\u00a0la situation est sous contr\u00f4le\u00a0\u00bb. Elle a par ailleurs annonc\u00e9 qu'\u00a0\u00bbentre 600.000 et 1 million de bovins\u00a0\u00bb seront bient\u00f4t vaccin\u00e9s. Merci de nous avoir suivis.<\/p>\n<p>Hier \u00e0 19h45<\/p>\n<p>\u00ab\u00a0Il est urgent d&rsquo;\u00e9couter\u00a0\u00bb les agriculteurs: plus de 200 \u00e9lus locaux ont manifest\u00e9 en Ari\u00e8ge<\/p>\n<p>Plus de 200 maires et \u00e9lus locaux d&rsquo;Ari\u00e8ge se sont rassembl\u00e9s lundi devant la pr\u00e9fecture de Foix pour appeler l&rsquo;\u00c9tat \u00e0 dialoguer avec les agriculteurs afin de r\u00e9\u00e9valuer le protocole de lutte contre la dermatose.<\/p>\n<blockquote class=\"embed embed_quote\"><p>\u00ab\u00a0Il est urgent de les \u00e9couter et qu&rsquo;un dialogue constructif soit remis en place\u00a0\u00bb, ont \u00e9crit les \u00e9lus dans une lettre remise au pr\u00e9fet de l&rsquo;Ari\u00e8ge.<\/p><\/blockquote>\n<p>Dans ce texte, ils demandent \u00ab\u00a0de faire remonter \u00e0 notre gouvernement la n\u00e9cessit\u00e9 de r\u00e9interroger le protocole d&rsquo;abattage total des bovins, en envisageant un abattage cibl\u00e9 des animaux infect\u00e9s, en fonction de leur \u00e9tat clinique et du risque de propagation de la maladie\u00a0\u00bb.<\/p>\n<p>\u00ab\u00a0Une approche diff\u00e9renci\u00e9e permettrait de limiter les pertes (&#8230;) tout en maintenant les efforts n\u00e9cessaires pour contenir l&rsquo;\u00e9pid\u00e9mie\u00a0\u00bb, plaident ces \u00e9lus, dont une d\u00e9l\u00e9gation a \u00e9t\u00e9 re\u00e7ue par le pr\u00e9fet.<\/p>\n<p>Hier \u00e0 18h38<\/p>\n<p>\u00ab\u00a0La solution, c&rsquo;est le vaccin\u00a0\u00bb selon la Conf\u00e9d\u00e9ration paysanne<\/p>\n<p>Annie Genevard \u00ab\u00a0reste sur le m\u00eame dogme d&rsquo;une politique sanitaire qui est bas\u00e9e sur l&rsquo;abattage total\u00a0\u00bb, a r\u00e9agi sur BFMTV l&rsquo;un des porte-parole de la Conf\u00e9d\u00e9ration paysanne, Thomas Gibert, alors que la ministre de l&rsquo;Agriculture a encore d\u00e9fendu ce lundi apr\u00e8s-midi un protocole sanitaire \u00ab\u00a0solide\u00a0\u00bb qui \u00ab\u00a0prot\u00e8ge\u00a0\u00bb.<\/p>\n<blockquote class=\"embed embed_quote\"><p>\u00ab\u00a0\u00c7a fait des mois qu&rsquo;on r\u00e9clame l&rsquo;extension de la vaccination\u00a0\u00bb, a regrett\u00e9 Thomas Gibert, pour qui \u00ab\u00a0la solution, c&rsquo;est le vaccin\u00a0\u00bb.<\/p><\/blockquote>\n<p>Hier \u00e0 18h23<\/p>\n<p>Blocages routiers, rassemblements&#8230; Les mobilisations des agriculteurs en cours en France<\/p>\n<p>Des blocages routiers se tiennent sur l&rsquo;A64 \u00e0 la hauteur de Carbonne, mais aussi entre Briscous et Tarbes. Des blocages routiers ont aussi lieu sur la RN20 \u00e0 Tarascon-sur-Ari\u00e8ge, sur l&rsquo;A75, sur la rocade nord de Pau, sur le rond-point de la Hur\u00e9e \u00e0 Auch, \u00e0 Saint-Martin-de-Crau, \u00e0 Briscous, \u00e0 Benque en Haute-Garonne, et sur l&rsquo;A63 \u00e0 Cestas en Gironde.<\/p>\n<p>Des rassemblements s&rsquo;organisent aussi aujourd&rsquo;hui devant les pr\u00e9fectures de Cahors, de Tours et de Mont-de-Marsan. Une mobilisation doit aussi avoir lieu demain devant la sous-pr\u00e9fecture de Saint-Gaudens.<\/p>\n<p>Des mobilisations de soutien ont \u00e9t\u00e9 organis\u00e9es \u00e0 Quimper, Mirande et sur le rond-point Sainte-Catherine \u00e0 Arras. La Conf\u00e9d\u00e9ration paysanne a aussi organis\u00e9 une action sur les rives d&rsquo;Arcins, \u00e0 B\u00e8gles.<\/p>\n<p>Hier \u00e0 18h17<\/p>\n<p>La ministre de l&rsquo;Agriculture assure que la r\u00e8gle du non-d\u00e9placement des bovins \u00ab\u00a0n&rsquo;est pas respect\u00e9e\u00a0\u00bb par certains agriculteurs<\/p>\n<p>Pour bloquer la propagation de la DNC, il ne faut \u00ab\u00a0pas de d\u00e9placement dans une zone r\u00e9glement\u00e9\u00a0\u00bb, a insist\u00e9 la ministre de l&rsquo;Agriculture sur BFMTV. \u00ab\u00a0Si on d\u00e9place des animaux, on d\u00e9place la maladie\u00a0\u00bb, a affirm\u00e9 Annie Genevard.<\/p>\n<blockquote class=\"embed embed_quote\"><p>\u00ab\u00a0Pour certains, ce n&rsquo;est pas respect\u00e9\u00a0\u00bb, or \u00ab\u00a0un seul manquement \u00e0 la consigne fait courir un risque immense \u00e0 tout le monde\u00a0\u00bb, a assur\u00e9 la ministre, assurant par ailleurs que\u00a0\u00ab\u00a0les contr\u00f4les se multiplient\u00a0\u00bb et que \u00ab\u00a0les sanctions seront s\u00e9v\u00e8res\u00a0\u00bb.<\/p><\/blockquote>\n<p>Hier \u00e0 17h33<\/p>\n<p>Abattages: la ministre de l&rsquo;Agriculture d\u00e9fend un protocole sanitaire \u00ab\u00a0solide\u00a0\u00bb qui \u00ab\u00a0prot\u00e8ge\u00a0\u00bb<\/p>\n<p>La ministre de l&rsquo;Agriculture a d\u00e9fendu la strat\u00e9gie sanitaire mise en oeuvre par l&rsquo;\u00c9tat contre la DNC, \u00e9voquant un protocole \u00ab\u00a0solide\u00a0\u00bb qui \u00ab\u00a0prot\u00e8ge\u00a0\u00bb, alors que les abattages suscitent des mobilisations d&rsquo;agriculteurs.<\/p>\n<p>\u00ab\u00a0G\u00e9n\u00e9ralement quand il y a un cas visible, il y en a d&rsquo;autres autour\u00a0\u00bb, a affirm\u00e9 la ministre de l&rsquo;Agriculture. Gr\u00e2ce aux abattages men\u00e9s jusqu&rsquo;\u00e0 pr\u00e9sent, qui ont repr\u00e9sent\u00e9 \u00ab\u00a00,02% du cheptel bovin fran\u00e7ais\u00a0\u00bb, \u00ab\u00a0nous avons prot\u00e9g\u00e9 la quasi-totalit\u00e9 du cheptel fran\u00e7ais\u00a0\u00bb, a-t-elle assur\u00e9e. \u00ab\u00a0\u00c9videmment, pour ceux qui sont touch\u00e9s, c&rsquo;est un drame\u00a0\u00bb, a-t-elle tenu \u00e0 rappeler.<\/p>\n<blockquote class=\"embed embed_quote\"><p>\u00ab\u00a0Pour que cette maladie n&#8217;emporte pas tout le cheptel, il faut la combattre avec la derni\u00e8re \u00e9nergie et avec efficacit\u00e9\u00a0\u00bb, a poursuivi Annie Genevard, pour qui \u00ab\u00a0aujourd&rsquo;hui on a protocole qui est solide, qui fonctionne et qui prot\u00e8ge\u00a0\u00bb.<\/p><\/blockquote>\n<p>Hier \u00e0 17h23<\/p>\n<p>\u00ab\u00a0Entre 600.000 et 1 million de bovins\u00a0\u00bb bient\u00f4t vaccin\u00e9s<\/p>\n<p>La ministre de l&rsquo;Agriculture annonce un \u00e9largissement de la zone de vaccination contre la DNC\u00a0dans le Sud-Ouest. \u00ab\u00a0On va vacciner massivement une partie\u00a0\u00bb de la r\u00e9gion Occitanie, a affirm\u00e9 lundi Annie Genevard sur BFMTV. Les agriculteurs \u00ab\u00a0m&rsquo;ont demand\u00e9 qu&rsquo;on puisse \u00e9largir le territoire de la vaccination et je les ai entendus\u00a0\u00bb, a-t-elle assur\u00e9.<\/p>\n<p>\u00ab\u00a0Nous avons \u00e9tabli un cordon sanitaire, d&rsquo;une part pour vacciner plus largement, et puis pour prot\u00e9ger le reste du territoire national\u00a0\u00bb, a d\u00e9clar\u00e9 la ministre, assurant vouloir \u00ab\u00a0prot\u00e9ger l&rsquo;int\u00e9gralit\u00e9 du cheptel fran\u00e7ais\u00a0\u00bb. \u00ab\u00a0C&rsquo;est un premier infl\u00e9chissement du protocole\u00a0\u00bb qui \u00ab\u00a0\u00e9tait attendu par plusieurs organisations syndicales\u00a0\u00bb, a-t-elle poursuivi.<\/p>\n<blockquote class=\"embed embed_quote\"><p>\u00ab\u00a0Nous vaccinerons entre 600.000 et 1 million de bovins dans un d\u00e9lai que j&rsquo;estime le plus court possible\u00a0\u00bb, a affirm\u00e9 Annie Genevard.<\/p><\/blockquote>\n<p>Hier \u00e0 16h57<\/p>\n<p>Un s\u00e9nateur du Gard r\u00e9clame la vaccination pr\u00e9ventive des taureaux de Camargue<\/p>\n<p>Un s\u00e9nateur du Gard plaide aupr\u00e8s de la ministre de l&rsquo;Agriculture en faveur d&rsquo;une vaccination pr\u00e9ventive pour les \u00e9levages de taureaux de race camarguaise et espagnole, craignant une \u00ab\u00a0perte irr\u00e9versible\u00a0\u00bb en cas \u00ab\u00a0d&rsquo;\u00e9pizootie non ma\u00eetris\u00e9e\u00a0\u00bb.<\/p>\n<blockquote class=\"embed embed_quote\"><p>\u00ab\u00a0Une telle mesure, anticipatrice et responsable, permettrait de s\u00e9curiser les cheptels, de rassurer les \u00e9leveurs et de pr\u00e9venir des abattages sanitaires aux cons\u00e9quences humaines, culturelles et \u00e9conomiques dramatiques\u00a0\u00bb, a indiqu\u00e9 avoir \u00e9crit Laurent Burgoa (Les R\u00e9publicains) \u00e0 Annie Genevard, selon un communiqu\u00e9.<\/p><\/blockquote>\n<p>\u00ab\u00a0La disparition de ces races, cons\u00e9quence possible d&rsquo;une \u00e9pizootie non ma\u00eetris\u00e9e, serait une perte irr\u00e9versible pour notre patrimoine national\u00a0\u00bb, a-t-il ajout\u00e9. Malgr\u00e9 les \u00ab\u00a0contraintes logistiques et budg\u00e9taires\u00a0\u00bb d&rsquo;une campagne de vaccination, \u00ab\u00a0l&rsquo;inaction ou une r\u00e9action tardive ferait peser un risque bien sup\u00e9rieur\u00a0\u00bb, selon lui.<\/p>\n<p>Hier \u00e0 16h40<\/p>\n<p>La position de la FNSEA est celle du \u00ab\u00a0consensus scientifique\u00a0\u00bb, selon son pr\u00e9sident<\/p>\n<p>\u00c9voquant \u00ab\u00a0beaucoup de col\u00e8re et d&rsquo;anxi\u00e9t\u00e9\u00a0\u00bb au sujet de la DNC, le pr\u00e9sident de la FNSEA a assur\u00e9 que la maladie virale avait \u00ab\u00a0sem\u00e9 le doute dans tout l&rsquo;\u00e9levage fran\u00e7ais\u00a0\u00bb.<\/p>\n<blockquote class=\"embed embed_quote\"><p>\u00ab\u00a0L&rsquo;\u00c9tat a maintenant besoin d&rsquo;\u00eatre extr\u00eamement clair sur comment il accompagne la maladie, qu&rsquo;est-ce qu&rsquo;il fait, comment il indemnise, quelles sont les causes\u00a0\u00bb, a affirm\u00e9 Arnaud Rousseau.<\/p><\/blockquote>\n<p>\u00ab\u00a0Beaucoup m&rsquo;ont dit que [ce] qui ne [leur] pas est [qu&rsquo;ils] ne comprennent pas les raisons pour lesquelles \u00e7a se passe, quels sont les r\u00e9sultats des enqu\u00eates \u00e9pid\u00e9miologiques, les r\u00e9sultats des enqu\u00eates administratives, y-a-t&rsquo;il des enqu\u00eates judiciaires, pourquoi on est menac\u00e9&#8230;\u00a0\u00bb, a assur\u00e9 le pr\u00e9sident de la FNSEA.<\/p>\n<p>La position de la FNSEA au sujet de la strat\u00e9gie sanitaire contre la DNC \u00ab\u00a0n&rsquo;est pas la position du gouvernement\u00a0\u00bb, mais celle \u00ab\u00a0du consensus scientifique port\u00e9 par les gens qui connaissent cette maladie\u00a0\u00bb, a-t-il poursuivi. \u00ab\u00a0Si ce consensus devait \u00eatre amen\u00e9 \u00e0 \u00e9voluer, pour nous \u00e7a nous poserait aucun probl\u00e8me d&rsquo;\u00e9volution\u00a0\u00bb, a-t-il ajout\u00e9.<\/p>\n<p>Hier \u00e0 16h14<\/p>\n<p>Des agriculteurs manifestent \u00e0 Boulogne-sur-Mer<\/p>\n<p>Environ 70 tracteurs ont d\u00e9fil\u00e9 lundi dans les rues de Boulogne-sur-Mer pour d\u00e9noncer la strat\u00e9gie sanitaire aujourd&rsquo;hui d\u00e9ploy\u00e9e contre la DNC, \u00e0 l&rsquo;appel de la Coordination rurale des Hauts-de-France.<\/p>\n<p>Les agriculteurs, venus du Pas-de-Calais, de l&rsquo;Oise, de la Somme ou encore de l&rsquo;Eure, ont d\u00e9ploy\u00e9 une large banderole \u00ab\u00a0stop au massacre\u00a0\u00bb en haut des remparts, ont constat\u00e9 des journalistes de l&rsquo;AFP.<\/p>\n<p>\u00c9leveuse et pr\u00e9sidente de la Coordination rurale de l&rsquo;Oise, Sophie Lenaerts a d\u00e9plor\u00e9 une \u00ab\u00a0h\u00e9r\u00e9sie\u00a0\u00bb, assurant \u00ab\u00a0qu&rsquo;il y a des alternatives\u00a0\u00bb et r\u00e9clamant un \u00ab\u00a0autre protocole\u00a0\u00bb avec un \u00ab\u00a0abattage partiel\u00a0\u00bb et la mise en place d&rsquo;un \u00ab\u00a0troupeau test\u00a0\u00bb pour mieux comprendre la la maladie.<\/p>\n<p>Le syndicat r\u00e9clame \u00e9galement l&rsquo;exp\u00e9rimentation de traitements m\u00e9dicamenteux.<\/p>\n<p>Hier \u00e0 16h09<\/p>\n<p>Espagne, Italie, Albanie&#8230; comment agissent nos voisins europ\u00e9ens?<\/p>\n<p>Alors que la strat\u00e9gie sanitaire d\u00e9ploy\u00e9e par l&rsquo;\u00c9tat pour enrayer la propagation de la DNC entra\u00eene des mobilisations d&rsquo;agriculteurs en France, les autres pays europ\u00e9ens qui ont \u00e9t\u00e9 touch\u00e9s par la m\u00eame maladie animale n&rsquo;ont pas forc\u00e9ment agi de la m\u00eame mani\u00e8re.<\/p>\n<p>Hier \u00e0 16h02<\/p>\n<p>La Coordination rurale 37 \u00ab\u00a0va r\u00e9p\u00e9ter\u00a0\u00bb des actions dans les prochains jours<\/p>\n<p>Lors d&rsquo;une mobilisation \u00e0 l&rsquo;appel de la Coordination rurale et de la Conf\u00e9d\u00e9ration paysanne, des agriculteurs ont d\u00e9vers\u00e9 du foin, des pneus et du fumier devant la pr\u00e9fecture de Tours<\/p>\n<p>\u00ab\u00a0Cette action, premi\u00e8rement, vient en soutien des r\u00e9gions qui sont touch\u00e9s par la maladie\u00a0\u00bb, car \u00ab\u00a0pour nous, il est intol\u00e9rable d&rsquo;abattre des troupeaux d&rsquo;animaux qui sont sains\u00a0\u00bb, avance Christophe Girault, pr\u00e9sident de la Coordination rurale 37 (Indre-et-Loire), \u00e0 BFMTV.<\/p>\n<p>Le pr\u00e9sident de la section locale du syndicat agricole appelle \u00e0 \u00ab\u00a0changer le protocole sanitaire\u00a0\u00bb, pour mettre fin \u00e0 \u00ab\u00a0l&rsquo;abattage total\u00a0\u00bb et recevoir \u00ab\u00a0une vaccination pour tout le cheptel fran\u00e7ais\u00a0\u00bb.<\/p>\n<blockquote class=\"embed embed_quote\"><p>\u00ab\u00a0Jusqu&rsquo;\u00e0 No\u00ebl, je ne sais pas\u00a0\u00bb, mais \u00ab\u00a0on va s\u00fbrement r\u00e9p\u00e9ter des \u00e9ch\u00e9ances comme aujourd&rsquo;hui, parce qu&rsquo;il y a un ras-le-bol qui est \u00e9norme\u00a0\u00bb, affirme Christophe Girault.<\/p><\/blockquote>\n<p>Hier \u00e0 15h32<\/p>\n<p>Blocage de l&rsquo;A64: un camion-pizza vient soutenir les agriculteurs mobilis\u00e9s \u00ab\u00a0par solidarit\u00e9\u00a0\u00bb<\/p>\n<p>Alors qu&rsquo;une centaine d&rsquo;agriculteurs bloquent l&rsquo;A64 \u00e0 hauteur de Carbonne, au sud de Toulouse, des habitants des environs viennent apporter leur aide.<\/p>\n<p>G\u00e9rants d&rsquo;un camion-pizzeria dans un village voisin, Adrien et Camille sont venus servir des pizzas aux agriculteurs mobilis\u00e9s \u00ab\u00a0par solidarit\u00e9, pour que les agriculteurs ne se sentent pas seuls, qu&rsquo;ils voient qu&rsquo;on est tous avec eux\u00a0\u00bb, explique le premier.<\/p>\n<blockquote class=\"embed embed_quote\"><p>\u00ab\u00a0\u00c7a concerne absolument tout le monde, et d&rsquo;ailleurs directement les Fran\u00e7ais dans l&rsquo;assiette\u00a0\u00bb, souligne le g\u00e9rant. \u00ab\u00a0Tout le monde apporte son aide \u00e0 sa mani\u00e8re parce qu&rsquo;ici on a tous un proche directement li\u00e9 \u00e0 l&rsquo;agriculture\u00a0\u00bb, assure-t-il.<\/p><\/blockquote>\n<p>Hier \u00e0 14h49<\/p>\n<p>La ministre de l&rsquo;Agriculture assure que \u00ab\u00a0la situation est sous contr\u00f4le\u00a0\u00bb<\/p>\n<p>Invit\u00e9e sur France 2 ce lundi matin, la ministre de l&rsquo;Agriculture a d\u00e9fendu sa gestion de la DNC et a tent\u00e9 de rassurer les agriculteurs.<\/p>\n<blockquote class=\"embed embed_quote\"><p>\u00ab\u00a0Bien s\u00fbr qu&rsquo;il y a de l&rsquo;angoisse, parce que chacun s&rsquo;imagine que le virus est \u00e0 la porte de son b\u00e2timent d&rsquo;\u00e9levage. Mais la situation est sous contr\u00f4le, nous avons &#8211; France enti\u00e8re &#8211; deux situations d&rsquo;exploitations touch\u00e9es par le virus\u00a0\u00bb, a affirm\u00e9 Annie Genevard.<\/p><\/blockquote>\n<p>Annie Genevard a par ailleurs assur\u00e9 que \u00ab\u00a0la discussion [\u00e9tait] ouverte\u00a0\u00bb. \u00ab\u00a0Les \u00e9leveurs font des propositions s\u00e9rieuses et r\u00e9fl\u00e9chies. Nous allons \u00e9couter, regarder, concerter\u00a0\u00bb, a promis la ministre.<\/p>\n<p>&gt;&gt;&gt; <a href=\"https:\/\/www.bfmtv.com\/economie\/entreprises\/agriculture\/la-situation-est-sous-controle-alors-que-la-colere-des-eleveurs-monte-la-ministre-de-l-agriculture-defend-sa-strategie-de-lutte-contre-la-dermatose-nodulaire_AV-202512150243.html\" title=\"&quot;La situation est sous contr\u00f4le&quot;: face \u00e0 la col\u00e8re des \u00e9leveurs, la ministre de l&#039;Agriculture d\u00e9fend sa strat\u00e9gie de lutte contre la dermatose nodulaire\" class=\"internal_link\" target=\"_blank\" rel=\"noopener\">Lire l&rsquo;article<\/a> en int\u00e9gralit\u00e9<\/p>\n<p>Hier \u00e0 14h41<\/p>\n<p>La fili\u00e8re de la viande bovine affirme son soutien \u00e0 la strat\u00e9gie du gouvernement<\/p>\n<p>Culture Viande, qui regroupe syndicats et entreprises sp\u00e9cialis\u00e9es dans l&rsquo;abattage et la d\u00e9coupe, a affirm\u00e9 lundi \u00ab\u00a0avec force\u00a0\u00bb son soutien \u00e0 la strat\u00e9gie en vigueur contre la DNC, dans un communiqu\u00e9.<\/p>\n<p>Les mesures en vigueur \u00ab\u00a0constituent \u00e0 ce stade le seul dispositif permettant d&rsquo;assurer une protection sanitaire efficace et de pr\u00e9server le statut indemne de la France\u00a0\u00bb, indique l&rsquo;organisation.<\/p>\n<p>\u00ab\u00a0Toute inflexion de cette strat\u00e9gie, notamment au profit d&rsquo;une vaccination g\u00e9n\u00e9ralis\u00e9e sur l&rsquo;ensemble du territoire, repr\u00e9senterait un affaiblissement majeur du dispositif sanitaire national\u00a0\u00bb, estime-t-elle.<\/p>\n<p>&gt;&gt;&gt; <a href=\"https:\/\/www.bfmtv.com\/economie\/entreprises\/agriculture\/toute-inflexion-representerait-un-affaiblissement-majeur-la-filiere-bovine-soutient-la-strategie-du-gouvernement-contre-la-dermatose-nodulaire-contagieuse_AD-202512150571.html\" title=\"&quot;Toute inflexion repr\u00e9senterait un affaiblissement majeur&quot;: la fili\u00e8re bovine soutient la strat\u00e9gie du gouvernement contre la dermatose nodulaire contagieuse\" class=\"internal_link\" target=\"_blank\" rel=\"noopener\">Lire l&rsquo;article<\/a> en int\u00e9gralit\u00e9<\/p>\n<p>Hier \u00e0 13h58<\/p>\n<p>113 foyers d\u00e9tect\u00e9s et 3.300 bovins abattus depuis le mois de juin<\/p>\n<p>\u00c0 date du 15 d\u00e9cembre 2025, 113 foyers de DNC ont \u00e9t\u00e9 d\u00e9tect\u00e9s dans 80 \u00e9levages en France m\u00e9tropolitaine depuis l&rsquo;apparition de la maladie virale au d\u00e9but de l&rsquo;\u00e9t\u00e9, selon le minist\u00e8re de l&rsquo;Agriculture.<\/p>\n<p>Ces foyers ont \u00e9t\u00e9 d\u00e9tect\u00e9s dans 11 d\u00e9partements diff\u00e9rents, dont six d\u00e9partements o\u00f9 n&rsquo;a \u00e9t\u00e9 identifi\u00e9 qu&rsquo;un seul foyer: la Savoie (32 foyers), la Haute-Savoie (44), l&rsquo;Ain (3), le Rh\u00f4ne (1), le Jura (7), les Pyr\u00e9n\u00e9es-Orientales (21), le Doubs (1), l&rsquo;Ari\u00e8ge (1), les Hautes-Pyr\u00e9n\u00e9es (1), la Haute-Garonne (1) et l&rsquo;Aude (1).<\/p>\n<p>Ces foyers sont \u00ab\u00a0tous \u00e9teint ou en cours de l&rsquo;\u00eatre\u00a0\u00bb, a indiqu\u00e9 le minist\u00e8re de l&rsquo;Agriculture, pr\u00e9cisant que 3.300 bovins ont \u00e9t\u00e9 abattus depuis l&rsquo;arriv\u00e9e de la DNC sur le sol fran\u00e7ais, soit \u00ab\u00a00,02% du cheptel fran\u00e7ais\u00a0\u00bb.<\/p>\n<p>Hier \u00e0 13h46<\/p>\n<p>Un nouveau cas de DNC dans l&rsquo;Aude, le troupeau a \u00e9t\u00e9 abattu<\/p>\n<p>Un nouveau cas de DNC a \u00e9t\u00e9 d\u00e9couvert au sein d&rsquo;un \u00e9levage de Pomas, dans l&rsquo;Aude, a annonc\u00e9 lundi la pr\u00e9fecture locale. Il s&rsquo;agit du premier foyer identifi\u00e9 dans ce d\u00e9partement d&rsquo;Occitanie.<\/p>\n<blockquote class=\"embed embed_quote\"><p>\u00ab\u00a0D\u00e8s confirmation de la maladie ce dimanche, l&rsquo;unit\u00e9 \u00e9pid\u00e9miologique infect\u00e9e, compos\u00e9e de dix bovins, a d\u00fb \u00eatre abattue\u00a0\u00bb, a pr\u00e9cis\u00e9 la pr\u00e9fecture de l&rsquo;Aude.<\/p><\/blockquote>\n<p>Apr\u00e8s les Pyr\u00e9n\u00e9es-Orientales, l&rsquo;Ari\u00e8ge, les Hautes-Pyr\u00e9n\u00e9es et la Haute-Garonne, l&rsquo;Aude est le cinqui\u00e8me d\u00e9partement d&rsquo;Occitanie o\u00f9 un foyer est d\u00e9tect\u00e9.<\/p>\n<p>&gt;&gt; <a href=\"https:\/\/www.bfmtv.com\/economie\/entreprises\/agriculture\/un-nouveau-foyer-de-dermatose-nodulaire-contagieuse-detecte-dans-l-aude-le-troupeau-de-bovins-concerne-a-a-ete-abattu_AD-202512150504.html\" title=\"Un nouveau foyer de dermatose nodulaire contagieuse d\u00e9tect\u00e9 dans l&#039;Aude: le troupeau de bovins concern\u00e9 a \u00e9t\u00e9 abattu\" class=\"internal_link\" target=\"_blank\" rel=\"noopener\">Lire l&rsquo;article<\/a> en int\u00e9gralit\u00e9<\/p>\n<p>Hier \u00e0 13h28<\/p>\n<p>Des agriculteurs se mobilisent dans le Sud-Ouest contre la strat\u00e9gie sanitaire employ\u00e9e contre la DNC<\/p>\n<p>Bonjour \u00e0 tous et bienvenue dans ce direct consacr\u00e9 \u00e0 la dermatose nodulaire contagieuse (DNC).<\/p>\n<p>Dans le Sud-Ouest, des agriculteurs se mobilisent contre la strat\u00e9gie sanitaire d\u00e9ploy\u00e9e par l&rsquo;\u00c9tat contre la propagation de la maladie virale dans les troupeaux bovins, oppos\u00e9s \u00e0 l&rsquo;abattage de l&rsquo;ensemble du foyer lorsqu&rsquo;un cas y est d\u00e9tect\u00e9.<\/p>\n","protected":false},"excerpt":{"rendered":"Hier \u00e0 23h26 Plusieurs manifestations recens\u00e9es en France, la ministre de l&rsquo;Agriculture assure que \u00ab\u00a0la situation est sous&hellip;\n","protected":false},"author":2,"featured_media":601819,"comment_status":"","ping_status":"","sticky":false,"template":"","format":"standard","meta":{"footnotes":""},"categories":[1356],"tags":[58,59,1011,27,252,1364],"class_list":{"0":"post-601818","1":"post","2":"type-post","3":"status-publish","4":"format-standard","5":"has-post-thumbnail","7":"category-television","8":"tag-divertissement","9":"tag-entertainment","10":"tag-fr","11":"tag-france","12":"tag-television","13":"tag-tv"},"share_on_mastodon":{"url":"https:\/\/pubeurope.com\/@fr\/115726174600089127","error":""},"_links":{"self":[{"href":"https:\/\/www.europesays.com\/fr\/wp-json\/wp\/v2\/posts\/601818","targetHints":{"allow":["GET"]}}],"collection":[{"href":"https:\/\/www.europesays.com\/fr\/wp-json\/wp\/v2\/posts"}],"about":[{"href":"https:\/\/www.europesays.com\/fr\/wp-json\/wp\/v2\/types\/post"}],"author":[{"embeddable":true,"href":"https:\/\/www.europesays.com\/fr\/wp-json\/wp\/v2\/users\/2"}],"replies":[{"embeddable":true,"href":"https:\/\/www.europesays.com\/fr\/wp-json\/wp\/v2\/comments?post=601818"}],"version-history":[{"count":0,"href":"https:\/\/www.europesays.com\/fr\/wp-json\/wp\/v2\/posts\/601818\/revisions"}],"wp:featuredmedia":[{"embeddable":true,"href":"https:\/\/www.europesays.com\/fr\/wp-json\/wp\/v2\/media\/601819"}],"wp:attachment":[{"href":"https:\/\/www.europesays.com\/fr\/wp-json\/wp\/v2\/media?parent=601818"}],"wp:term":[{"taxonomy":"category","embeddable":true,"href":"https:\/\/www.europesays.com\/fr\/wp-json\/wp\/v2\/categories?post=601818"},{"taxonomy":"post_tag","embeddable":true,"href":"https:\/\/www.europesays.com\/fr\/wp-json\/wp\/v2\/tags?post=601818"}],"curies":[{"name":"wp","href":"https:\/\/api.w.org\/{rel}","templated":true}]}}