{"id":601823,"date":"2025-12-15T23:29:23","date_gmt":"2025-12-15T23:29:23","guid":{"rendered":"https:\/\/www.europesays.com\/fr\/601823\/"},"modified":"2025-12-15T23:29:23","modified_gmt":"2025-12-15T23:29:23","slug":"ce-sms-nest-pas-une-arnaque-il-faut-le-prendre-au-serieux","status":"publish","type":"post","link":"https:\/\/www.europesays.com\/fr\/601823\/","title":{"rendered":"ce SMS n\u2019est pas une arnaque, il faut le prendre au s\u00e9rieux"},"content":{"rendered":"<p>                    Par<br \/>\n        <strong><br \/>\n            <a href=\"https:\/\/actu.fr\/auteur\/briac-trebert\" title=\"Consulter tous les articles de Briac Tr\u00e9bert\" target=\"_blank\" rel=\"noopener\">Briac Tr\u00e9bert<\/a><br \/>\n                    <\/strong><\/p>\n<p>        Publi\u00e9 le<\/p>\n<p>            15 d\u00e9c. 2025 \u00e0 15h08        <\/p>\n<p>\u00ab\u00a0Attention : le virus de la <a href=\"https:\/\/actu.fr\/tag\/grippe\" target=\"_blank\" rel=\"noopener\">grippe<\/a> circule TR\u00c8S activement \u00bb. <a href=\"https:\/\/actu.fr\/tag\/securite-sociale\" target=\"_blank\" rel=\"noopener\">L\u2019Assurance maladie<\/a> adresse aux Fran\u00e7ais des SMS en ce mois de d\u00e9cembre 2025, alors que l\u2019\u00e9pid\u00e9mie de grippe touche la quasi-totalit\u00e9 de l\u2019Hexagone et pr\u00e9occupe pour sa potentielle s\u00e9v\u00e9rit\u00e9.\u00a0<\/p>\n<p class=\" wall-content\">Chaque ann\u00e9e, la grippe touche des millions de personnes en France et est responsable de milliers de formes graves de la maladie. Certaines conduisent m\u00eame au d\u00e9c\u00e8s.<\/p>\n<p>Une nouveaut\u00e9 de l\u2019Assurance maladie\u00a0<\/p>\n<p class=\" wall-content\">Des parents d\u2019<a href=\"https:\/\/actu.fr\/tag\/enfants\" target=\"_blank\" rel=\"noopener\">enfants<\/a> \u00e0 risque ont aussi re\u00e7u ces derniers jours des messages similaires\u00a0: \u00ab Assurance maladie : attention, le virus de la grippe circule TR\u00c8S activement, faites vite vacciner votre enfant pour le prot\u00e9ger et \u00e9viter des complications \u00bb.<\/p>\n<p class=\" wall-content\">Ces envois de SMS ne sont pas une arnaque, \u00e0 condition qu\u2019ils soient clairement identifi\u00e9s comme envoy\u00e9s par l\u2019Assurance.<\/p>\n<p class=\" wall-content\">Il s\u2019agit en r\u00e9alit\u00e9 d&rsquo;\u00a0\u00bbune nouveaut\u00e9 2025 en cas d\u2019\u00e9pid\u00e9mie de grippe\u00a0\u00bb, a expliqu\u00e9 \u00e0 l\u2019AFP la Caisse nationale de l\u2019Assurance maladie (Cnam). \u00ab L\u2019objectif des diff\u00e9rentes relances r\u00e9alis\u00e9es par l\u2019Assurance maladie est d\u2019\u00e9viter les oublis et de rappeler qu\u2019<strong>il est encore temps de se faire vacciner<\/strong> \u00bb, a-t-elle expliqu\u00e9.<\/p>\n<p class=\" wall-content\">Consultations en m\u00e9decine de ville, passages aux <a href=\"https:\/\/actu.fr\/tag\/urgences\" target=\"_blank\" rel=\"noopener\">urgences<\/a>, tests positifs : l\u2019\u00e9pid\u00e9mie de grippe saisonni\u00e8re a acc\u00e9l\u00e9r\u00e9 dans l\u2019Hexagone depuis le d\u00e9but du mois de d\u00e9cembre 2025, et presque toutes les r\u00e9gions sont touch\u00e9es \u2013 la Corse devrait suivre prochainement \u2013, d\u2019apr\u00e8s les derni\u00e8res donn\u00e9es de <a href=\"https:\/\/actu.fr\/tag\/sante\" target=\"_blank\" rel=\"noopener\">Sant\u00e9<\/a> publique France.<\/p>\n<p>Votre r\u00e9gion, votre actu !<\/p>\n<p>Recevez chaque jour les infos qui comptent pour vous.<\/p>\n<p>\t<a href=\"https:\/\/actu.fr\/newsletter\" class=\"ac-btn ac-btn--corner ac-btn--medium ac-btn--blue800\" target=\"_blank\" rel=\"noopener\">S&rsquo;incrire<\/a><\/p>\n<p class=\" wall-content\"><strong>Voir dans notre carte les d\u00e9partements les plus touch\u00e9s actuellement par la grippe :\u00a0<\/strong><\/p>\n<p class=\" wall-content\">\n<p class=\" wall-content\">Si la carte ne s\u2019affiche pas, <a href=\"https:\/\/datawrapper.dwcdn.net\/ZxPx6\/5\/\" target=\"_blank\" rel=\"noopener\">vous pouvez la retrouver ici<\/a>.<\/p>\n<p>Deux semaines pour d\u00e9velopper des anticorps apr\u00e8s la vaccination\u00a0<\/p>\n<p class=\" wall-content\">\u00c0 l\u2019approche des f\u00eates de <a href=\"https:\/\/actu.fr\/tag\/noel\" target=\"_blank\" rel=\"noopener\">No\u00ebl<\/a>, la ministre de la Sant\u00e9, St\u00e9phanie Rist, a d\u2019ailleurs appel\u00e9 jeudi 11 d\u00e9cembre 2025 \u00ab \u00e0 la mobilisation de tous \u00bb. \u00ab La grippe n\u2019est pas une fatalit\u00e9 :<strong> se vacciner, c\u2019est se prot\u00e9ger<\/strong>, mais aussi prot\u00e9ger nos proches les plus fragiles \u00bb, et \u00ab pr\u00e9server notre syst\u00e8me de sant\u00e9 \u00bb, a insist\u00e9 la ministre. Il faut environ deux semaines pour d\u00e9velopper des anticorps apr\u00e8s l\u2019injection du vaccin.<\/p>\n<p class=\" wall-content\">La vaccination demeure la meilleure d\u00e9fense contre les formes graves de grippe, surtout pour les plus vuln\u00e9rables (plus de 65 ans, femmes enceintes, personnes immunod\u00e9prim\u00e9es ou avec des maladies chroniques), mart\u00e8lent les autorit\u00e9s sanitaires. Et les gestes barri\u00e8res (masques, a\u00e9ration, \u00e9vitement du contact avec les personnes fragiles) restent recommand\u00e9s.<\/p>\n<blockquote class=\"ac-article-quote wall-content\">\n<p>La vaccination contre la grippe saisonni\u00e8re est recommand\u00e9e chaque ann\u00e9e pour les personnes \u00e2g\u00e9es de 65 ans et plus, les personnes pr\u00e9sentant des maladies chroniques, les femmes enceintes, les personnes ob\u00e8ses, et certains professionnels, dont les professionnels de sant\u00e9. La vaccination est \u00e9galement ouverte aux enfants de 2 \u00e0 17 ans et plus.<br \/>\nLa pr\u00e9vention de la grippe repose sur la vaccination, mais \u00e9galement sur le respect des mesures barri\u00e8res : hygi\u00e8ne des mains, port d&rsquo;un masque, isolement des personnes malades.\n<\/p>\n<p>    <strong>Sant\u00e9 publique France<\/strong>\n            <\/p><\/blockquote>\n<p>Une \u00e9pid\u00e9mie plus pr\u00e9coce que les saisons pr\u00e9c\u00e9dentes\u00a0<\/p>\n<p class=\" wall-content\">L\u2019\u00e9pid\u00e9mie de grippe, plus pr\u00e9coce que les saisons pr\u00e9c\u00e9dentes, est port\u00e9e jusqu\u2019ici principalement par des virus de type A (H1N1 et H3N2). Plusieurs sp\u00e9cialistes craignent une \u00e9pid\u00e9mie s\u00e9rieuse, <a href=\"https:\/\/actu.fr\/societe\/l-epidemie-de-grippe-gagne-du-terrain-poussee-par-le-sous-clade-k-ce-que-l-on-sait-de-ce-variant_63562956.html\" target=\"_blank\" rel=\"noopener\">notamment sous l\u2019effet d\u2019un sous-variant de H3N2 appel\u00e9 \u00ab K \u00bb<\/a>.<\/p>\n<p class=\" wall-content\">Mais, quelle que soit la souche du virus de la grippe en circulation, la transmission suit toujours le m\u00eame processus. Une personne contamin\u00e9e est tr\u00e8s contagieuse. L\u2019\u00e9pid\u00e9mie de grippe se propage rapidement \u00e0 travers les gouttelettes de salive porteuses du virus et \u00e9mises dans l\u2019air lorsque les personnes parlent, toussent ou \u00e9ternuent. Des millions de virus de la grippe se retrouvent alors dans l\u2019air, avant d\u2019\u00eatre inhal\u00e9s par d\u2019autres personnes qui seront contamin\u00e9es \u00e0 leur tour et deviendront elles-m\u00eames contagieuses.<\/p>\n<p class=\" wall-content\">La contamination peut \u00e9galement se faire par le biais des mains et d\u2019objets souill\u00e9s par des gouttelettes de salive. D\u2019o\u00f9 <strong>l\u2019int\u00e9r\u00eat des gestes barri\u00e8res<\/strong>.<\/p>\n<p>Quels sont les sympt\u00f4mes ?\u00a0<\/p>\n<p class=\" wall-content\">Habituellement, la grippe appara\u00eet brutalement sous la forme d\u2019une forte fi\u00e8vre, de courbatures, de maux de t\u00eate, de fatigue intense, d\u2019un malaise g\u00e9n\u00e9ral et de sympt\u00f4mes respiratoires : toux s\u00e8che, nez qui coule. <strong>La maladie dure environ une semaine<\/strong>, mais une fatigue est fr\u00e9quemment ressentie pendant les trois ou quatre semaines suivantes. Une toux s\u00e8che peut persister durant deux semaines.<\/p>\n<p class=\" wall-content\">La grippe est souvent consid\u00e9r\u00e9e comme une maladie peu dangereuse, ce qui est le plus souvent le cas lorsqu\u2019elle survient chez des sujets jeunes en parfaite sant\u00e9.<\/p>\n<p class=\" wall-content\">Mais <strong>la grippe peut aussi \u00eatre grave, voire mortelle<\/strong>, en particulier chez les personnes fragiles. Des complications peuvent alors appara\u00eetre, li\u00e9es au virus lui-m\u00eame (pneumonie virale, myocardite\u2026), \u00e0 une surinfection telle qu\u2019une infection pulmonaire grave (ou pneumonie) ou \u00e0 l\u2019aggravation d\u2019une maladie chronique d\u00e9j\u00e0 existante (diab\u00e8te, bronchopneumopathie chronique obstructive, insuffisance cardiaque, maladie r\u00e9nale chronique, mucoviscidose, etc.)<\/p>\n<p class=\" wall-content\">Le traitement de la grippe associe le repos, la r\u00e9hydratation, et la prise de m\u00e9dicaments contre la fi\u00e8vre et les douleurs (antipyr\u00e9tiques).<\/p>\n<p class=\" wall-content\"><strong>Avec AFP<\/strong><\/p>\n<p class=\" wall-content\">Personnalisez votre actualit\u00e9 en ajoutant vos villes et m\u00e9dias en favori avec <a href=\"https:\/\/moncompte.actu.fr\" title=\"D\u00e9couvez Mon Actu\" rel=\"nofollow noopener\" data-trk=\"{&quot;cta&quot;:{&quot;action&quot;:&quot;https:\\\/\\\/moncompte.actu.fr&quot;,&quot;category&quot;:&quot;mon compte&quot;,&quot;from&quot;:&quot;article footer&quot;,&quot;name&quot;:&quot;Mon actu&quot;,&quot;type&quot;:&quot;cta&quot;}}\" target=\"_blank\">Mon Actu<\/a>.<\/p>\n","protected":false},"excerpt":{"rendered":"Par Briac Tr\u00e9bert Publi\u00e9 le 15 d\u00e9c. 2025 \u00e0 15h08 \u00ab\u00a0Attention : le virus de la grippe circule&hellip;\n","protected":false},"author":2,"featured_media":601824,"comment_status":"","ping_status":"","sticky":false,"template":"","format":"standard","meta":{"footnotes":""},"categories":[10],"tags":[1011,27,29786,72,71,104],"class_list":{"0":"post-601823","1":"post","2":"type-post","3":"status-publish","4":"format-standard","5":"has-post-thumbnail","7":"category-sante","8":"tag-fr","9":"tag-france","10":"tag-grippe","11":"tag-health","12":"tag-sante","13":"tag-societe"},"share_on_mastodon":{"url":"https:\/\/pubeurope.com\/@fr\/115726186271507106","error":""},"_links":{"self":[{"href":"https:\/\/www.europesays.com\/fr\/wp-json\/wp\/v2\/posts\/601823","targetHints":{"allow":["GET"]}}],"collection":[{"href":"https:\/\/www.europesays.com\/fr\/wp-json\/wp\/v2\/posts"}],"about":[{"href":"https:\/\/www.europesays.com\/fr\/wp-json\/wp\/v2\/types\/post"}],"author":[{"embeddable":true,"href":"https:\/\/www.europesays.com\/fr\/wp-json\/wp\/v2\/users\/2"}],"replies":[{"embeddable":true,"href":"https:\/\/www.europesays.com\/fr\/wp-json\/wp\/v2\/comments?post=601823"}],"version-history":[{"count":0,"href":"https:\/\/www.europesays.com\/fr\/wp-json\/wp\/v2\/posts\/601823\/revisions"}],"wp:featuredmedia":[{"embeddable":true,"href":"https:\/\/www.europesays.com\/fr\/wp-json\/wp\/v2\/media\/601824"}],"wp:attachment":[{"href":"https:\/\/www.europesays.com\/fr\/wp-json\/wp\/v2\/media?parent=601823"}],"wp:term":[{"taxonomy":"category","embeddable":true,"href":"https:\/\/www.europesays.com\/fr\/wp-json\/wp\/v2\/categories?post=601823"},{"taxonomy":"post_tag","embeddable":true,"href":"https:\/\/www.europesays.com\/fr\/wp-json\/wp\/v2\/tags?post=601823"}],"curies":[{"name":"wp","href":"https:\/\/api.w.org\/{rel}","templated":true}]}}