{"id":601833,"date":"2025-12-15T23:35:14","date_gmt":"2025-12-15T23:35:14","guid":{"rendered":"https:\/\/www.europesays.com\/fr\/601833\/"},"modified":"2025-12-15T23:35:14","modified_gmt":"2025-12-15T23:35:14","slug":"en-direct-attentat-en-australie-lattaque-semble-motivee-par-lideologie-de-letat-islamique-affirme-le-premier-ministre-anthony-albanese-le-monde-fr","status":"publish","type":"post","link":"https:\/\/www.europesays.com\/fr\/601833\/","title":{"rendered":"EN DIRECT, attentat en Australie : l\u2019attaque semble \u00ab motiv\u00e9e par l\u2019id\u00e9ologie de l\u2019Etat islamique \u00bb, affirme le premier ministre Anthony Albanese &#8211; Le Monde.fr"},"content":{"rendered":"<ol>\n<li><a href=\"https:\/\/news.google.com\/rss\/articles\/CBMisgJBVV95cUxOWVVDT1RhWEh6S29mRkdxR1BoZ0FBekJYdEdiS3hFdlhybTJ5emI3d1RNYjJXRkNTTFd0NlgwUkxWN2dHRHB0aDZueEprbWU3S1FOWUdwNWNGWDNJbERDVENHdGNJYVNqRzZ2aHlGRlgtNmlnYVVudF85Z1lEX05zbXRvNEVzTmFQc2NqeUtBeWlrZFhRbmdBUHF4Q21VcW1Teldsc2s1TnpwSWFudDNXRTE5QnJvQ2szU2w3N1pNeU5tZVpvRTVVZTFxQVRyWjl6Z1RjZEFaaUgtajNCZ1d1SUdNbHlXYlJFaXNldmp2WGlFNm9qZlp3YXk3MndzMzlYS0JzYTRNRUVmWE9KZXpuQjZoZXEta09BQVROTkd2ckdOVlF5aGRFT0R4WElYMUlHS3c?oc=5\" target=\"_blank\" rel=\"noopener\">EN DIRECT, attentat en Australie : l\u2019attaque semble \u00ab motiv\u00e9e par l\u2019id\u00e9ologie de l\u2019Etat islamique \u00bb, affirme le premier ministre Anthony Albanese<\/a>&nbsp;&nbsp;Le Monde.fr<\/li>\n<li><a href=\"https:\/\/news.google.com\/rss\/articles\/CBMi5wFBVV95cUxONFF0MU1fWFpRRGpmckVBYzJEM1AyWXRMeVhCQ1BTejR3SkNqWGZzSVR0SVhYNXFjZGQ3XzdLMmgxdFl2SGNfZ01yQjh4d19IaHd6dFY2aF9QZHZmdDlubGlfRmxabk5BZ3VtWktKRDVHVEdBQXh6SUVycWtNSXhvVDhwWU5zVjFLUmw3NzVOUzVEZEpPSnF1d3hod2hRQ3JRVHc2eVN4N0wwWXd0aS0xaDVBbHdQWkNLQWhkYktmS0d2ZHhtYzVLMlkyd1pTRzBhLW05bjVmaGVhSWQ5Ykx6cHZNNzhJLUE?oc=5\" target=\"_blank\" rel=\"noopener\">Netanyahu a trouv\u00e9 le responsable de l\u2019attaque en Australie et il le cible sans m\u00e9nagement<\/a>&nbsp;&nbsp;Le HuffPost<\/li>\n<li><a href=\"https:\/\/news.google.com\/rss\/articles\/CBMixgFBVV95cUxQejNjT2U2c2JIYWlNOHZrNnpHYjFuSlVXOWFSUXQtS25jWUo4QWNUNGl0MjFlcG1RWHhEYXVTeUlEZ3MtaHpRUlZ6TzFxeGtBQURaTDZCTUJvQVpJdWdZNHJSYVpqVk9HSG4tUk9XR3BTeUZoczFhd201Q3o1SGFYY2JieXMtYlM1MTRPemxxU3owbjlieC0tMmJ4UnRKcEFXNmVyYVNnTXRkUXVvaFFvaVhCUldscS1ncmtzOG9BZE5KX2VOR0E?oc=5\" target=\"_blank\" rel=\"noopener\">Attentat \u00e0 Sydney : qui est Ahmed al-Ahmed, le h\u00e9ros qui a d\u00e9sarm\u00e9 l\u2019un des tireurs ?<\/a>&nbsp;&nbsp;Le Figaro<\/li>\n<li><a href=\"https:\/\/news.google.com\/rss\/articles\/CBMinAJBVV95cUxPQmptV05YU2d5clhaZXZVZk5pWVBwamZ3b1JRRFQxUDMwMXNtUnVxT2I0ejlYRTZEdmVZdFlmZ1VSVUQ2VGFFanZqRVFEc2ZTcHlULTg3OW9fREhKc19nUXBKSjdlMjJHV0labzdYdTRMTm1PWDEtX3kxU3ZWelJieVljaWpyTmN0NFVvSmpHVFVzblRtSkZvQzRwZkF2UUw5RlN5MU81ZXRiNGJnTGVxVk1CazhrV2RzYjJjaUE2dnNYYUZ1OENUN3RHV09palE0dnNjQzBiSXJEektKcnRJY1BLTzVxR0dGM29uM0ZzSGZnS3hMQ1luV3JIeHdKcEwtU05oRHJhbUdDVXc5WG9TbjRUNXVWSTYzQi1Ndg?oc=5\" target=\"_blank\" rel=\"noopener\">\u00ab Il repr\u00e9sentait les juifs de banlieue et la mixit\u00e9 \u00bb : Dan Elkayam, une \u00ab lumi\u00e8re \u00bb \u00e9teinte par les terroristes \u00e0 Sydney<\/a>&nbsp;&nbsp;Le Parisien<\/li>\n<li><a href=\"https:\/\/news.google.com\/rss\/articles\/CBMihANBVV95cUxOaEdDSng5T3ZfX21fanBzMVNDNVJ1U2tmNVdyblNjal9XX3RqRFFENV9ORllXUWJ3cGpzSVp5dUNiWjY1M0pZY281SWRHVk5QLWJMVGowUnp3RkQ5S0FQZThVbWw4TDJMQWxZODlaVlM1bEtoWS1MOGxYbVR6cUR3MllCRS1aWlVZVzdKXzVpaHZEaDRmMW1iMmxFSVlfNURicE1saWo3Vm1DSFNYYU1yNDRmMjNtQkloaHFDMU96UGwzOUxrMHRWeTFna3Ata0s5SU9zRFl0TjdYWThCUUFueTh3SnBxWFJKRTFBWDVtZ2tWZ0hjTXcycC1ic3NLUndRY0NFYmwwcDh1bjdNZ1hfajQxc3BCaDJyWjdYNnd6TkFtY3ZfZUhva0EzSkk5OU1ma1k2SG5zVG51eldrUjAwOU1vdVVCWU1mdk9hVGNHTlVyaVZGQmZHUlNWRWNDSjNCNTFyejFQNWFsbHE1RW9HOExtZXZGNHRXNXRTUm9Vd2lFRHN4?oc=5\" target=\"_blank\" rel=\"noopener\">Attentat antis\u00e9mite en Australie : \u00ab\u00a0Je suis extr\u00eamement choqu\u00e9 qu&rsquo;un civil ait eu le courage d&rsquo;intervenir\u00a0\u00bb, t\u00e9moigne le Fran\u00e7ais qui a film\u00e9 l&rsquo;homme qui a d\u00e9sarm\u00e9 un terroriste<\/a>&nbsp;&nbsp;Franceinfo<\/li>\n<\/ol>\n","protected":false},"excerpt":{"rendered":"EN DIRECT, attentat en Australie : l\u2019attaque semble \u00ab motiv\u00e9e par l\u2019id\u00e9ologie de l\u2019Etat islamique \u00bb, affirme le&hellip;\n","protected":false},"author":2,"featured_media":601834,"comment_status":"","ping_status":"","sticky":false,"template":"","format":"standard","meta":{"footnotes":""},"categories":[5],"tags":[11,1011,27,14,12,28],"class_list":{"0":"post-601833","1":"post","2":"type-post","3":"status-publish","4":"format-standard","5":"has-post-thumbnail","7":"category-international","8":"tag-actualites","9":"tag-fr","10":"tag-france","11":"tag-international","12":"tag-news","13":"tag-world"},"share_on_mastodon":{"url":"https:\/\/pubeurope.com\/@fr\/115726210033802471","error":""},"_links":{"self":[{"href":"https:\/\/www.europesays.com\/fr\/wp-json\/wp\/v2\/posts\/601833","targetHints":{"allow":["GET"]}}],"collection":[{"href":"https:\/\/www.europesays.com\/fr\/wp-json\/wp\/v2\/posts"}],"about":[{"href":"https:\/\/www.europesays.com\/fr\/wp-json\/wp\/v2\/types\/post"}],"author":[{"embeddable":true,"href":"https:\/\/www.europesays.com\/fr\/wp-json\/wp\/v2\/users\/2"}],"replies":[{"embeddable":true,"href":"https:\/\/www.europesays.com\/fr\/wp-json\/wp\/v2\/comments?post=601833"}],"version-history":[{"count":0,"href":"https:\/\/www.europesays.com\/fr\/wp-json\/wp\/v2\/posts\/601833\/revisions"}],"wp:featuredmedia":[{"embeddable":true,"href":"https:\/\/www.europesays.com\/fr\/wp-json\/wp\/v2\/media\/601834"}],"wp:attachment":[{"href":"https:\/\/www.europesays.com\/fr\/wp-json\/wp\/v2\/media?parent=601833"}],"wp:term":[{"taxonomy":"category","embeddable":true,"href":"https:\/\/www.europesays.com\/fr\/wp-json\/wp\/v2\/categories?post=601833"},{"taxonomy":"post_tag","embeddable":true,"href":"https:\/\/www.europesays.com\/fr\/wp-json\/wp\/v2\/tags?post=601833"}],"curies":[{"name":"wp","href":"https:\/\/api.w.org\/{rel}","templated":true}]}}