{"id":601837,"date":"2025-12-15T23:37:26","date_gmt":"2025-12-15T23:37:26","guid":{"rendered":"https:\/\/www.europesays.com\/fr\/601837\/"},"modified":"2025-12-15T23:37:26","modified_gmt":"2025-12-15T23:37:26","slug":"un-commercant-dorigine-syrienne-heros-de-laustralie-endeuillee-liberation","status":"publish","type":"post","link":"https:\/\/www.europesays.com\/fr\/601837\/","title":{"rendered":"un commer\u00e7ant d\u2019origine syrienne, h\u00e9ros de l\u2019Australie endeuill\u00e9e \u2013 Lib\u00e9ration"},"content":{"rendered":"<p class=\"sc-cPiKLX AiZTS text-element\">Au lendemain de <a href=\"https:\/\/www.liberation.fr\/international\/asie-pacifique\/a-sydney-chaos-et-choc-apres-un-attentat-visant-la-communaute-juive-le-jour-de-hanoukka-20251214_H2EMEHZZC5AEXP435R3K6SW2NA\/\" target=\"_blank\" rel=\"noopener\" title=\"https:\/\/www.liberation.fr\/international\/asie-pacifique\/a-sydney-chaos-et-choc-apres-un-attentat-visant-la-communaute-juive-le-jour-de-hanoukka-20251214_H2EMEHZZC5AEXP435R3K6SW2NA\/\">l\u2019attentat antis\u00e9mite de la plage de Bondi, \u00e0 Sydney,<\/a> remerciements et hommages continuent de d\u00e9ferler sur Ahmed al-Ahmed, un buraliste d\u2019origine syrienne de 44 ans. Par ses proches, bien s\u00fbr, mais aussi par des Australiens anonymes qui viennent devant l\u2019h\u00f4pital Saint-Joseph o\u00f9 il est toujours hospitalis\u00e9 dans un \u00e9tat s\u00e9rieux mais stable. Plusieurs responsables politiques, jusqu\u2019au pr\u00e9sident am\u00e9ricain Donald Trump, ont \u00e9galement salu\u00e9 son courage.<\/p>\n<p class=\"sc-cPiKLX AiZTS text-element\">C\u2019est Ahmed al-Ahmed que l\u2019on voit sur une vid\u00e9o prise durant l\u2019attentat et devenue virale. Dos courb\u00e9, il avance masqu\u00e9 par une voiture, se pr\u00e9cipite sur l\u2019un des deux terroristes, l\u2019attrape au niveau du cou, le plaque et lui arrache son fusil. Il retourne l\u2019arme et menace l\u2019assaillant qui tombe, recule derri\u00e8re un palmier et s\u2019enfuit. La sc\u00e8ne dure 20 secondes. Juste apr\u00e8s avoir fait reculer le premier assaillant, il est cibl\u00e9 par le deuxi\u00e8me et re\u00e7oit plusieurs balles \u00e0 la main et au bras.<\/p>\n<p class=\"sc-cPiKLX AiZTS text-element\">\u00abCe que nous avons vu au cours des derni\u00e8res 24 heures \u00e9tait le pire de l\u2019humanit\u00e9 dans un acte terroriste. Mais nous avons \u00e9ga<\/p>\n","protected":false},"excerpt":{"rendered":"Au lendemain de l\u2019attentat antis\u00e9mite de la plage de Bondi, \u00e0 Sydney, remerciements et hommages continuent de d\u00e9ferler&hellip;\n","protected":false},"author":2,"featured_media":601838,"comment_status":"","ping_status":"","sticky":false,"template":"","format":"standard","meta":{"footnotes":""},"categories":[2],"tags":[11,71441,5035,1011,27,12],"class_list":{"0":"post-601837","1":"post","2":"type-post","3":"status-publish","4":"format-standard","5":"has-post-thumbnail","7":"category-actualites","8":"tag-actualites","9":"tag-attentat-antisemite-sydney","10":"tag-australie","11":"tag-fr","12":"tag-france","13":"tag-news"},"share_on_mastodon":{"url":"https:\/\/pubeurope.com\/@fr\/115726217585887966","error":""},"_links":{"self":[{"href":"https:\/\/www.europesays.com\/fr\/wp-json\/wp\/v2\/posts\/601837","targetHints":{"allow":["GET"]}}],"collection":[{"href":"https:\/\/www.europesays.com\/fr\/wp-json\/wp\/v2\/posts"}],"about":[{"href":"https:\/\/www.europesays.com\/fr\/wp-json\/wp\/v2\/types\/post"}],"author":[{"embeddable":true,"href":"https:\/\/www.europesays.com\/fr\/wp-json\/wp\/v2\/users\/2"}],"replies":[{"embeddable":true,"href":"https:\/\/www.europesays.com\/fr\/wp-json\/wp\/v2\/comments?post=601837"}],"version-history":[{"count":0,"href":"https:\/\/www.europesays.com\/fr\/wp-json\/wp\/v2\/posts\/601837\/revisions"}],"wp:featuredmedia":[{"embeddable":true,"href":"https:\/\/www.europesays.com\/fr\/wp-json\/wp\/v2\/media\/601838"}],"wp:attachment":[{"href":"https:\/\/www.europesays.com\/fr\/wp-json\/wp\/v2\/media?parent=601837"}],"wp:term":[{"taxonomy":"category","embeddable":true,"href":"https:\/\/www.europesays.com\/fr\/wp-json\/wp\/v2\/categories?post=601837"},{"taxonomy":"post_tag","embeddable":true,"href":"https:\/\/www.europesays.com\/fr\/wp-json\/wp\/v2\/tags?post=601837"}],"curies":[{"name":"wp","href":"https:\/\/api.w.org\/{rel}","templated":true}]}}