{"id":601841,"date":"2025-12-15T23:40:14","date_gmt":"2025-12-15T23:40:14","guid":{"rendered":"https:\/\/www.europesays.com\/fr\/601841\/"},"modified":"2025-12-15T23:40:14","modified_gmt":"2025-12-15T23:40:14","slug":"mauvaise-nouvelle-pour-las-saint-etienne-2","status":"publish","type":"post","link":"https:\/\/www.europesays.com\/fr\/601841\/","title":{"rendered":"Mauvaise nouvelle pour l\u2019AS Saint-\u00c9tienne"},"content":{"rendered":"<p><strong>Boulogne a \u00e9t\u00e9 battu dans les<br \/>\nderni\u00e8res secondes de son match face \u00e0 Troyes (1-2) ce lundi soir.<br \/>\nL&rsquo;AS Saint-\u00c9tienne compte maintenant cinq points de retard sur<br \/>\nl&rsquo;Estac au classement.<\/strong><\/p>\n<p>Ce lundi soir, Boulogne-sur-Mer accueillait Troyes \u00e0 l\u2019occasion<br \/>\nde la 17e journ\u00e9e de Ligue 2, au stade de la Lib\u00e9ration. D\u00e8s la<br \/>\nneuvi\u00e8me minute de jeu, Antoine Mille ouvrait le score d\u2019une frappe<br \/>\nenroul\u00e9e du pied gauche (0-1).<\/p>\n<p>\u00c0 la 23e minute, un autre joueur de l\u2019Estac marquait, mais<br \/>\ncontre son camp. Effectivement, Adrien Monfray reprenait un centre<br \/>\nboulonnais \u00e0 ras de terre dans son propre but (0-2).<\/p>\n<blockquote class=\"twitter-tweet\"><p><a class=\"twitter-link\" rel=\"noindex, nofollow noopener\" href=\"https:\/\/twitter.com\/estac_officiel\/status\/2000655980179415222\" target=\"_blank\"><\/p><\/blockquote>\n<p>Le club nordiste obtenait un penalty en fin de match, ainsi que<br \/>\nl\u2019expulsion de Lucas Maronnier, mais Exauce Mpembele Boula voyait<br \/>\nsa tentative \u00eatre repouss\u00e9e en corner par Hillel Konat\u00e9 (85e).<br \/>\nC\u2019est finalement Renaud Ripart qui trouvait la faille, de<br \/>\nl\u2019ext\u00e9rieur du pied, dans les ultimes secondes du temps additionnel<br \/>\n(1-2, 90e+4).<\/p>\n<blockquote class=\"twitter-tweet\"><p><a class=\"twitter-link\" rel=\"noindex, nofollow noopener\" href=\"https:\/\/twitter.com\/estac_officiel\/status\/2000682399592591514\" target=\"_blank\"><\/p><\/blockquote>\n<p>Au classement, les hommes de St\u00e9phane Dumont conservent les<br \/>\ncommandes. Avec 35 points, ils devancent d\u00e9sormais l\u2019AS<br \/>\nSaint-\u00c9tienne de cinq longueurs. Samedi dernier, <a href=\"https:\/\/www.sports.fr\/football\/ligue-2\/asse-bastia-en-direct-974438.html\" target=\"_blank\" rel=\"noopener\"><br \/>\n<strong>les Verts avaient fait match nul<\/strong><\/a> (2-2), \u00e0<br \/>\nGeoffroy-Guichard, face \u00e0 Bastia.<\/p>\n<p><script async src=\"https:\/\/platform.twitter.com\/widgets.js\" charset=\"utf-8\"><\/script><\/p>\n","protected":false},"excerpt":{"rendered":"Boulogne a \u00e9t\u00e9 battu dans les derni\u00e8res secondes de son match face \u00e0 Troyes (1-2) ce lundi soir.&hellip;\n","protected":false},"author":2,"featured_media":601718,"comment_status":"","ping_status":"","sticky":false,"template":"","format":"standard","meta":{"footnotes":""},"categories":[9653],"tags":[1111,11,2430,1777,674,1011,27,12,25,4001,64755],"class_list":{"0":"post-601841","1":"post","2":"type-post","3":"status-publish","4":"format-standard","5":"has-post-thumbnail","7":"category-saint-etienne","8":"tag-actu","9":"tag-actualites","10":"tag-auvergne-rhone-alpes","11":"tag-eu","12":"tag-europe","13":"tag-fr","14":"tag-france","15":"tag-news","16":"tag-republique-francaise","17":"tag-saint-etienne","18":"tag-sports-fr"},"share_on_mastodon":{"url":"https:\/\/pubeurope.com\/@fr\/115726229420464832","error":""},"_links":{"self":[{"href":"https:\/\/www.europesays.com\/fr\/wp-json\/wp\/v2\/posts\/601841","targetHints":{"allow":["GET"]}}],"collection":[{"href":"https:\/\/www.europesays.com\/fr\/wp-json\/wp\/v2\/posts"}],"about":[{"href":"https:\/\/www.europesays.com\/fr\/wp-json\/wp\/v2\/types\/post"}],"author":[{"embeddable":true,"href":"https:\/\/www.europesays.com\/fr\/wp-json\/wp\/v2\/users\/2"}],"replies":[{"embeddable":true,"href":"https:\/\/www.europesays.com\/fr\/wp-json\/wp\/v2\/comments?post=601841"}],"version-history":[{"count":0,"href":"https:\/\/www.europesays.com\/fr\/wp-json\/wp\/v2\/posts\/601841\/revisions"}],"wp:featuredmedia":[{"embeddable":true,"href":"https:\/\/www.europesays.com\/fr\/wp-json\/wp\/v2\/media\/601718"}],"wp:attachment":[{"href":"https:\/\/www.europesays.com\/fr\/wp-json\/wp\/v2\/media?parent=601841"}],"wp:term":[{"taxonomy":"category","embeddable":true,"href":"https:\/\/www.europesays.com\/fr\/wp-json\/wp\/v2\/categories?post=601841"},{"taxonomy":"post_tag","embeddable":true,"href":"https:\/\/www.europesays.com\/fr\/wp-json\/wp\/v2\/tags?post=601841"}],"curies":[{"name":"wp","href":"https:\/\/api.w.org\/{rel}","templated":true}]}}