{"id":601844,"date":"2025-12-15T23:44:17","date_gmt":"2025-12-15T23:44:17","guid":{"rendered":"https:\/\/www.europesays.com\/fr\/601844\/"},"modified":"2025-12-15T23:44:17","modified_gmt":"2025-12-15T23:44:17","slug":"un-plafond-de-marbre-nancy-pelosi-doute-de-voir-de-son-vivant-une-femme-presidente-des-etats-unis","status":"publish","type":"post","link":"https:\/\/www.europesays.com\/fr\/601844\/","title":{"rendered":"\u00ab\u00a0Un plafond de marbre\u00a0\u00bb: Nancy Pelosi doute de voir de son vivant une femme pr\u00e9sidente des \u00c9tats-Unis"},"content":{"rendered":"<p class=\"mb-4 text-lg md:leading-8 break-words\">\u00ab\u00a0Je suis vieille!\u00a0\u00bb L&rsquo;ancienne pr\u00e9sidente de la Chambre des repr\u00e9sentants aux \u00c9tats-Unis pr\u00e9pare sa retraite. <a href=\"https:\/\/fr.news.yahoo.com\/jai-aim%C3%A9-porter-voix-nancy-153121483.html\" data-ylk=\"slk:Apr\u00e8s quatre d\u00e9cennies au Congr\u00e8s, Nancy Pelosi aura marqu\u00e9 l&#039;histoire politique am\u00e9ricaine.;elm:context_link;itc:0;sec:content-canvas;outcm:mb_qualified_link;_E:mb_qualified_link;ct:story;\" class=\"link  yahoo-link\" target=\"_blank\" rel=\"noopener\">Apr\u00e8s quatre d\u00e9cennies au Congr\u00e8s, Nancy Pelosi aura marqu\u00e9 l&rsquo;histoire politique am\u00e9ricaine.<\/a><\/p>\n<p class=\"mb-4 text-lg md:leading-8 break-words\">M\u00eame si le terme de son mandat actuel, en janvier 2027, approche et signera la fin de son parcours politique au Congr\u00e8s, la d\u00e9mocrate reste toujours aussi impliqu\u00e9e dans ses fonctions, notamment sur la question des droits des femmes. Elle s&rsquo;inqui\u00e8te de ne toujours pas avoir vu une pr\u00e9sidente des \u00c9tats-Unis.<\/p>\n<p class=\"mb-4 text-lg md:leading-8 break-words\">\u00ab\u00a0J&rsquo;ai toujours pens\u00e9 qu&rsquo;une femme deviendrait pr\u00e9sidente des \u00c9tats-Unis bien avant qu&rsquo;une femme ne devienne pr\u00e9sidente de la Chambre des r\u00e9pr\u00e9sentants\u00a0\u00bb, a-t-elle souffl\u00e9 d&rsquo;une interview accord\u00e9e \u00e0 <a href=\"https:\/\/eu.usatoday.com\/story\/news\/politics\/2025\/12\/14\/nancy-pelosi-trump-impeachment-woman-president\/87628948007\/\" rel=\"nofollow noopener\" target=\"_blank\" data-ylk=\"slk:USA TODAY;elm:context_link;itc:0;sec:content-canvas\" class=\"link \">USA TODAY<\/a>, ce dimanche 14 d\u00e9cembre 2025. \u00ab\u00a0Ce n&rsquo;est pas un plafond de verre, c&rsquo;est un plafond de marbre.\u00a0\u00bb<\/p>\n<p>Le probl\u00e8me Donald Trump<\/p>\n<p class=\"mb-4 text-lg md:leading-8 break-words\">Elle n&rsquo;est pas la premi\u00e8re femme influente \u00e0 prendre la parole sur ce sujet. En octobre 2025, <a href=\"https:\/\/fr.news.yahoo.com\/ne-comptez-%C3%AAtre-candidate-michelle-095616386.html\" data-ylk=\"slk:Michelle Obama jugeait que les Am\u00e9ricains n&#039;\u00e9taient &quot;pas pr\u00eats&quot; \u00e0 \u00e9lire une femme \u00e0 la pr\u00e9sidence;elm:context_link;itc:0;sec:content-canvas;outcm:mb_qualified_link;_E:mb_qualified_link;ct:story;\" class=\"link  yahoo-link\" target=\"_blank\" rel=\"noopener\">Michelle Obama jugeait que les Am\u00e9ricains n&rsquo;\u00e9taient \u00ab\u00a0pas pr\u00eats\u00a0\u00bb \u00e0 \u00e9lire une femme \u00e0 la pr\u00e9sidence<\/a>.<\/p>\n<p class=\"mb-4 text-lg md:leading-8 break-words\">Neuf ans apr\u00e8s <a href=\"https:\/\/www.bfmtv.com\/international\/amerique-nord\/etats-unis\/hillary-clinton_DN-202108310687.html\" rel=\"nofollow noopener\" target=\"_blank\" data-ylk=\"slk:la d\u00e9faite d&#039;Hillary Clinton en 2016;elm:context_link;itc:0;sec:content-canvas\" class=\"link \">la d\u00e9faite d&rsquo;Hillary Clinton en 2016<\/a> et un an apr\u00e8s celle de <a href=\"https:\/\/fr.news.yahoo.com\/nai-termin%C3%A9-kamala-harris-nexclut-182807962.html\" data-ylk=\"slk:Kamala Harris;elm:context_link;itc:0;sec:content-canvas;outcm:mb_qualified_link;_E:mb_qualified_link;ct:story;\" class=\"link  yahoo-link\" target=\"_blank\" rel=\"noopener\">Kamala Harris<\/a> en 2024, les faits semblent donner raison \u00e0 l&rsquo;ancienne Premi\u00e8re dame des \u00c9tats-Unis. Mais Nancy Pelosi se veut plus optimiste, m\u00eame si, \u00e0 85 ans, elle n&rsquo;est pas s\u00fbre de conna\u00eetre ce moment.<\/p>\n<p class=\"mb-4 text-lg md:leading-8 break-words\">\u00ab\u00a0Je pense que c&rsquo;est probable &#8211; peut-\u00eatre pas de mon vivant, mais dans la prochaine g\u00e9n\u00e9ration, il y aura une femme\u00a0\u00bb, a-t-elle assur\u00e9 sur USA TODAY.<\/p>\n<p class=\"mb-4 text-lg md:leading-8 break-words\">\u00ab\u00a0Le peuple am\u00e9ricain est certainement bien plus avanc\u00e9 que le Congr\u00e8s quant \u00e0 son acceptation ou son enthousiasme \u00e0 l&rsquo;id\u00e9e qu&rsquo;une femme puisse devenir pr\u00e9sidente des \u00c9tats-Unis\u00a0\u00bb, a-t-elle ajout\u00e9.<\/p>\n<p class=\"mb-4 text-lg md:leading-8 break-words\">Premi\u00e8re femme \u00e0 diriger la Chambre des repr\u00e9sentants en 2007, Nancy Pelosi s&rsquo;est \u00e9rig\u00e9e comme une fervente adversaire de <a href=\"https:\/\/fr.news.yahoo.com\/donald-trump-pr%C3%A9vient-%C3%A9tats-unis-215239954.html\" data-ylk=\"slk:Donald Trump;elm:context_link;itc:0;sec:content-canvas;outcm:mb_qualified_link;_E:mb_qualified_link;ct:story;\" class=\"link  yahoo-link\" target=\"_blank\" rel=\"noopener\">Donald Trump<\/a>, dont elle qualifie l&rsquo;administration de \u00ab\u00a0corrompue, incoh\u00e9rente, chaotique et cruelle\u00a0\u00bb.<\/p>\n<p class=\"mb-4 text-lg md:leading-8 break-words\">Dans son camp politique depuis toujours, l&rsquo;ancien pr\u00e9sident am\u00e9ricain, <a href=\"https:\/\/fr.news.yahoo.com\/remplacer-joe-biden-kamala-harris-104021939.html\" data-ylk=\"slk:Joe Biden;elm:context_link;itc:0;sec:content-canvas;outcm:mb_qualified_link;_E:mb_qualified_link;ct:story;\" class=\"link  yahoo-link\" target=\"_blank\" rel=\"noopener\">Joe Biden<\/a> a salu\u00e9 Pelosi comme \u00ab\u00a0meilleure pr\u00e9sidente de la Chambre des repr\u00e9sentants de l&rsquo;histoire am\u00e9ricaine\u00a0\u00bb. De son c\u00f4t\u00e9, Donald Trump n&rsquo;a pas \u00e9t\u00e9 tendre avec la native de Baltimore l&rsquo;a consid\u00e9rant comme \u00ab\u00a0une femme mal\u00e9fique\u00a0\u00bb qui \u00ab\u00a0a rendu un grand service au pays en prenant sa retraite\u00a0\u00bb.<\/p>\n<p class=\"mb-4 text-lg md:leading-8 break-words\"><a href=\"https:\/\/www.bfmtv.com\/international\/amerique-nord\/etats-unis\/un-plafond-de-marbre-nancy-pelosi-doute-de-voir-de-son-vivant-une-femme-presidente-des-etats-unis_AN-202512150656.html#xtor=AL-68\" rel=\"nofollow noopener\" target=\"_blank\" data-ylk=\"slk:Article original publi\u00e9 sur BFMTV.com;elm:context_link;itc:0;sec:content-canvas\" class=\"link \">Article original publi\u00e9 sur BFMTV.com<\/a><\/p>\n","protected":false},"excerpt":{"rendered":"\u00ab\u00a0Je suis vieille!\u00a0\u00bb L&rsquo;ancienne pr\u00e9sidente de la Chambre des repr\u00e9sentants aux \u00c9tats-Unis pr\u00e9pare sa retraite. Apr\u00e8s quatre d\u00e9cennies&hellip;\n","protected":false},"author":2,"featured_media":601845,"comment_status":"","ping_status":"","sticky":false,"template":"","format":"standard","meta":{"footnotes":""},"categories":[9635],"tags":[1111,11,63745,75,6121,73,1777,674,1011,27,775,1702,63733,12,71442,25],"class_list":{"0":"post-601844","1":"post","2":"type-post","3":"status-publish","4":"format-standard","5":"has-post-thumbnail","7":"category-nancy","8":"tag-actu","9":"tag-actualites","10":"tag-chambre-des-representants","11":"tag-donald-trump","12":"tag-droits-des-femmes","13":"tag-etats-unis","14":"tag-eu","15":"tag-europe","16":"tag-fr","17":"tag-france","18":"tag-grand-est","19":"tag-nancy","20":"tag-nancy-pelosi","21":"tag-news","22":"tag-plafond-de-verre","23":"tag-republique-francaise"},"share_on_mastodon":{"url":"https:\/\/pubeurope.com\/@fr\/115726245162632797","error":""},"_links":{"self":[{"href":"https:\/\/www.europesays.com\/fr\/wp-json\/wp\/v2\/posts\/601844","targetHints":{"allow":["GET"]}}],"collection":[{"href":"https:\/\/www.europesays.com\/fr\/wp-json\/wp\/v2\/posts"}],"about":[{"href":"https:\/\/www.europesays.com\/fr\/wp-json\/wp\/v2\/types\/post"}],"author":[{"embeddable":true,"href":"https:\/\/www.europesays.com\/fr\/wp-json\/wp\/v2\/users\/2"}],"replies":[{"embeddable":true,"href":"https:\/\/www.europesays.com\/fr\/wp-json\/wp\/v2\/comments?post=601844"}],"version-history":[{"count":0,"href":"https:\/\/www.europesays.com\/fr\/wp-json\/wp\/v2\/posts\/601844\/revisions"}],"wp:featuredmedia":[{"embeddable":true,"href":"https:\/\/www.europesays.com\/fr\/wp-json\/wp\/v2\/media\/601845"}],"wp:attachment":[{"href":"https:\/\/www.europesays.com\/fr\/wp-json\/wp\/v2\/media?parent=601844"}],"wp:term":[{"taxonomy":"category","embeddable":true,"href":"https:\/\/www.europesays.com\/fr\/wp-json\/wp\/v2\/categories?post=601844"},{"taxonomy":"post_tag","embeddable":true,"href":"https:\/\/www.europesays.com\/fr\/wp-json\/wp\/v2\/tags?post=601844"}],"curies":[{"name":"wp","href":"https:\/\/api.w.org\/{rel}","templated":true}]}}