{"id":601846,"date":"2025-12-15T23:47:13","date_gmt":"2025-12-15T23:47:13","guid":{"rendered":"https:\/\/www.europesays.com\/fr\/601846\/"},"modified":"2025-12-15T23:47:13","modified_gmt":"2025-12-15T23:47:13","slug":"toulon-cette-lumiere-en-vous-journal","status":"publish","type":"post","link":"https:\/\/www.europesays.com\/fr\/601846\/","title":{"rendered":"TOULON : \u00ab\u00a0Cette lumi\u00e8re en vous\u00a0\u00bb, journal"},"content":{"rendered":"<p style=\"text-align: left;\"><strong>Le mois de d\u00e9cembre a d\u00e9j\u00e0 bien commenc\u00e9, et peut-\u00eatre \u00eates-vous \u00e0 la recherche d\u2019id\u00e9es pour combler vos proches \u00e0 la fin de l\u2019ann\u00e9e !<\/strong><\/p>\n<p style=\"text-align: left;\">Voici quelques id\u00e9es pour vous aider : des livres vari\u00e9s, dr\u00f4les, de toute beaut\u00e9 ou pour voyager\u2026 leur point commun ? Nous les avons tous aim\u00e9s !<\/p>\n<p style=\"text-align: left;\"><strong>Pour les optimistes\u00a0<\/strong><\/p>\n<p style=\"text-align: left;\">Apr\u00e8s le succ\u00e8s mondial de Devenir, ses M\u00e9moires, l\u2019ancienne premi\u00e8re dame des \u00c9tats-Unis Michelle Obama partage avec nous des conseils, des histoires et des strat\u00e9gies efficaces pour rester optimistes et sereins face aux incertitudes du monde actuel. Revigorant !<\/p>\n<p style=\"text-align: left;\"><a href=\"https:\/\/t.communication.libraires-ensemble.com\/l2\/85K7t7E7e113\/358228\/4129938739.html?s=20\" target=\"_blank\" rel=\"noopener\">Commander sur le site<\/a><\/p>\n<p style=\"text-align: left;\"><strong>SOURCE : Librairie Charlemagne Toulon. <\/strong><\/p>\n","protected":false},"excerpt":{"rendered":"Le mois de d\u00e9cembre a d\u00e9j\u00e0 bien commenc\u00e9, et peut-\u00eatre \u00eates-vous \u00e0 la recherche d\u2019id\u00e9es pour combler vos&hellip;\n","protected":false},"author":2,"featured_media":601847,"comment_status":"","ping_status":"","sticky":false,"template":"","format":"standard","meta":{"footnotes":""},"categories":[9619],"tags":[1111,11,1777,674,1011,27,12,882,25,2310],"class_list":{"0":"post-601846","1":"post","2":"type-post","3":"status-publish","4":"format-standard","5":"has-post-thumbnail","7":"category-toulon","8":"tag-actu","9":"tag-actualites","10":"tag-eu","11":"tag-europe","12":"tag-fr","13":"tag-france","14":"tag-news","15":"tag-provence-alpes-cote-dazur","16":"tag-republique-francaise","17":"tag-toulon"},"share_on_mastodon":{"url":"https:\/\/pubeurope.com\/@fr\/115726257004742298","error":""},"_links":{"self":[{"href":"https:\/\/www.europesays.com\/fr\/wp-json\/wp\/v2\/posts\/601846","targetHints":{"allow":["GET"]}}],"collection":[{"href":"https:\/\/www.europesays.com\/fr\/wp-json\/wp\/v2\/posts"}],"about":[{"href":"https:\/\/www.europesays.com\/fr\/wp-json\/wp\/v2\/types\/post"}],"author":[{"embeddable":true,"href":"https:\/\/www.europesays.com\/fr\/wp-json\/wp\/v2\/users\/2"}],"replies":[{"embeddable":true,"href":"https:\/\/www.europesays.com\/fr\/wp-json\/wp\/v2\/comments?post=601846"}],"version-history":[{"count":0,"href":"https:\/\/www.europesays.com\/fr\/wp-json\/wp\/v2\/posts\/601846\/revisions"}],"wp:featuredmedia":[{"embeddable":true,"href":"https:\/\/www.europesays.com\/fr\/wp-json\/wp\/v2\/media\/601847"}],"wp:attachment":[{"href":"https:\/\/www.europesays.com\/fr\/wp-json\/wp\/v2\/media?parent=601846"}],"wp:term":[{"taxonomy":"category","embeddable":true,"href":"https:\/\/www.europesays.com\/fr\/wp-json\/wp\/v2\/categories?post=601846"},{"taxonomy":"post_tag","embeddable":true,"href":"https:\/\/www.europesays.com\/fr\/wp-json\/wp\/v2\/tags?post=601846"}],"curies":[{"name":"wp","href":"https:\/\/api.w.org\/{rel}","templated":true}]}}